{"id":4736,"date":"2017-10-27T13:20:24","date_gmt":"2017-10-27T11:20:24","guid":{"rendered":"http:\/\/agora.xtec.cat\/ceip-alberich\/?p=4736"},"modified":"2017-11-02T08:33:39","modified_gmt":"2017-11-02T07:33:39","slug":"els-nens-i-nenes-de-2n-aprenem-com-menjar-mes-sa","status":"publish","type":"post","link":"https:\/\/agora.xtec.cat\/ceip-alberich\/lescola\/els-nens-i-nenes-de-2n-aprenem-com-menjar-mes-sa\/","title":{"rendered":"Ens visita la dietista Clara Alegret a 2n"},"content":{"rendered":"<p>Els nens i les nenes de segon estem estudiant l\u2019alimentaci\u00f3 i com elaborar men\u00fas saludables.<\/p>\n<p>Avui divendres, hem\u00a0apr\u00e8s\u00a0moltes coses gr\u00e0cies a la col\u00b7laboraci\u00f3 de la dietista Clara Alegret. Ella ens ha explicat quines condicions ha de reunir un bon men\u00fa, quines funcions fan els diferents grups d\u2019aliments i tamb\u00e9 la necessitat de reduir el consum de sucre i ser conscients de la quantitat que en podem prendre.<\/p>\n<p>Tot plegat ha estat una gran lli\u00e7\u00f3! Moltes gr\u00e0cies Clara!<\/p>\n<p>&nbsp;<\/p>\n<p><img loading=\"lazy\" decoding=\"async\" class=\" wp-image-4743 alignnone\" src=\"http:\/\/agora.xtec.cat\/ceip-alberich\/wp-content\/uploads\/usu832\/2017\/10\/IMG_0263-1024x768.jpg\" alt=\"\" width=\"241\" height=\"181\" srcset=\"https:\/\/agora.xtec.cat\/ceip-alberich\/wp-content\/uploads\/usu832\/2017\/10\/IMG_0263-1024x768.jpg 1024w, https:\/\/agora.xtec.cat\/ceip-alberich\/wp-content\/uploads\/usu832\/2017\/10\/IMG_0263-300x225.jpg 300w, https:\/\/agora.xtec.cat\/ceip-alberich\/wp-content\/uploads\/usu832\/2017\/10\/IMG_0263-768x576.jpg 768w, https:\/\/agora.xtec.cat\/ceip-alberich\/wp-content\/uploads\/usu832\/2017\/10\/IMG_0263-200x150.jpg 200w, https:\/\/agora.xtec.cat\/ceip-alberich\/wp-content\/uploads\/usu832\/2017\/10\/IMG_0263.jpg 2000w\" sizes=\"auto, (max-width: 241px) 100vw, 241px\" \/> <img loading=\"lazy\" decoding=\"async\" class=\" wp-image-4744 alignnone\" src=\"http:\/\/agora.xtec.cat\/ceip-alberich\/wp-content\/uploads\/usu832\/2017\/10\/IMG_0265-1024x768.jpg\" alt=\"\" width=\"242\" height=\"182\" srcset=\"https:\/\/agora.xtec.cat\/ceip-alberich\/wp-content\/uploads\/usu832\/2017\/10\/IMG_0265-1024x768.jpg 1024w, https:\/\/agora.xtec.cat\/ceip-alberich\/wp-content\/uploads\/usu832\/2017\/10\/IMG_0265-300x225.jpg 300w, https:\/\/agora.xtec.cat\/ceip-alberich\/wp-content\/uploads\/usu832\/2017\/10\/IMG_0265-768x576.jpg 768w, https:\/\/agora.xtec.cat\/ceip-alberich\/wp-content\/uploads\/usu832\/2017\/10\/IMG_0265-200x150.jpg 200w, https:\/\/agora.xtec.cat\/ceip-alberich\/wp-content\/uploads\/usu832\/2017\/10\/IMG_0265.jpg 2000w\" sizes=\"auto, (max-width: 242px) 100vw, 242px\" \/>\u00a0 <img loading=\"lazy\" decoding=\"async\" class=\" wp-image-4745 alignnone\" src=\"http:\/\/agora.xtec.cat\/ceip-alberich\/wp-content\/uploads\/usu832\/2017\/10\/IMG_0291-1024x768.jpg\" alt=\"\" width=\"241\" height=\"181\" srcset=\"https:\/\/agora.xtec.cat\/ceip-alberich\/wp-content\/uploads\/usu832\/2017\/10\/IMG_0291-1024x768.jpg 1024w, https:\/\/agora.xtec.cat\/ceip-alberich\/wp-content\/uploads\/usu832\/2017\/10\/IMG_0291-300x225.jpg 300w, https:\/\/agora.xtec.cat\/ceip-alberich\/wp-content\/uploads\/usu832\/2017\/10\/IMG_0291-768x576.jpg 768w, https:\/\/agora.xtec.cat\/ceip-alberich\/wp-content\/uploads\/usu832\/2017\/10\/IMG_0291-200x150.jpg 200w, https:\/\/agora.xtec.cat\/ceip-alberich\/wp-content\/uploads\/usu832\/2017\/10\/IMG_0291.jpg 2000w\" sizes=\"auto, (max-width: 241px) 100vw, 241px\" \/><\/p>\n<p>M\u00e9s imatges a\u00a0<a href=\"https:\/\/photos.app.goo.gl\/5R95g7r8zEIU1Fzf2\">https:\/\/photos.app.goo.gl\/5R95g7r8zEIU1Fzf2<\/a><\/p>\n<p>&nbsp;<\/p>\n","protected":false},"excerpt":{"rendered":"<p>Els nens i les nenes de segon estem estudiant l\u2019alimentaci\u00f3 i com elaborar men\u00fas saludables. Avui divendres, hem\u00a0apr\u00e8s\u00a0moltes coses gr\u00e0cies a la col\u00b7laboraci\u00f3 de la dietista Clara Alegret. Ella ens ha explicat quines condicions ha de reunir un bon men\u00fa, quines funcions fan els diferents grups d\u2019aliments i tamb\u00e9 la necessitat de reduir el consum [&hellip;]<\/p>\n","protected":false},"author":1,"featured_media":4737,"comment_status":"open","ping_status":"closed","sticky":false,"template":"","format":"standard","meta":{"_bbp_topic_count":0,"_bbp_reply_count":0,"_bbp_total_topic_count":0,"_bbp_total_reply_count":0,"_bbp_voice_count":0,"_bbp_anonymous_reply_count":0,"_bbp_topic_count_hidden":0,"_bbp_reply_count_hidden":0,"_bbp_forum_subforum_count":0,"site-sidebar-layout":"default","site-content-layout":"","ast-site-content-layout":"","site-content-style":"default","site-sidebar-style":"default","ast-global-header-display":"","ast-banner-title-visibility":"","ast-main-header-display":"","ast-hfb-above-header-display":"","ast-hfb-below-header-display":"","ast-hfb-mobile-header-display":"","site-post-title":"","ast-breadcrumbs-content":"","ast-featured-img":"","footer-sml-layout":"","theme-transparent-header-meta":"","adv-header-id-meta":"","stick-header-meta":"","header-above-stick-meta":"","header-main-stick-meta":"","header-below-stick-meta":"","astra-migrate-meta-layouts":"default","ast-page-background-enabled":"default","ast-page-background-meta":{"desktop":{"background-color":"var(--ast-global-color-5)","background-image":"","background-repeat":"repeat","background-position":"center center","background-size":"auto","background-attachment":"scroll","background-type":"","background-media":"","overlay-type":"","overlay-color":"","overlay-opacity":"","overlay-gradient":""},"tablet":{"background-color":"","background-image":"","background-repeat":"repeat","background-position":"center center","background-size":"auto","background-attachment":"scroll","background-type":"","background-media":"","overlay-type":"","overlay-color":"","overlay-opacity":"","overlay-gradient":""},"mobile":{"background-color":"","background-image":"","background-repeat":"repeat","background-position":"center center","background-size":"auto","background-attachment":"scroll","background-type":"","background-media":"","overlay-type":"","overlay-color":"","overlay-opacity":"","overlay-gradient":""}},"ast-content-background-meta":{"desktop":{"background-color":"var(--ast-global-color-4)","background-image":"","background-repeat":"repeat","background-position":"center center","background-size":"auto","background-attachment":"scroll","background-type":"","background-media":"","overlay-type":"","overlay-color":"","overlay-opacity":"","overlay-gradient":""},"tablet":{"background-color":"var(--ast-global-color-4)","background-image":"","background-repeat":"repeat","background-position":"center center","background-size":"auto","background-attachment":"scroll","background-type":"","background-media":"","overlay-type":"","overlay-color":"","overlay-opacity":"","overlay-gradient":""},"mobile":{"background-color":"var(--ast-global-color-4)","background-image":"","background-repeat":"repeat","background-position":"center center","background-size":"auto","background-attachment":"scroll","background-type":"","background-media":"","overlay-type":"","overlay-color":"","overlay-opacity":"","overlay-gradient":""}},"footnotes":""},"categories":[1,47],"tags":[],"class_list":["post-4736","post","type-post","status-publish","format-standard","has-post-thumbnail","hentry","category-lescola","category-mitjans"],"post_mailing_queue_ids":[],"_links":{"self":[{"href":"https:\/\/agora.xtec.cat\/ceip-alberich\/wp-json\/wp\/v2\/posts\/4736","targetHints":{"allow":["GET"]}}],"collection":[{"href":"https:\/\/agora.xtec.cat\/ceip-alberich\/wp-json\/wp\/v2\/posts"}],"about":[{"href":"https:\/\/agora.xtec.cat\/ceip-alberich\/wp-json\/wp\/v2\/types\/post"}],"author":[{"embeddable":true,"href":"https:\/\/agora.xtec.cat\/ceip-alberich\/wp-json\/wp\/v2\/users\/1"}],"replies":[{"embeddable":true,"href":"https:\/\/agora.xtec.cat\/ceip-alberich\/wp-json\/wp\/v2\/comments?post=4736"}],"version-history":[{"count":4,"href":"https:\/\/agora.xtec.cat\/ceip-alberich\/wp-json\/wp\/v2\/posts\/4736\/revisions"}],"predecessor-version":[{"id":4761,"href":"https:\/\/agora.xtec.cat\/ceip-alberich\/wp-json\/wp\/v2\/posts\/4736\/revisions\/4761"}],"wp:featuredmedia":[{"embeddable":true,"href":"https:\/\/agora.xtec.cat\/ceip-alberich\/wp-json\/wp\/v2\/media\/4737"}],"wp:attachment":[{"href":"https:\/\/agora.xtec.cat\/ceip-alberich\/wp-json\/wp\/v2\/media?parent=4736"}],"wp:term":[{"taxonomy":"category","embeddable":true,"href":"https:\/\/agora.xtec.cat\/ceip-alberich\/wp-json\/wp\/v2\/categories?post=4736"},{"taxonomy":"post_tag","embeddable":true,"href":"https:\/\/agora.xtec.cat\/ceip-alberich\/wp-json\/wp\/v2\/tags?post=4736"}],"curies":[{"name":"wp","href":"https:\/\/api.w.org\/{rel}","templated":true}]}}