{"id":4328,"date":"2017-04-05T09:30:02","date_gmt":"2017-04-05T07:30:02","guid":{"rendered":"http:\/\/agora.xtec.cat\/ceip-alberich\/?p=4328"},"modified":"2017-04-05T09:42:54","modified_gmt":"2017-04-05T07:42:54","slug":"sortida-alberika-lampolla-bassa-de-les-olles-942017","status":"publish","type":"post","link":"https:\/\/agora.xtec.cat\/ceip-alberich\/lescola\/sortida-alberika-lampolla-bassa-de-les-olles-942017\/","title":{"rendered":"Sortida Alberika: L\u2019Ampolla, Bassa de les Olles (9\/4\/2017)"},"content":{"rendered":"<p><a href=\"http:\/\/www.viulebre.com\/espais_naturals\/bassa-de-les-olles\"><img loading=\"lazy\" decoding=\"async\" class=\"size-full wp-image-4329 aligncenter\" src=\"http:\/\/agora.xtec.cat\/ceip-alberich\/wp-content\/uploads\/usu832\/2017\/04\/70530166302.jpg\" alt=\"70530166302\" width=\"590\" height=\"282\" srcset=\"https:\/\/agora.xtec.cat\/ceip-alberich\/wp-content\/uploads\/usu832\/2017\/04\/70530166302.jpg 590w, https:\/\/agora.xtec.cat\/ceip-alberich\/wp-content\/uploads\/usu832\/2017\/04\/70530166302-300x143.jpg 300w\" sizes=\"auto, (max-width: 590px) 100vw, 590px\" \/><\/a><\/p>\n<h6 style=\"text-align: center;margin-top: -20px;margin-bottom: 30px\">Imatge obtinguda de la web<a href=\"http:\/\/www.viulebre.com\/espais_naturals\/bassa-de-les-olles\"> ViuL&#8217;ebre<\/a><\/h6>\n<p><strong>L\u2019Ampolla: Bassa de les Olles<\/strong><\/p>\n<ul>\n<li>Dist\u00e0ncia: 5,5 km<\/li>\n<li>Desnivell: ruta molt plana<\/li>\n<li>Dificultat: Baixa<\/li>\n<li>Sortida: <strong>a les 9:00h<\/strong> des de l\u2019escola<\/li>\n<\/ul>\n<p>Informaci\u00f3:<br \/>\nItinerari circular pel per\u00edmetre de la Bassa de les Olles, la llacuna m\u00e9s petita del Parc Natural del Delta de l\u2019Ebre. Situada entre arrossars i les dunes, a tocar de la platja, aquesta llacuna acull una important poblaci\u00f3 nidificant d&#8217;aus aqu\u00e0tiques, com flamencs, \u00e0necs coll-verds, i altres. Hi ha zona de p\u00edcnic.<\/p>\n<p>M\u00e9s informaci\u00f3 a: <a href=\"http:\/\/www.bassalesolles.com\/catala\/inici\/\">http:\/\/www.bassalesolles.com\/catala\/inici\/<\/a><\/p>\n<p>Tel. Contacte: 676 004 396 (Jordi)<br \/>\n<a href=\"mailto:somalberikus@gmail.com\">somalberikus@gmail.com<\/a><br \/>\nSortida organitzada per l\u2019AMIPA conjuntament amb el grup de Senderisme Alberikus<\/p>\n","protected":false},"excerpt":{"rendered":"<p>Imatge obtinguda de la web ViuL&#8217;ebre L\u2019Ampolla: Bassa de les Olles Dist\u00e0ncia: 5,5 km Desnivell: ruta molt plana Dificultat: Baixa Sortida: a les 9:00h des de l\u2019escola Informaci\u00f3: Itinerari circular pel per\u00edmetre de la Bassa de les Olles, la llacuna m\u00e9s petita del Parc Natural del Delta de l\u2019Ebre. Situada entre arrossars i les dunes, [&hellip;]<\/p>\n","protected":false},"author":1,"featured_media":4329,"comment_status":"open","ping_status":"open","sticky":false,"template":"","format":"standard","meta":{"_bbp_topic_count":0,"_bbp_reply_count":0,"_bbp_total_topic_count":0,"_bbp_total_reply_count":0,"_bbp_voice_count":0,"_bbp_anonymous_reply_count":0,"_bbp_topic_count_hidden":0,"_bbp_reply_count_hidden":0,"_bbp_forum_subforum_count":0,"site-sidebar-layout":"default","site-content-layout":"","ast-site-content-layout":"","site-content-style":"default","site-sidebar-style":"default","ast-global-header-display":"","ast-banner-title-visibility":"","ast-main-header-display":"","ast-hfb-above-header-display":"","ast-hfb-below-header-display":"","ast-hfb-mobile-header-display":"","site-post-title":"","ast-breadcrumbs-content":"","ast-featured-img":"","footer-sml-layout":"","theme-transparent-header-meta":"","adv-header-id-meta":"","stick-header-meta":"","header-above-stick-meta":"","header-main-stick-meta":"","header-below-stick-meta":"","astra-migrate-meta-layouts":"default","ast-page-background-enabled":"default","ast-page-background-meta":{"desktop":{"background-color":"var(--ast-global-color-5)","background-image":"","background-repeat":"repeat","background-position":"center center","background-size":"auto","background-attachment":"scroll","background-type":"","background-media":"","overlay-type":"","overlay-color":"","overlay-opacity":"","overlay-gradient":""},"tablet":{"background-color":"","background-image":"","background-repeat":"repeat","background-position":"center center","background-size":"auto","background-attachment":"scroll","background-type":"","background-media":"","overlay-type":"","overlay-color":"","overlay-opacity":"","overlay-gradient":""},"mobile":{"background-color":"","background-image":"","background-repeat":"repeat","background-position":"center center","background-size":"auto","background-attachment":"scroll","background-type":"","background-media":"","overlay-type":"","overlay-color":"","overlay-opacity":"","overlay-gradient":""}},"ast-content-background-meta":{"desktop":{"background-color":"var(--ast-global-color-4)","background-image":"","background-repeat":"repeat","background-position":"center center","background-size":"auto","background-attachment":"scroll","background-type":"","background-media":"","overlay-type":"","overlay-color":"","overlay-opacity":"","overlay-gradient":""},"tablet":{"background-color":"var(--ast-global-color-4)","background-image":"","background-repeat":"repeat","background-position":"center center","background-size":"auto","background-attachment":"scroll","background-type":"","background-media":"","overlay-type":"","overlay-color":"","overlay-opacity":"","overlay-gradient":""},"mobile":{"background-color":"var(--ast-global-color-4)","background-image":"","background-repeat":"repeat","background-position":"center center","background-size":"auto","background-attachment":"scroll","background-type":"","background-media":"","overlay-type":"","overlay-color":"","overlay-opacity":"","overlay-gradient":""}},"footnotes":""},"categories":[1],"tags":[],"class_list":["post-4328","post","type-post","status-publish","format-standard","has-post-thumbnail","hentry","category-lescola"],"post_mailing_queue_ids":[],"_links":{"self":[{"href":"https:\/\/agora.xtec.cat\/ceip-alberich\/wp-json\/wp\/v2\/posts\/4328","targetHints":{"allow":["GET"]}}],"collection":[{"href":"https:\/\/agora.xtec.cat\/ceip-alberich\/wp-json\/wp\/v2\/posts"}],"about":[{"href":"https:\/\/agora.xtec.cat\/ceip-alberich\/wp-json\/wp\/v2\/types\/post"}],"author":[{"embeddable":true,"href":"https:\/\/agora.xtec.cat\/ceip-alberich\/wp-json\/wp\/v2\/users\/1"}],"replies":[{"embeddable":true,"href":"https:\/\/agora.xtec.cat\/ceip-alberich\/wp-json\/wp\/v2\/comments?post=4328"}],"version-history":[{"count":2,"href":"https:\/\/agora.xtec.cat\/ceip-alberich\/wp-json\/wp\/v2\/posts\/4328\/revisions"}],"predecessor-version":[{"id":4331,"href":"https:\/\/agora.xtec.cat\/ceip-alberich\/wp-json\/wp\/v2\/posts\/4328\/revisions\/4331"}],"wp:featuredmedia":[{"embeddable":true,"href":"https:\/\/agora.xtec.cat\/ceip-alberich\/wp-json\/wp\/v2\/media\/4329"}],"wp:attachment":[{"href":"https:\/\/agora.xtec.cat\/ceip-alberich\/wp-json\/wp\/v2\/media?parent=4328"}],"wp:term":[{"taxonomy":"category","embeddable":true,"href":"https:\/\/agora.xtec.cat\/ceip-alberich\/wp-json\/wp\/v2\/categories?post=4328"},{"taxonomy":"post_tag","embeddable":true,"href":"https:\/\/agora.xtec.cat\/ceip-alberich\/wp-json\/wp\/v2\/tags?post=4328"}],"curies":[{"name":"wp","href":"https:\/\/api.w.org\/{rel}","templated":true}]}}