{"id":3422,"date":"2015-11-29T10:02:16","date_gmt":"2015-11-29T09:02:16","guid":{"rendered":"http:\/\/blocs.xtec.cat\/alberich\/?p=3422"},"modified":"2015-11-29T10:02:16","modified_gmt":"2015-11-29T09:02:16","slug":"xerrada-coneixem-els-habits-per-una-bona-salut-infantil","status":"publish","type":"post","link":"https:\/\/agora.xtec.cat\/ceip-alberich\/lescola\/xerrada-coneixem-els-habits-per-una-bona-salut-infantil\/","title":{"rendered":"Xerrada &#8220;Coneixem els h\u00e0bits per una bona salut infantil ?&#8221;"},"content":{"rendered":"<p>Benvolguts pares,<\/p>\n<p>Iniciem la primera de les xerrades per pares i mares del curs escolar 2015-16 a l&#8217;escola del Dr. Alberich i Casas.<br \/>\nEl proper dijous dia 3 de novembre, amb la col\u00b7laboraci\u00f3 de Sandra Paix\u00e0, infermera i mare de l&#8217;escola, ens explicar\u00e0 com con\u00e8ixer els h\u00e0bits per una bona salut infantil.<br \/>\nUs esperem el proper dijous a les 15:15h a la Sala de Audiovisuals de l&#8217;escola.<br \/>\nPer apuntar-vos utilitzeu el servei de Whatsapp de la classe, es GRATU\u00cfT.<\/p>\n<p>La Junta AMIPA<\/p>\n<p><span style=\"color: #ff6600;\"><strong>Coneixem els h\u00e0bits per una bona salut infantil ?<\/strong><\/span><br \/>\n<img loading=\"lazy\" decoding=\"async\" class=\"alignright  wp-image-3429\" style=\"margin-top: 0px; margin-bottom: 0px; margin-right: 150px; border: 0px none;\" src=\"http:\/\/agora.xtec.cat\/ceip-alberich\/wp-content\/uploads\/usu832\/2015\/11\/h\u00e0bits-salut.gif\" alt=\"h\u00e0bits salut\" width=\"171\" height=\"170\" \/><br \/>\nAdre\u00e7at a: Pares i mares<br \/>\nDia: Dijous 3 de desembre<br \/>\nHora: 15:15 hores a 16:15 hores<br \/>\nLloc: Sala audiovisuals<br \/>\nA c\u00e0rrec de: Sandra Paix\u00e0, infermera.<\/p>\n<p><em>Petits detalls del dia a dia fan que els nostres infants arribin a adults amb una Bona Salut.<\/em><\/p>\n<p>Assist\u00e8ncia gratu\u00efta. Cal inscriure&#8217;s pr\u00e8viament a l&#8217;AMIPA (delegats classe).<\/p>\n","protected":false},"excerpt":{"rendered":"<p>Benvolguts pares, Iniciem la primera de les xerrades per pares i mares del curs escolar 2015-16 a l&#8217;escola del Dr. Alberich i Casas. El proper dijous dia 3 de novembre, amb la col\u00b7laboraci\u00f3 de Sandra Paix\u00e0, infermera i mare de l&#8217;escola, ens explicar\u00e0 com con\u00e8ixer els h\u00e0bits per una bona salut infantil. Us esperem el [&hellip;]<\/p>\n","protected":false},"author":1,"featured_media":0,"comment_status":"open","ping_status":"open","sticky":false,"template":"","format":"standard","meta":{"_bbp_topic_count":0,"_bbp_reply_count":0,"_bbp_total_topic_count":0,"_bbp_total_reply_count":0,"_bbp_voice_count":0,"_bbp_anonymous_reply_count":0,"_bbp_topic_count_hidden":0,"_bbp_reply_count_hidden":0,"_bbp_forum_subforum_count":0,"site-sidebar-layout":"default","site-content-layout":"","ast-site-content-layout":"","site-content-style":"default","site-sidebar-style":"default","ast-global-header-display":"","ast-banner-title-visibility":"","ast-main-header-display":"","ast-hfb-above-header-display":"","ast-hfb-below-header-display":"","ast-hfb-mobile-header-display":"","site-post-title":"","ast-breadcrumbs-content":"","ast-featured-img":"","footer-sml-layout":"","theme-transparent-header-meta":"","adv-header-id-meta":"","stick-header-meta":"","header-above-stick-meta":"","header-main-stick-meta":"","header-below-stick-meta":"","astra-migrate-meta-layouts":"default","ast-page-background-enabled":"default","ast-page-background-meta":{"desktop":{"background-color":"var(--ast-global-color-5)","background-image":"","background-repeat":"repeat","background-position":"center center","background-size":"auto","background-attachment":"scroll","background-type":"","background-media":"","overlay-type":"","overlay-color":"","overlay-opacity":"","overlay-gradient":""},"tablet":{"background-color":"","background-image":"","background-repeat":"repeat","background-position":"center center","background-size":"auto","background-attachment":"scroll","background-type":"","background-media":"","overlay-type":"","overlay-color":"","overlay-opacity":"","overlay-gradient":""},"mobile":{"background-color":"","background-image":"","background-repeat":"repeat","background-position":"center center","background-size":"auto","background-attachment":"scroll","background-type":"","background-media":"","overlay-type":"","overlay-color":"","overlay-opacity":"","overlay-gradient":""}},"ast-content-background-meta":{"desktop":{"background-color":"var(--ast-global-color-4)","background-image":"","background-repeat":"repeat","background-position":"center center","background-size":"auto","background-attachment":"scroll","background-type":"","background-media":"","overlay-type":"","overlay-color":"","overlay-opacity":"","overlay-gradient":""},"tablet":{"background-color":"var(--ast-global-color-4)","background-image":"","background-repeat":"repeat","background-position":"center center","background-size":"auto","background-attachment":"scroll","background-type":"","background-media":"","overlay-type":"","overlay-color":"","overlay-opacity":"","overlay-gradient":""},"mobile":{"background-color":"var(--ast-global-color-4)","background-image":"","background-repeat":"repeat","background-position":"center center","background-size":"auto","background-attachment":"scroll","background-type":"","background-media":"","overlay-type":"","overlay-color":"","overlay-opacity":"","overlay-gradient":""}},"footnotes":""},"categories":[1],"tags":[],"class_list":["post-3422","post","type-post","status-publish","format-standard","hentry","category-lescola"],"post_mailing_queue_ids":[],"_links":{"self":[{"href":"https:\/\/agora.xtec.cat\/ceip-alberich\/wp-json\/wp\/v2\/posts\/3422","targetHints":{"allow":["GET"]}}],"collection":[{"href":"https:\/\/agora.xtec.cat\/ceip-alberich\/wp-json\/wp\/v2\/posts"}],"about":[{"href":"https:\/\/agora.xtec.cat\/ceip-alberich\/wp-json\/wp\/v2\/types\/post"}],"author":[{"embeddable":true,"href":"https:\/\/agora.xtec.cat\/ceip-alberich\/wp-json\/wp\/v2\/users\/1"}],"replies":[{"embeddable":true,"href":"https:\/\/agora.xtec.cat\/ceip-alberich\/wp-json\/wp\/v2\/comments?post=3422"}],"version-history":[{"count":0,"href":"https:\/\/agora.xtec.cat\/ceip-alberich\/wp-json\/wp\/v2\/posts\/3422\/revisions"}],"wp:attachment":[{"href":"https:\/\/agora.xtec.cat\/ceip-alberich\/wp-json\/wp\/v2\/media?parent=3422"}],"wp:term":[{"taxonomy":"category","embeddable":true,"href":"https:\/\/agora.xtec.cat\/ceip-alberich\/wp-json\/wp\/v2\/categories?post=3422"},{"taxonomy":"post_tag","embeddable":true,"href":"https:\/\/agora.xtec.cat\/ceip-alberich\/wp-json\/wp\/v2\/tags?post=3422"}],"curies":[{"name":"wp","href":"https:\/\/api.w.org\/{rel}","templated":true}]}}