{"id":2999,"date":"2014-12-01T11:18:14","date_gmt":"2014-12-01T10:18:14","guid":{"rendered":"http:\/\/blocs.xtec.cat\/alberich\/?p=2999"},"modified":"2014-12-01T11:18:14","modified_gmt":"2014-12-01T10:18:14","slug":"lalberich-i-casas-i-la-marato-de-tv3","status":"publish","type":"post","link":"https:\/\/agora.xtec.cat\/ceip-alberich\/lescola\/lalberich-i-casas-i-la-marato-de-tv3\/","title":{"rendered":"L&#8217;Alberich i Casas a la marat\u00f3 de TV3"},"content":{"rendered":"<p><a href=\"http:\/\/www.tv3.cat\/marato\/\"><img loading=\"lazy\" decoding=\"async\" class=\"aligncenter size-full wp-image-3002\" style=\"border-style: none;\" src=\"http:\/\/agora.xtec.cat\/ceip-alberich\/wp-content\/uploads\/usu832\/2014\/12\/marato_2014.jpg\" alt=\"marato_2014\" width=\"230\" height=\"147\" border=\"0\" \/><\/a>Des de l&#8217;Alberich i Casas <strong>vine a caminar per les malalties del cor<\/strong> en suport a <a href=\"http:\/\/www.tv3.cat\/marato\/\">la Marat\u00f3 de TV3<\/a> <strong>.<\/strong> L&#8217;acte ser\u00e0 el diumenge 14 de desembre a les 10:00 del mat\u00ed. El recorregut ser\u00e0 el seg\u00fcent:<\/p>\n<p><a href=\"https:\/\/drive.google.com\/file\/d\/0B4fouJLj8OZkUUw5Y19JV2l2N1E\/view?usp=sharing\"><img loading=\"lazy\" decoding=\"async\" class=\"alignleft size-full wp-image-3000\" src=\"http:\/\/agora.xtec.cat\/ceip-alberich\/wp-content\/uploads\/usu832\/2014\/12\/acrtellmarato.png\" alt=\"acrtellmarato\" width=\"100\" height=\"147\" \/><\/a>Escola Alberich i Casas, Santuari Miseric\u00f2rdia, Cam\u00ed dels Morts, Cam\u00ed de la Pedra Estela, Camp de F\u00fatbol B. Montserrat, Carrer Flix, Carrer dels Velers, Parc del Lladoner, Cam\u00ed de la Pedra Estela, Avgda. Sant Bernat Calb\u00f3, Santuari Miseric\u00f2rdia, Escola Alberich i Casas. (Total uns 6 km.)<\/p>\n<p>Donatius al finalitzar l\u2019activitat.<\/p>\n<p><span style=\"color: #ff9900;\"><strong>Font<\/strong><\/span>: <strong>M\u00f2nica Callau<\/strong><\/p>\n","protected":false},"excerpt":{"rendered":"<p>Des de l&#8217;Alberich i Casas vine a caminar per les malalties del cor en suport a la Marat\u00f3 de TV3 . L&#8217;acte ser\u00e0 el diumenge 14 de desembre a les 10:00 del mat\u00ed. El recorregut ser\u00e0 el seg\u00fcent: Escola Alberich i Casas, Santuari Miseric\u00f2rdia, Cam\u00ed dels Morts, Cam\u00ed de la Pedra Estela, Camp de F\u00fatbol [&hellip;]<\/p>\n","protected":false},"author":1,"featured_media":0,"comment_status":"open","ping_status":"open","sticky":false,"template":"","format":"standard","meta":{"_bbp_topic_count":0,"_bbp_reply_count":0,"_bbp_total_topic_count":0,"_bbp_total_reply_count":0,"_bbp_voice_count":0,"_bbp_anonymous_reply_count":0,"_bbp_topic_count_hidden":0,"_bbp_reply_count_hidden":0,"_bbp_forum_subforum_count":0,"site-sidebar-layout":"default","site-content-layout":"","ast-site-content-layout":"","site-content-style":"default","site-sidebar-style":"default","ast-global-header-display":"","ast-banner-title-visibility":"","ast-main-header-display":"","ast-hfb-above-header-display":"","ast-hfb-below-header-display":"","ast-hfb-mobile-header-display":"","site-post-title":"","ast-breadcrumbs-content":"","ast-featured-img":"","footer-sml-layout":"","theme-transparent-header-meta":"","adv-header-id-meta":"","stick-header-meta":"","header-above-stick-meta":"","header-main-stick-meta":"","header-below-stick-meta":"","astra-migrate-meta-layouts":"default","ast-page-background-enabled":"default","ast-page-background-meta":{"desktop":{"background-color":"var(--ast-global-color-5)","background-image":"","background-repeat":"repeat","background-position":"center center","background-size":"auto","background-attachment":"scroll","background-type":"","background-media":"","overlay-type":"","overlay-color":"","overlay-opacity":"","overlay-gradient":""},"tablet":{"background-color":"","background-image":"","background-repeat":"repeat","background-position":"center center","background-size":"auto","background-attachment":"scroll","background-type":"","background-media":"","overlay-type":"","overlay-color":"","overlay-opacity":"","overlay-gradient":""},"mobile":{"background-color":"","background-image":"","background-repeat":"repeat","background-position":"center center","background-size":"auto","background-attachment":"scroll","background-type":"","background-media":"","overlay-type":"","overlay-color":"","overlay-opacity":"","overlay-gradient":""}},"ast-content-background-meta":{"desktop":{"background-color":"var(--ast-global-color-4)","background-image":"","background-repeat":"repeat","background-position":"center center","background-size":"auto","background-attachment":"scroll","background-type":"","background-media":"","overlay-type":"","overlay-color":"","overlay-opacity":"","overlay-gradient":""},"tablet":{"background-color":"var(--ast-global-color-4)","background-image":"","background-repeat":"repeat","background-position":"center center","background-size":"auto","background-attachment":"scroll","background-type":"","background-media":"","overlay-type":"","overlay-color":"","overlay-opacity":"","overlay-gradient":""},"mobile":{"background-color":"var(--ast-global-color-4)","background-image":"","background-repeat":"repeat","background-position":"center center","background-size":"auto","background-attachment":"scroll","background-type":"","background-media":"","overlay-type":"","overlay-color":"","overlay-opacity":"","overlay-gradient":""}},"footnotes":""},"categories":[1],"tags":[],"class_list":["post-2999","post","type-post","status-publish","format-standard","hentry","category-lescola"],"post_mailing_queue_ids":[],"_links":{"self":[{"href":"https:\/\/agora.xtec.cat\/ceip-alberich\/wp-json\/wp\/v2\/posts\/2999","targetHints":{"allow":["GET"]}}],"collection":[{"href":"https:\/\/agora.xtec.cat\/ceip-alberich\/wp-json\/wp\/v2\/posts"}],"about":[{"href":"https:\/\/agora.xtec.cat\/ceip-alberich\/wp-json\/wp\/v2\/types\/post"}],"author":[{"embeddable":true,"href":"https:\/\/agora.xtec.cat\/ceip-alberich\/wp-json\/wp\/v2\/users\/1"}],"replies":[{"embeddable":true,"href":"https:\/\/agora.xtec.cat\/ceip-alberich\/wp-json\/wp\/v2\/comments?post=2999"}],"version-history":[{"count":0,"href":"https:\/\/agora.xtec.cat\/ceip-alberich\/wp-json\/wp\/v2\/posts\/2999\/revisions"}],"wp:attachment":[{"href":"https:\/\/agora.xtec.cat\/ceip-alberich\/wp-json\/wp\/v2\/media?parent=2999"}],"wp:term":[{"taxonomy":"category","embeddable":true,"href":"https:\/\/agora.xtec.cat\/ceip-alberich\/wp-json\/wp\/v2\/categories?post=2999"},{"taxonomy":"post_tag","embeddable":true,"href":"https:\/\/agora.xtec.cat\/ceip-alberich\/wp-json\/wp\/v2\/tags?post=2999"}],"curies":[{"name":"wp","href":"https:\/\/api.w.org\/{rel}","templated":true}]}}