{"id":157,"date":"2012-05-16T23:06:40","date_gmt":"2012-05-16T21:06:40","guid":{"rendered":"http:\/\/blocs.xtec.cat\/alberichmusica\/?p=157"},"modified":"2012-05-16T23:06:40","modified_gmt":"2012-05-16T21:06:40","slug":"quan-entrem-escoltem-cancion-de-cuna-para-dormir-a-un-negrito","status":"publish","type":"post","link":"https:\/\/agora.xtec.cat\/ceip-alberich\/lescola\/quan-entrem-escoltem-cancion-de-cuna-para-dormir-a-un-negrito\/","title":{"rendered":"Quan entrem escoltem &#8230; &#8220;Canci\u00f3n de cuna para dormir a un negrito&#8221;"},"content":{"rendered":"<p>Com si res, estem acabant el curs, i no voliem deixar de retre homenatge a un dels compositors catalans m\u00e9s representatius de la nostra m\u00fasica, en Xavier Monsalvatge, del qual aquest 2012 se&#8217;n celebren els 100 anys del seu naixement. En Xavier Monsalvatge va n\u00e9ixer a Girona el 1912, i es va dedicar tant a la composici\u00f3 com a la cr\u00edtica musical. Se&#8217;l considera una de les figures claus de la m\u00fasica catalana de la segona meitat del segle XX.<br \/>\nLa pe\u00e7a que escoltem pertany a la seva obra m\u00e9s primerenca, ja que la va compondre al 1945, i forma part de les &#8220;Cinco canciones negras&#8221;. Curiosament ha estat l&#8217;obra de Monsalvatge m\u00e9s gravada.<br \/>\nA l&#8217;escola tenim la sort de poder-la escoltar en la versi\u00f3 cantada per Vict\u00f2ria dels \u00c0ngels, una del\u00edcia per a les o\u00efdes.<br \/>\nAqu\u00ed us oferim una versi\u00f3 de la soprano Ana Maria S\u00e1nchez, acompanyada del pianista Enrique P\u00e9rez de Guzm\u00e1n. Que en gaudiu tant com nosaltres!!!<\/p>\n<p><iframe loading=\"lazy\" width=\"420\" height=\"315\" src=\"http:\/\/www.youtube.com\/embed\/ZhOAXCbaHKA\" frameborder=\"0\"><\/iframe><\/p>\n","protected":false},"excerpt":{"rendered":"<p>Com si res, estem acabant el curs, i no voliem deixar de retre homenatge a un dels compositors catalans m\u00e9s representatius de la nostra m\u00fasica, en Xavier Monsalvatge, del qual aquest 2012 se&#8217;n celebren els 100 anys del seu naixement. En Xavier Monsalvatge va n\u00e9ixer a Girona el 1912, i es va dedicar tant a [&hellip;]<\/p>\n","protected":false},"author":1,"featured_media":0,"comment_status":"open","ping_status":"open","sticky":false,"template":"","format":"standard","meta":{"_bbp_topic_count":0,"_bbp_reply_count":0,"_bbp_total_topic_count":0,"_bbp_total_reply_count":0,"_bbp_voice_count":0,"_bbp_anonymous_reply_count":0,"_bbp_topic_count_hidden":0,"_bbp_reply_count_hidden":0,"_bbp_forum_subforum_count":0,"site-sidebar-layout":"default","site-content-layout":"","ast-site-content-layout":"","site-content-style":"default","site-sidebar-style":"default","ast-global-header-display":"","ast-banner-title-visibility":"","ast-main-header-display":"","ast-hfb-above-header-display":"","ast-hfb-below-header-display":"","ast-hfb-mobile-header-display":"","site-post-title":"","ast-breadcrumbs-content":"","ast-featured-img":"","footer-sml-layout":"","theme-transparent-header-meta":"","adv-header-id-meta":"","stick-header-meta":"","header-above-stick-meta":"","header-main-stick-meta":"","header-below-stick-meta":"","astra-migrate-meta-layouts":"default","ast-page-background-enabled":"default","ast-page-background-meta":{"desktop":{"background-color":"var(--ast-global-color-5)","background-image":"","background-repeat":"repeat","background-position":"center center","background-size":"auto","background-attachment":"scroll","background-type":"","background-media":"","overlay-type":"","overlay-color":"","overlay-opacity":"","overlay-gradient":""},"tablet":{"background-color":"","background-image":"","background-repeat":"repeat","background-position":"center center","background-size":"auto","background-attachment":"scroll","background-type":"","background-media":"","overlay-type":"","overlay-color":"","overlay-opacity":"","overlay-gradient":""},"mobile":{"background-color":"","background-image":"","background-repeat":"repeat","background-position":"center center","background-size":"auto","background-attachment":"scroll","background-type":"","background-media":"","overlay-type":"","overlay-color":"","overlay-opacity":"","overlay-gradient":""}},"ast-content-background-meta":{"desktop":{"background-color":"var(--ast-global-color-4)","background-image":"","background-repeat":"repeat","background-position":"center center","background-size":"auto","background-attachment":"scroll","background-type":"","background-media":"","overlay-type":"","overlay-color":"","overlay-opacity":"","overlay-gradient":""},"tablet":{"background-color":"var(--ast-global-color-4)","background-image":"","background-repeat":"repeat","background-position":"center center","background-size":"auto","background-attachment":"scroll","background-type":"","background-media":"","overlay-type":"","overlay-color":"","overlay-opacity":"","overlay-gradient":""},"mobile":{"background-color":"var(--ast-global-color-4)","background-image":"","background-repeat":"repeat","background-position":"center center","background-size":"auto","background-attachment":"scroll","background-type":"","background-media":"","overlay-type":"","overlay-color":"","overlay-opacity":"","overlay-gradient":""}},"footnotes":""},"categories":[1],"tags":[],"class_list":["post-157","post","type-post","status-publish","format-standard","hentry","category-lescola"],"post_mailing_queue_ids":[],"_links":{"self":[{"href":"https:\/\/agora.xtec.cat\/ceip-alberich\/wp-json\/wp\/v2\/posts\/157","targetHints":{"allow":["GET"]}}],"collection":[{"href":"https:\/\/agora.xtec.cat\/ceip-alberich\/wp-json\/wp\/v2\/posts"}],"about":[{"href":"https:\/\/agora.xtec.cat\/ceip-alberich\/wp-json\/wp\/v2\/types\/post"}],"author":[{"embeddable":true,"href":"https:\/\/agora.xtec.cat\/ceip-alberich\/wp-json\/wp\/v2\/users\/1"}],"replies":[{"embeddable":true,"href":"https:\/\/agora.xtec.cat\/ceip-alberich\/wp-json\/wp\/v2\/comments?post=157"}],"version-history":[{"count":0,"href":"https:\/\/agora.xtec.cat\/ceip-alberich\/wp-json\/wp\/v2\/posts\/157\/revisions"}],"wp:attachment":[{"href":"https:\/\/agora.xtec.cat\/ceip-alberich\/wp-json\/wp\/v2\/media?parent=157"}],"wp:term":[{"taxonomy":"category","embeddable":true,"href":"https:\/\/agora.xtec.cat\/ceip-alberich\/wp-json\/wp\/v2\/categories?post=157"},{"taxonomy":"post_tag","embeddable":true,"href":"https:\/\/agora.xtec.cat\/ceip-alberich\/wp-json\/wp\/v2\/tags?post=157"}],"curies":[{"name":"wp","href":"https:\/\/api.w.org\/{rel}","templated":true}]}}