{"id":814,"date":"2017-01-10T19:04:46","date_gmt":"2017-01-10T18:04:46","guid":{"rendered":"http:\/\/agora.xtec.cat\/ceip-aguimera-vendrell\/?p=814"},"modified":"2017-01-18T21:54:50","modified_gmt":"2017-01-18T20:54:50","slug":"cantem-nadales","status":"publish","type":"post","link":"https:\/\/agora.xtec.cat\/ceip-aguimera-vendrell\/general\/cantem-nadales\/","title":{"rendered":"Cantem Nadales"},"content":{"rendered":"<p>Com cada any, els nens i nenes de Cicle Inicial hem fet un concert a l&#8217;auditori de l&#8217;escola de m\u00fasica Pau Casals del Vendrell, on hi van poder venir les nostres fam\u00edlies. Cada curs vam cantar una can\u00e7\u00f3 en catal\u00e0, una en castell\u00e0 i una altra en angl\u00e8s, treballades durant aquest desembre per les tutores, els professors de m\u00fasica (Rakel i David) i la mestra \u00a0d&#8217;angl\u00e8s de Cicle Inicial, la Lioba.<\/p>\n<p>Tots an\u00e0vem molt guapos, amb jersei blanc i faldilla o pantalons blau mar\u00ed, i un divertit gorro de Pare Noel. \u00a0Els presentadors van fer molt b\u00e9 la seva feina. L&#8217;actuaci\u00f3 va ser un \u00e8xit. Aqu\u00ed en teniu uns <strong>v\u00eddeos<\/strong>, per si no hi v\u00e0reu poder anar&#8230; o per si ho voleu recordar!<\/p>\n<p><a href=\"https:\/\/goo.gl\/photos\/WhZvZTPNncNJgYur6\">Nadala de 1r El bon ti\u00f3\u00a0de Nadal<\/a><\/p>\n<p><a href=\"https:\/\/goo.gl\/photos\/TERPRDjNuCPgYMpr6\">Villancico de 1r \u00a0Tan tan<\/a><\/p>\n<p><a href=\"https:\/\/goo.gl\/photos\/cVqbLhuFTFB95NQQ8\">Christmas song 1r Christmas bell<\/a><\/p>\n<p><a href=\"https:\/\/goo.gl\/photos\/MhX9bcLcreVUu7A57\">Nadala de 2n El bon Jesuset<\/a><\/p>\n<p><a href=\"https:\/\/goo.gl\/photos\/Fw5abDAMXYN3Xy2bA\">Villancico de 2n Campana sobre campana<\/a><\/p>\n<p><a href=\"https:\/\/goo.gl\/photos\/G8voQyn4vukoarWM8\">Christmas song 2n\u00a0<\/a><\/p>\n","protected":false},"excerpt":{"rendered":"<p>Com cada any, els nens i nenes de Cicle Inicial hem fet un concert a l&#8217;auditori de l&#8217;escola de m\u00fasica Pau Casals del Vendrell, on hi van poder venir les nostres fam\u00edlies. Cada curs vam cantar una can\u00e7\u00f3 en catal\u00e0, una en castell\u00e0 i una altra en angl\u00e8s, treballades durant aquest desembre per les tutores, [&hellip;]<\/p>\n","protected":false},"author":1,"featured_media":817,"comment_status":"open","ping_status":"open","sticky":false,"template":"","format":"standard","meta":{"_bbp_topic_count":0,"_bbp_reply_count":0,"_bbp_total_topic_count":0,"_bbp_total_reply_count":0,"_bbp_voice_count":0,"_bbp_anonymous_reply_count":0,"_bbp_topic_count_hidden":0,"_bbp_reply_count_hidden":0,"_bbp_forum_subforum_count":0,"site-sidebar-layout":"default","site-content-layout":"","ast-site-content-layout":"","site-content-style":"default","site-sidebar-style":"default","ast-global-header-display":"","ast-banner-title-visibility":"","ast-main-header-display":"","ast-hfb-above-header-display":"","ast-hfb-below-header-display":"","ast-hfb-mobile-header-display":"","site-post-title":"","ast-breadcrumbs-content":"","ast-featured-img":"","footer-sml-layout":"","theme-transparent-header-meta":"","adv-header-id-meta":"","stick-header-meta":"","header-above-stick-meta":"","header-main-stick-meta":"","header-below-stick-meta":"","astra-migrate-meta-layouts":"default","ast-page-background-enabled":"default","ast-page-background-meta":{"desktop":{"background-color":"var(--ast-global-color-4)","background-image":"","background-repeat":"repeat","background-position":"center center","background-size":"auto","background-attachment":"scroll","background-type":"","background-media":"","overlay-type":"","overlay-color":"","overlay-opacity":"","overlay-gradient":""},"tablet":{"background-color":"","background-image":"","background-repeat":"repeat","background-position":"center center","background-size":"auto","background-attachment":"scroll","background-type":"","background-media":"","overlay-type":"","overlay-color":"","overlay-opacity":"","overlay-gradient":""},"mobile":{"background-color":"","background-image":"","background-repeat":"repeat","background-position":"center center","background-size":"auto","background-attachment":"scroll","background-type":"","background-media":"","overlay-type":"","overlay-color":"","overlay-opacity":"","overlay-gradient":""}},"ast-content-background-meta":{"desktop":{"background-color":"var(--ast-global-color-5)","background-image":"","background-repeat":"repeat","background-position":"center center","background-size":"auto","background-attachment":"scroll","background-type":"","background-media":"","overlay-type":"","overlay-color":"","overlay-opacity":"","overlay-gradient":""},"tablet":{"background-color":"var(--ast-global-color-5)","background-image":"","background-repeat":"repeat","background-position":"center center","background-size":"auto","background-attachment":"scroll","background-type":"","background-media":"","overlay-type":"","overlay-color":"","overlay-opacity":"","overlay-gradient":""},"mobile":{"background-color":"var(--ast-global-color-5)","background-image":"","background-repeat":"repeat","background-position":"center center","background-size":"auto","background-attachment":"scroll","background-type":"","background-media":"","overlay-type":"","overlay-color":"","overlay-opacity":"","overlay-gradient":""}},"footnotes":""},"categories":[10,11,1,4,5],"tags":[],"class_list":["post-814","post","type-post","status-publish","format-standard","has-post-thumbnail","hentry","category-1r","category-2n","category-general","category-portada","category-primaria"],"post_mailing_queue_ids":[],"_links":{"self":[{"href":"https:\/\/agora.xtec.cat\/ceip-aguimera-vendrell\/wp-json\/wp\/v2\/posts\/814","targetHints":{"allow":["GET"]}}],"collection":[{"href":"https:\/\/agora.xtec.cat\/ceip-aguimera-vendrell\/wp-json\/wp\/v2\/posts"}],"about":[{"href":"https:\/\/agora.xtec.cat\/ceip-aguimera-vendrell\/wp-json\/wp\/v2\/types\/post"}],"author":[{"embeddable":true,"href":"https:\/\/agora.xtec.cat\/ceip-aguimera-vendrell\/wp-json\/wp\/v2\/users\/1"}],"replies":[{"embeddable":true,"href":"https:\/\/agora.xtec.cat\/ceip-aguimera-vendrell\/wp-json\/wp\/v2\/comments?post=814"}],"version-history":[{"count":3,"href":"https:\/\/agora.xtec.cat\/ceip-aguimera-vendrell\/wp-json\/wp\/v2\/posts\/814\/revisions"}],"predecessor-version":[{"id":819,"href":"https:\/\/agora.xtec.cat\/ceip-aguimera-vendrell\/wp-json\/wp\/v2\/posts\/814\/revisions\/819"}],"wp:featuredmedia":[{"embeddable":true,"href":"https:\/\/agora.xtec.cat\/ceip-aguimera-vendrell\/wp-json\/wp\/v2\/media\/817"}],"wp:attachment":[{"href":"https:\/\/agora.xtec.cat\/ceip-aguimera-vendrell\/wp-json\/wp\/v2\/media?parent=814"}],"wp:term":[{"taxonomy":"category","embeddable":true,"href":"https:\/\/agora.xtec.cat\/ceip-aguimera-vendrell\/wp-json\/wp\/v2\/categories?post=814"},{"taxonomy":"post_tag","embeddable":true,"href":"https:\/\/agora.xtec.cat\/ceip-aguimera-vendrell\/wp-json\/wp\/v2\/tags?post=814"}],"curies":[{"name":"wp","href":"https:\/\/api.w.org\/{rel}","templated":true}]}}