{"id":8041,"date":"2026-01-30T14:50:27","date_gmt":"2026-01-30T13:50:27","guid":{"rendered":"https:\/\/agora.xtec.cat\/ceip-aguimera-vendrell\/?p=8041"},"modified":"2026-01-30T14:50:27","modified_gmt":"2026-01-30T13:50:27","slug":"dia-de-la-pau-i-la-no-violencia-30-de-gener","status":"publish","type":"post","link":"https:\/\/agora.xtec.cat\/ceip-aguimera-vendrell\/general\/dia-de-la-pau-i-la-no-violencia-30-de-gener\/","title":{"rendered":"DIA DE LA PAU I LA NO VIOL\u00c8NCIA 30 de gener"},"content":{"rendered":"<p data-start=\"188\" data-end=\"374\">Des de la <strong data-start=\"198\" data-end=\"224\">Comissi\u00f3 de Biblioteca<\/strong> s\u2019ha impulsat una <strong data-start=\"243\" data-end=\"275\">activitat conjunta de centre<\/strong> amb l\u2019objectiu de fomentar la reflexi\u00f3, la conviv\u00e8ncia i els valors de la pau entre tot l\u2019alumnat.<\/p>\n<p data-start=\"376\" data-end=\"741\">Cada aula ha rebut <strong data-start=\"392\" data-end=\"413\">una pe\u00e7a de puzle<\/strong>, que ser\u00e0 treballada de manera col\u00b7lectiva. El <strong data-start=\"461\" data-end=\"483\">mestre o la mestra<\/strong>, juntament amb el <strong data-start=\"502\" data-end=\"517\">grup classe<\/strong>, convidar\u00e0 l\u2019alumnat a omplir-la amb <strong data-start=\"555\" data-end=\"614\">paraules boniques, missatges positius o desitjos de pau<\/strong>. Aquesta proposta pret\u00e9n donar veu als infants i afavorir l\u2019expressi\u00f3 d\u2019emocions, pensaments i valors a trav\u00e9s del llenguatge.<\/p>\n<p data-start=\"743\" data-end=\"1017\">Un cop completades, totes les peces formaran part d\u2019un <a href=\"https:\/\/photos.app.goo.gl\/YWJhQUdwzZtgxD3W7\"><strong data-start=\"798\" data-end=\"822\">gran puzle compartit<\/strong>,<\/a> s\u00edmbol de com, entre tots i totes, podem construir un centre educatiu basat en el respecte, la conviv\u00e8ncia i la pau. Cada aportaci\u00f3 individual esdev\u00e9 imprescindible per donar sentit al conjunt.<\/p>\n<p data-start=\"1019\" data-end=\"1177\">Aquesta activitat refor\u00e7a la import\u00e0ncia del treball cooperatiu i recorda que <strong data-start=\"1097\" data-end=\"1125\">les paraules tenen poder<\/strong>: poden unir, cuidar i transformar el nostre entorn.<\/p>\n<p data-start=\"1019\" data-end=\"1177\">L&#8217;equip de mestres<\/p>\n<p data-start=\"1019\" data-end=\"1177\">Aqu\u00ed teniu una mostra de fotografies d&#8217;aquest dia.<\/p>\n","protected":false},"excerpt":{"rendered":"<p>Des de la Comissi\u00f3 de Biblioteca s\u2019ha impulsat una activitat conjunta de centre amb l\u2019objectiu de fomentar la reflexi\u00f3, la conviv\u00e8ncia i els valors de la pau entre tot l\u2019alumnat. Cada aula ha rebut una pe\u00e7a de puzle, que ser\u00e0 treballada de manera col\u00b7lectiva. El mestre o la mestra, juntament amb el grup classe, convidar\u00e0 [&hellip;]<\/p>\n","protected":false},"author":97,"featured_media":8061,"comment_status":"open","ping_status":"open","sticky":false,"template":"","format":"standard","meta":{"_bbp_topic_count":0,"_bbp_reply_count":0,"_bbp_total_topic_count":0,"_bbp_total_reply_count":0,"_bbp_voice_count":0,"_bbp_anonymous_reply_count":0,"_bbp_topic_count_hidden":0,"_bbp_reply_count_hidden":0,"_bbp_forum_subforum_count":0,"site-sidebar-layout":"default","site-content-layout":"","ast-site-content-layout":"default","site-content-style":"default","site-sidebar-style":"default","ast-global-header-display":"","ast-banner-title-visibility":"","ast-main-header-display":"","ast-hfb-above-header-display":"","ast-hfb-below-header-display":"","ast-hfb-mobile-header-display":"","site-post-title":"","ast-breadcrumbs-content":"","ast-featured-img":"","footer-sml-layout":"","theme-transparent-header-meta":"default","adv-header-id-meta":"","stick-header-meta":"","header-above-stick-meta":"","header-main-stick-meta":"","header-below-stick-meta":"","astra-migrate-meta-layouts":"set","ast-page-background-enabled":"default","ast-page-background-meta":{"desktop":{"background-color":"var(--ast-global-color-4)","background-image":"","background-repeat":"repeat","background-position":"center center","background-size":"auto","background-attachment":"scroll","background-type":"","background-media":"","overlay-type":"","overlay-color":"","overlay-opacity":"","overlay-gradient":""},"tablet":{"background-color":"","background-image":"","background-repeat":"repeat","background-position":"center center","background-size":"auto","background-attachment":"scroll","background-type":"","background-media":"","overlay-type":"","overlay-color":"","overlay-opacity":"","overlay-gradient":""},"mobile":{"background-color":"","background-image":"","background-repeat":"repeat","background-position":"center center","background-size":"auto","background-attachment":"scroll","background-type":"","background-media":"","overlay-type":"","overlay-color":"","overlay-opacity":"","overlay-gradient":""}},"ast-content-background-meta":{"desktop":{"background-color":"var(--ast-global-color-5)","background-image":"","background-repeat":"repeat","background-position":"center center","background-size":"auto","background-attachment":"scroll","background-type":"","background-media":"","overlay-type":"","overlay-color":"","overlay-opacity":"","overlay-gradient":""},"tablet":{"background-color":"var(--ast-global-color-5)","background-image":"","background-repeat":"repeat","background-position":"center center","background-size":"auto","background-attachment":"scroll","background-type":"","background-media":"","overlay-type":"","overlay-color":"","overlay-opacity":"","overlay-gradient":""},"mobile":{"background-color":"var(--ast-global-color-5)","background-image":"","background-repeat":"repeat","background-position":"center center","background-size":"auto","background-attachment":"scroll","background-type":"","background-media":"","overlay-type":"","overlay-color":"","overlay-opacity":"","overlay-gradient":""}},"footnotes":""},"categories":[281,1,2,50,4,5],"tags":[280,232],"class_list":["post-8041","post","type-post","status-publish","format-standard","has-post-thumbnail","hentry","category-cda","category-general","category-infantil","category-noticies","category-portada","category-primaria","tag-cda","tag-steamcat"],"post_mailing_queue_ids":[],"_links":{"self":[{"href":"https:\/\/agora.xtec.cat\/ceip-aguimera-vendrell\/wp-json\/wp\/v2\/posts\/8041","targetHints":{"allow":["GET"]}}],"collection":[{"href":"https:\/\/agora.xtec.cat\/ceip-aguimera-vendrell\/wp-json\/wp\/v2\/posts"}],"about":[{"href":"https:\/\/agora.xtec.cat\/ceip-aguimera-vendrell\/wp-json\/wp\/v2\/types\/post"}],"author":[{"embeddable":true,"href":"https:\/\/agora.xtec.cat\/ceip-aguimera-vendrell\/wp-json\/wp\/v2\/users\/97"}],"replies":[{"embeddable":true,"href":"https:\/\/agora.xtec.cat\/ceip-aguimera-vendrell\/wp-json\/wp\/v2\/comments?post=8041"}],"version-history":[{"count":4,"href":"https:\/\/agora.xtec.cat\/ceip-aguimera-vendrell\/wp-json\/wp\/v2\/posts\/8041\/revisions"}],"predecessor-version":[{"id":8062,"href":"https:\/\/agora.xtec.cat\/ceip-aguimera-vendrell\/wp-json\/wp\/v2\/posts\/8041\/revisions\/8062"}],"wp:featuredmedia":[{"embeddable":true,"href":"https:\/\/agora.xtec.cat\/ceip-aguimera-vendrell\/wp-json\/wp\/v2\/media\/8061"}],"wp:attachment":[{"href":"https:\/\/agora.xtec.cat\/ceip-aguimera-vendrell\/wp-json\/wp\/v2\/media?parent=8041"}],"wp:term":[{"taxonomy":"category","embeddable":true,"href":"https:\/\/agora.xtec.cat\/ceip-aguimera-vendrell\/wp-json\/wp\/v2\/categories?post=8041"},{"taxonomy":"post_tag","embeddable":true,"href":"https:\/\/agora.xtec.cat\/ceip-aguimera-vendrell\/wp-json\/wp\/v2\/tags?post=8041"}],"curies":[{"name":"wp","href":"https:\/\/api.w.org\/{rel}","templated":true}]}}