{"id":7669,"date":"2025-02-28T12:00:39","date_gmt":"2025-02-28T11:00:39","guid":{"rendered":"https:\/\/agora.xtec.cat\/ceip-aguimera-vendrell\/?p=7669"},"modified":"2025-02-28T21:53:30","modified_gmt":"2025-02-28T20:53:30","slug":"carnaval-a-lescola-2","status":"publish","type":"post","link":"https:\/\/agora.xtec.cat\/ceip-aguimera-vendrell\/general\/carnaval-a-lescola-2\/","title":{"rendered":"CARNAVAL A L&#8217;ESCOLA!"},"content":{"rendered":"<p>Hola, fam\u00edlies!<\/p>\n<p>Tal com diu <em>la dita&#8221; Per Carnaval tot s&#8217;hi val!!&#8221; I <\/em>ja el tenim aqu\u00ed!!, una de les festes m\u00e9s divertides de cada any!<\/p>\n<p>Com sempre el <strong>rei Carnestoltes,<\/strong> que \u00e9s una mica Poca-Soltes, unes ordres ens ha demanat.Per\u00f2&#8230; sabeu si hem fet cas de les consignes d&#8217;aquest curs? Mireu, mireu&#8230;!<\/p>\n<p><a href=\"https:\/\/photos.app.goo.gl\/gkBzXJGreWG87fQJ7\">ORDRES CICLE INFANTIL<\/a><\/p>\n<p><a href=\"https:\/\/photos.app.goo.gl\/SNYhYcntVoJxzXEr7\">ORDRES CICLE INICIAL<\/a><\/p>\n<p><a href=\"https:\/\/photos.app.goo.gl\/Zrpys1eeZb6nu8uv8\">ORDRES CICLE MITJ\u00c0<\/a><\/p>\n<p><a href=\"https:\/\/photos.app.goo.gl\/qYG5oLfPzpMk3Mk99\">ORDRES CICLE SUPERIOR<\/a><\/p>\n<p>Els alumnes de sis\u00e8 van llegir el <a href=\"https:\/\/photos.app.goo.gl\/zjLtjCoQ6K7aM9F29\">PREG\u00d3<\/a>.<\/p>\n<p>Aqu\u00ed us deixem unes fotos d&#8217;aquests dies tan divertits en els que hem ballat, cantat i ens hem disfressat!<\/p>\n<p><a href=\"https:\/\/photos.app.goo.gl\/w5HrrTsFZ2Lyy8iF6\">BALLS DE CARNAVAL<\/a><\/p>\n<p>I com \u00e9s tradici\u00f3: &#8220;Dijous gras botifarra d&#8217;ou o truita menjar\u00e0s&#8221;<\/p>\n<p><a href=\"https:\/\/photos.app.goo.gl\/s3CtV5T8oUiUfgYG6\">DIA DE LA TRUITA INFANTIL<\/a><\/p>\n<p><a href=\"https:\/\/photos.app.goo.gl\/dGEMJvuwHVKWChpn8\">DIA DE LA TRUITA CICLE INICIAL<\/a><\/p>\n<p><a href=\"https:\/\/photos.app.goo.gl\/9QWD43k3YYwmqJnh8\">DIA DE LA TRUITA CICLE MITJ\u00c0<\/a><\/p>\n<p><a href=\"https:\/\/photos.app.goo.gl\/SSSe78tCjeyTLEa69\">DIA DE LA TRUITA CICLE SUPERIOR<\/a><\/p>\n<p>I com si no fos res&#8230; Encara amb ganes de fer m\u00e9s activitats ens va quedar&#8230; Mireu, mireu!!!<\/p>\n<p><a href=\"https:\/\/photos.app.goo.gl\/ehQPUDDsAk3CcNAB7\">ACTIVITATS CARNAVAL INFANTIL<\/a><\/p>\n<p><a href=\"https:\/\/photos.app.goo.gl\/vJHweAvRSDay6hbz7\">ACTIVITATS CARNAVAL CICLE INICIAL<\/a><\/p>\n<p><a href=\"https:\/\/photos.app.goo.gl\/MKPk7nMUSMxvNTQw8\">ACTIVITATS CARNAVAL CICLE MITJ\u00c0<\/a><\/p>\n<p><a href=\"https:\/\/photos.app.goo.gl\/pL8CF1f8inegjNtS9\">ACTIVITATS CARNAVAL CICLE SUPERIOR<\/a><\/p>\n","protected":false},"excerpt":{"rendered":"<p>Hola, fam\u00edlies! Tal com diu la dita&#8221; Per Carnaval tot s&#8217;hi val!!&#8221; I ja el tenim aqu\u00ed!!, una de les festes m\u00e9s divertides de cada any! Com sempre el rei Carnestoltes, que \u00e9s una mica Poca-Soltes, unes ordres ens ha demanat.Per\u00f2&#8230; sabeu si hem fet cas de les consignes d&#8217;aquest curs? Mireu, mireu&#8230;! ORDRES CICLE [&hellip;]<\/p>\n","protected":false},"author":97,"featured_media":7675,"comment_status":"open","ping_status":"closed","sticky":false,"template":"","format":"standard","meta":{"_bbp_topic_count":0,"_bbp_reply_count":0,"_bbp_total_topic_count":0,"_bbp_total_reply_count":0,"_bbp_voice_count":0,"_bbp_anonymous_reply_count":0,"_bbp_topic_count_hidden":0,"_bbp_reply_count_hidden":0,"_bbp_forum_subforum_count":0,"site-sidebar-layout":"default","site-content-layout":"","ast-site-content-layout":"","site-content-style":"default","site-sidebar-style":"default","ast-global-header-display":"","ast-banner-title-visibility":"","ast-main-header-display":"","ast-hfb-above-header-display":"","ast-hfb-below-header-display":"","ast-hfb-mobile-header-display":"","site-post-title":"","ast-breadcrumbs-content":"","ast-featured-img":"","footer-sml-layout":"","theme-transparent-header-meta":"","adv-header-id-meta":"","stick-header-meta":"","header-above-stick-meta":"","header-main-stick-meta":"","header-below-stick-meta":"","astra-migrate-meta-layouts":"default","ast-page-background-enabled":"default","ast-page-background-meta":{"desktop":{"background-color":"var(--ast-global-color-4)","background-image":"","background-repeat":"repeat","background-position":"center center","background-size":"auto","background-attachment":"scroll","background-type":"","background-media":"","overlay-type":"","overlay-color":"","overlay-opacity":"","overlay-gradient":""},"tablet":{"background-color":"","background-image":"","background-repeat":"repeat","background-position":"center center","background-size":"auto","background-attachment":"scroll","background-type":"","background-media":"","overlay-type":"","overlay-color":"","overlay-opacity":"","overlay-gradient":""},"mobile":{"background-color":"","background-image":"","background-repeat":"repeat","background-position":"center center","background-size":"auto","background-attachment":"scroll","background-type":"","background-media":"","overlay-type":"","overlay-color":"","overlay-opacity":"","overlay-gradient":""}},"ast-content-background-meta":{"desktop":{"background-color":"var(--ast-global-color-5)","background-image":"","background-repeat":"repeat","background-position":"center center","background-size":"auto","background-attachment":"scroll","background-type":"","background-media":"","overlay-type":"","overlay-color":"","overlay-opacity":"","overlay-gradient":""},"tablet":{"background-color":"var(--ast-global-color-5)","background-image":"","background-repeat":"repeat","background-position":"center center","background-size":"auto","background-attachment":"scroll","background-type":"","background-media":"","overlay-type":"","overlay-color":"","overlay-opacity":"","overlay-gradient":""},"mobile":{"background-color":"var(--ast-global-color-5)","background-image":"","background-repeat":"repeat","background-position":"center center","background-size":"auto","background-attachment":"scroll","background-type":"","background-media":"","overlay-type":"","overlay-color":"","overlay-opacity":"","overlay-gradient":""}},"footnotes":""},"categories":[324,291,55,319,45,46,1,2,50,4,5],"tags":[280,232,25],"class_list":["post-7669","post","type-post","status-publish","format-standard","has-post-thumbnail","hentry","category-activitats","category-activitats-a-laula","category-carnaval","category-cicle-superior","category-expressio-oral","category-festes","category-general","category-infantil","category-noticies","category-portada","category-primaria","tag-cda","tag-steamcat","tag-carnaval"],"post_mailing_queue_ids":[],"_links":{"self":[{"href":"https:\/\/agora.xtec.cat\/ceip-aguimera-vendrell\/wp-json\/wp\/v2\/posts\/7669","targetHints":{"allow":["GET"]}}],"collection":[{"href":"https:\/\/agora.xtec.cat\/ceip-aguimera-vendrell\/wp-json\/wp\/v2\/posts"}],"about":[{"href":"https:\/\/agora.xtec.cat\/ceip-aguimera-vendrell\/wp-json\/wp\/v2\/types\/post"}],"author":[{"embeddable":true,"href":"https:\/\/agora.xtec.cat\/ceip-aguimera-vendrell\/wp-json\/wp\/v2\/users\/97"}],"replies":[{"embeddable":true,"href":"https:\/\/agora.xtec.cat\/ceip-aguimera-vendrell\/wp-json\/wp\/v2\/comments?post=7669"}],"version-history":[{"count":3,"href":"https:\/\/agora.xtec.cat\/ceip-aguimera-vendrell\/wp-json\/wp\/v2\/posts\/7669\/revisions"}],"predecessor-version":[{"id":7671,"href":"https:\/\/agora.xtec.cat\/ceip-aguimera-vendrell\/wp-json\/wp\/v2\/posts\/7669\/revisions\/7671"}],"wp:featuredmedia":[{"embeddable":true,"href":"https:\/\/agora.xtec.cat\/ceip-aguimera-vendrell\/wp-json\/wp\/v2\/media\/7675"}],"wp:attachment":[{"href":"https:\/\/agora.xtec.cat\/ceip-aguimera-vendrell\/wp-json\/wp\/v2\/media?parent=7669"}],"wp:term":[{"taxonomy":"category","embeddable":true,"href":"https:\/\/agora.xtec.cat\/ceip-aguimera-vendrell\/wp-json\/wp\/v2\/categories?post=7669"},{"taxonomy":"post_tag","embeddable":true,"href":"https:\/\/agora.xtec.cat\/ceip-aguimera-vendrell\/wp-json\/wp\/v2\/tags?post=7669"}],"curies":[{"name":"wp","href":"https:\/\/api.w.org\/{rel}","templated":true}]}}