{"id":7251,"date":"2024-04-26T13:09:14","date_gmt":"2024-04-26T11:09:14","guid":{"rendered":"https:\/\/agora.xtec.cat\/ceip-aguimera-vendrell\/?p=7251"},"modified":"2024-05-10T13:07:01","modified_gmt":"2024-05-10T11:07:01","slug":"fem-magia-amb-el-iode","status":"publish","type":"post","link":"https:\/\/agora.xtec.cat\/ceip-aguimera-vendrell\/portada\/fem-magia-amb-el-iode\/","title":{"rendered":"FEM M\u00c0GIA AMB EL IODE"},"content":{"rendered":"<p><span style=\"font-weight: 400;\">En motiu de la Fira de la Ci\u00e8ncia al carrer, els alumnes de 5\u00e8 hem realitzat un experiment a l\u2019aula per comprovar com reaccionen alguns elements qu\u00edmics entre ells.<\/span><\/p>\n<p>Clica aqu\u00ed per veure el <a href=\"https:\/\/photos.google.com\/album\/AF1QipO_OeXgd_ICYjdmFVLJ3hGS64PYIkTl-NTuz4xe\">V\u00cdDEO<\/a><\/p>\n<p><span style=\"font-weight: 400;\">Hem procedit a pintar un full en blanc amb iode i aigua i, sorpresa!, a canviat de color tan el full com el iode.<\/span><\/p>\n<p><span style=\"font-weight: 400;\">Despr\u00e9s, amb un pinzell hem fet un dibuix sobre el full utilitzant com a pintura l\u2019\u00e0cid asc\u00f2rbic (vitamina C) i &#8230;<\/span><\/p>\n<p><a href=\"https:\/\/agora.xtec.cat\/ceip-aguimera-vendrell\/wp-content\/uploads\/usu102\/2024\/04\/Screenshot_20240424_184526_WhatsApp-1-e1714397012234.jpg\"><img loading=\"lazy\" decoding=\"async\" class=\"aligncenter size-large wp-image-7271\" src=\"https:\/\/agora.xtec.cat\/ceip-aguimera-vendrell\/wp-content\/uploads\/usu102\/2024\/04\/Screenshot_20240424_184526_WhatsApp-1-e1714397012234-1024x551.jpg\" alt=\"\" width=\"1024\" height=\"551\" srcset=\"https:\/\/agora.xtec.cat\/ceip-aguimera-vendrell\/wp-content\/uploads\/usu102\/2024\/04\/Screenshot_20240424_184526_WhatsApp-1-e1714397012234-1024x551.jpg 1024w, https:\/\/agora.xtec.cat\/ceip-aguimera-vendrell\/wp-content\/uploads\/usu102\/2024\/04\/Screenshot_20240424_184526_WhatsApp-1-e1714397012234-300x162.jpg 300w, https:\/\/agora.xtec.cat\/ceip-aguimera-vendrell\/wp-content\/uploads\/usu102\/2024\/04\/Screenshot_20240424_184526_WhatsApp-1-e1714397012234-768x414.jpg 768w, https:\/\/agora.xtec.cat\/ceip-aguimera-vendrell\/wp-content\/uploads\/usu102\/2024\/04\/Screenshot_20240424_184526_WhatsApp-1-e1714397012234.jpg 1079w\" sizes=\"auto, (max-width: 1024px) 100vw, 1024px\" \/><\/a> <a href=\"https:\/\/agora.xtec.cat\/ceip-aguimera-vendrell\/wp-content\/uploads\/usu102\/2024\/04\/Screenshot_20240424_184533_WhatsApp-1-e1714396995963.jpg\"><img loading=\"lazy\" decoding=\"async\" class=\"aligncenter size-large wp-image-7272\" src=\"https:\/\/agora.xtec.cat\/ceip-aguimera-vendrell\/wp-content\/uploads\/usu102\/2024\/04\/Screenshot_20240424_184533_WhatsApp-1-e1714396995963-1024x580.jpg\" alt=\"\" width=\"1024\" height=\"580\" srcset=\"https:\/\/agora.xtec.cat\/ceip-aguimera-vendrell\/wp-content\/uploads\/usu102\/2024\/04\/Screenshot_20240424_184533_WhatsApp-1-e1714396995963-1024x580.jpg 1024w, https:\/\/agora.xtec.cat\/ceip-aguimera-vendrell\/wp-content\/uploads\/usu102\/2024\/04\/Screenshot_20240424_184533_WhatsApp-1-e1714396995963-300x170.jpg 300w, https:\/\/agora.xtec.cat\/ceip-aguimera-vendrell\/wp-content\/uploads\/usu102\/2024\/04\/Screenshot_20240424_184533_WhatsApp-1-e1714396995963-768x435.jpg 768w, https:\/\/agora.xtec.cat\/ceip-aguimera-vendrell\/wp-content\/uploads\/usu102\/2024\/04\/Screenshot_20240424_184533_WhatsApp-1-e1714396995963.jpg 1061w\" sizes=\"auto, (max-width: 1024px) 100vw, 1024px\" \/><\/a> <a href=\"https:\/\/agora.xtec.cat\/ceip-aguimera-vendrell\/wp-content\/uploads\/usu102\/2024\/04\/Screenshot_20240424_184424_WhatsApp-1-e1714397026858.jpg\"><img loading=\"lazy\" decoding=\"async\" class=\"aligncenter size-large wp-image-7270\" src=\"https:\/\/agora.xtec.cat\/ceip-aguimera-vendrell\/wp-content\/uploads\/usu102\/2024\/04\/Screenshot_20240424_184424_WhatsApp-1-e1714397026858-1024x591.jpg\" alt=\"\" width=\"1024\" height=\"591\" srcset=\"https:\/\/agora.xtec.cat\/ceip-aguimera-vendrell\/wp-content\/uploads\/usu102\/2024\/04\/Screenshot_20240424_184424_WhatsApp-1-e1714397026858-1024x591.jpg 1024w, https:\/\/agora.xtec.cat\/ceip-aguimera-vendrell\/wp-content\/uploads\/usu102\/2024\/04\/Screenshot_20240424_184424_WhatsApp-1-e1714397026858-300x173.jpg 300w, https:\/\/agora.xtec.cat\/ceip-aguimera-vendrell\/wp-content\/uploads\/usu102\/2024\/04\/Screenshot_20240424_184424_WhatsApp-1-e1714397026858-768x443.jpg 768w, https:\/\/agora.xtec.cat\/ceip-aguimera-vendrell\/wp-content\/uploads\/usu102\/2024\/04\/Screenshot_20240424_184424_WhatsApp-1-e1714397026858-1536x886.jpg 1536w, https:\/\/agora.xtec.cat\/ceip-aguimera-vendrell\/wp-content\/uploads\/usu102\/2024\/04\/Screenshot_20240424_184424_WhatsApp-1-e1714397026858.jpg 1870w\" sizes=\"auto, (max-width: 1024px) 100vw, 1024px\" \/><\/a> <a href=\"https:\/\/agora.xtec.cat\/ceip-aguimera-vendrell\/wp-content\/uploads\/usu102\/2024\/04\/Screenshot_20240424_184451_WhatsApp-1-e1714396932442.jpg\"><img loading=\"lazy\" decoding=\"async\" class=\"aligncenter size-large wp-image-7273\" src=\"https:\/\/agora.xtec.cat\/ceip-aguimera-vendrell\/wp-content\/uploads\/usu102\/2024\/04\/Screenshot_20240424_184451_WhatsApp-1-e1714396932442-1024x531.jpg\" alt=\"\" width=\"1024\" height=\"531\" srcset=\"https:\/\/agora.xtec.cat\/ceip-aguimera-vendrell\/wp-content\/uploads\/usu102\/2024\/04\/Screenshot_20240424_184451_WhatsApp-1-e1714396932442-1024x531.jpg 1024w, https:\/\/agora.xtec.cat\/ceip-aguimera-vendrell\/wp-content\/uploads\/usu102\/2024\/04\/Screenshot_20240424_184451_WhatsApp-1-e1714396932442-300x156.jpg 300w, https:\/\/agora.xtec.cat\/ceip-aguimera-vendrell\/wp-content\/uploads\/usu102\/2024\/04\/Screenshot_20240424_184451_WhatsApp-1-e1714396932442-768x398.jpg 768w, https:\/\/agora.xtec.cat\/ceip-aguimera-vendrell\/wp-content\/uploads\/usu102\/2024\/04\/Screenshot_20240424_184451_WhatsApp-1-e1714396932442-1536x797.jpg 1536w, https:\/\/agora.xtec.cat\/ceip-aguimera-vendrell\/wp-content\/uploads\/usu102\/2024\/04\/Screenshot_20240424_184451_WhatsApp-1-e1714396932442.jpg 1910w\" sizes=\"auto, (max-width: 1024px) 100vw, 1024px\" \/><\/a><\/p>\n","protected":false},"excerpt":{"rendered":"<p>En motiu de la Fira de la Ci\u00e8ncia al carrer, els alumnes de 5\u00e8 hem realitzat un experiment a l\u2019aula per comprovar com reaccionen alguns elements qu\u00edmics entre ells. Clica aqu\u00ed per veure el V\u00cdDEO Hem procedit a pintar un full en blanc amb iode i aigua i, sorpresa!, a canviat de color tan el [&hellip;]<\/p>\n","protected":false},"author":98,"featured_media":7270,"comment_status":"open","ping_status":"closed","sticky":false,"template":"","format":"standard","meta":{"_bbp_topic_count":0,"_bbp_reply_count":0,"_bbp_total_topic_count":0,"_bbp_total_reply_count":0,"_bbp_voice_count":0,"_bbp_anonymous_reply_count":0,"_bbp_topic_count_hidden":0,"_bbp_reply_count_hidden":0,"_bbp_forum_subforum_count":0,"site-sidebar-layout":"default","site-content-layout":"","ast-site-content-layout":"","site-content-style":"default","site-sidebar-style":"default","ast-global-header-display":"","ast-banner-title-visibility":"","ast-main-header-display":"","ast-hfb-above-header-display":"","ast-hfb-below-header-display":"","ast-hfb-mobile-header-display":"","site-post-title":"","ast-breadcrumbs-content":"","ast-featured-img":"","footer-sml-layout":"","theme-transparent-header-meta":"","adv-header-id-meta":"","stick-header-meta":"","header-above-stick-meta":"","header-main-stick-meta":"","header-below-stick-meta":"","astra-migrate-meta-layouts":"default","ast-page-background-enabled":"default","ast-page-background-meta":{"desktop":{"background-color":"var(--ast-global-color-4)","background-image":"","background-repeat":"repeat","background-position":"center center","background-size":"auto","background-attachment":"scroll","background-type":"","background-media":"","overlay-type":"","overlay-color":"","overlay-opacity":"","overlay-gradient":""},"tablet":{"background-color":"","background-image":"","background-repeat":"repeat","background-position":"center center","background-size":"auto","background-attachment":"scroll","background-type":"","background-media":"","overlay-type":"","overlay-color":"","overlay-opacity":"","overlay-gradient":""},"mobile":{"background-color":"","background-image":"","background-repeat":"repeat","background-position":"center center","background-size":"auto","background-attachment":"scroll","background-type":"","background-media":"","overlay-type":"","overlay-color":"","overlay-opacity":"","overlay-gradient":""}},"ast-content-background-meta":{"desktop":{"background-color":"var(--ast-global-color-5)","background-image":"","background-repeat":"repeat","background-position":"center center","background-size":"auto","background-attachment":"scroll","background-type":"","background-media":"","overlay-type":"","overlay-color":"","overlay-opacity":"","overlay-gradient":""},"tablet":{"background-color":"var(--ast-global-color-5)","background-image":"","background-repeat":"repeat","background-position":"center center","background-size":"auto","background-attachment":"scroll","background-type":"","background-media":"","overlay-type":"","overlay-color":"","overlay-opacity":"","overlay-gradient":""},"mobile":{"background-color":"var(--ast-global-color-5)","background-image":"","background-repeat":"repeat","background-position":"center center","background-size":"auto","background-attachment":"scroll","background-type":"","background-media":"","overlay-type":"","overlay-color":"","overlay-opacity":"","overlay-gradient":""}},"footnotes":""},"categories":[14,291,261,4],"tags":[],"class_list":["post-7251","post","type-post","status-publish","format-standard","has-post-thumbnail","hentry","category-5e","category-activitats-a-laula","category-cicle-de-grans","category-portada"],"post_mailing_queue_ids":[],"_links":{"self":[{"href":"https:\/\/agora.xtec.cat\/ceip-aguimera-vendrell\/wp-json\/wp\/v2\/posts\/7251","targetHints":{"allow":["GET"]}}],"collection":[{"href":"https:\/\/agora.xtec.cat\/ceip-aguimera-vendrell\/wp-json\/wp\/v2\/posts"}],"about":[{"href":"https:\/\/agora.xtec.cat\/ceip-aguimera-vendrell\/wp-json\/wp\/v2\/types\/post"}],"author":[{"embeddable":true,"href":"https:\/\/agora.xtec.cat\/ceip-aguimera-vendrell\/wp-json\/wp\/v2\/users\/98"}],"replies":[{"embeddable":true,"href":"https:\/\/agora.xtec.cat\/ceip-aguimera-vendrell\/wp-json\/wp\/v2\/comments?post=7251"}],"version-history":[{"count":4,"href":"https:\/\/agora.xtec.cat\/ceip-aguimera-vendrell\/wp-json\/wp\/v2\/posts\/7251\/revisions"}],"predecessor-version":[{"id":7276,"href":"https:\/\/agora.xtec.cat\/ceip-aguimera-vendrell\/wp-json\/wp\/v2\/posts\/7251\/revisions\/7276"}],"wp:featuredmedia":[{"embeddable":true,"href":"https:\/\/agora.xtec.cat\/ceip-aguimera-vendrell\/wp-json\/wp\/v2\/media\/7270"}],"wp:attachment":[{"href":"https:\/\/agora.xtec.cat\/ceip-aguimera-vendrell\/wp-json\/wp\/v2\/media?parent=7251"}],"wp:term":[{"taxonomy":"category","embeddable":true,"href":"https:\/\/agora.xtec.cat\/ceip-aguimera-vendrell\/wp-json\/wp\/v2\/categories?post=7251"},{"taxonomy":"post_tag","embeddable":true,"href":"https:\/\/agora.xtec.cat\/ceip-aguimera-vendrell\/wp-json\/wp\/v2\/tags?post=7251"}],"curies":[{"name":"wp","href":"https:\/\/api.w.org\/{rel}","templated":true}]}}