{"id":7089,"date":"2024-02-27T16:22:44","date_gmt":"2024-02-27T15:22:44","guid":{"rendered":"https:\/\/agora.xtec.cat\/ceip-aguimera-vendrell\/?p=7089"},"modified":"2024-02-27T16:39:37","modified_gmt":"2024-02-27T15:39:37","slug":"assemblea-2024","status":"publish","type":"post","link":"https:\/\/agora.xtec.cat\/ceip-aguimera-vendrell\/general\/assemblea-2024\/","title":{"rendered":"ASSEMBLEA 2024"},"content":{"rendered":"<p>Diss<a href=\"https:\/\/agora.xtec.cat\/ceip-aguimera-vendrell\/wp-content\/uploads\/usu102\/2024\/02\/WhatsApp-Image-2024-02-27-at-16.20.50.jpeg\"><img loading=\"lazy\" decoding=\"async\" class=\"wp-image-7092 alignleft\" src=\"https:\/\/agora.xtec.cat\/ceip-aguimera-vendrell\/wp-content\/uploads\/usu102\/2024\/02\/WhatsApp-Image-2024-02-27-at-16.20.50-1024x768.jpeg\" alt=\"\" width=\"465\" height=\"349\" srcset=\"https:\/\/agora.xtec.cat\/ceip-aguimera-vendrell\/wp-content\/uploads\/usu102\/2024\/02\/WhatsApp-Image-2024-02-27-at-16.20.50-1024x768.jpeg 1024w, https:\/\/agora.xtec.cat\/ceip-aguimera-vendrell\/wp-content\/uploads\/usu102\/2024\/02\/WhatsApp-Image-2024-02-27-at-16.20.50-300x225.jpeg 300w, https:\/\/agora.xtec.cat\/ceip-aguimera-vendrell\/wp-content\/uploads\/usu102\/2024\/02\/WhatsApp-Image-2024-02-27-at-16.20.50-768x576.jpeg 768w, https:\/\/agora.xtec.cat\/ceip-aguimera-vendrell\/wp-content\/uploads\/usu102\/2024\/02\/WhatsApp-Image-2024-02-27-at-16.20.50-1536x1152.jpeg 1536w, https:\/\/agora.xtec.cat\/ceip-aguimera-vendrell\/wp-content\/uploads\/usu102\/2024\/02\/WhatsApp-Image-2024-02-27-at-16.20.50-200x150.jpeg 200w, https:\/\/agora.xtec.cat\/ceip-aguimera-vendrell\/wp-content\/uploads\/usu102\/2024\/02\/WhatsApp-Image-2024-02-27-at-16.20.50.jpeg 1600w\" sizes=\"auto, (max-width: 465px) 100vw, 465px\" \/><\/a>abte 24 de febrer de 2024 vam celebrar la nostra assemblea anual. Va ser una jornada molt especial ja que tots i totes vam poder somiar l&#8217;escola que volem.<\/p>\n<p>&nbsp;<\/p>\n<p>Vam poder gaudir de la col.laboraci\u00f3 d&#8217;en Ferran Aixal\u00e0 qui va fer un<a href=\"https:\/\/youtu.be\/datuNHylUBc\"><span style=\"color: #00ccff;\"> <strong>magn\u00edfic preg\u00f3<\/strong>.<\/span><\/a><\/p>\n<p>En Toni, el mestre de m\u00fasica, ens va fer un concert amb el saxo del nostre imne <a href=\"https:\/\/youtu.be\/mwWqYX1Enh0\"><span style=\"color: #00ccff;\"><strong>Engresca&#8217;t<\/strong><\/span>.<\/a><\/p>\n<p>Podeu veure un resum de l&#8217;assemblea en<strong>\u00a0<span style=\"color: #00ccff;\"><a style=\"color: #00ccff;\" href=\"https:\/\/youtu.be\/aU7jVgbWDCA\"> aquest v\u00eddeo<\/a>.<\/span><\/strong><\/p>\n<p>Totes les fotos de l&#8217;assemblea els podeu veure<span style=\"color: #00ccff;\"><strong><a style=\"color: #00ccff;\" href=\"https:\/\/photos.app.goo.gl\/ApSzC7mkYsZsWuFZ7\"> aqu\u00ed<\/a>.<\/strong><\/span><\/p>\n<p>&nbsp;<\/p>\n<p>&nbsp;<\/p>\n","protected":false},"excerpt":{"rendered":"<p>Dissabte 24 de febrer de 2024 vam celebrar la nostra assemblea anual. Va ser una jornada molt especial ja que tots i totes vam poder somiar l&#8217;escola que volem. &nbsp; Vam poder gaudir de la col.laboraci\u00f3 d&#8217;en Ferran Aixal\u00e0 qui va fer un magn\u00edfic preg\u00f3. En Toni, el mestre de m\u00fasica, ens va fer un [&hellip;]<\/p>\n","protected":false},"author":103,"featured_media":7093,"comment_status":"open","ping_status":"closed","sticky":false,"template":"","format":"standard","meta":{"_bbp_topic_count":0,"_bbp_reply_count":0,"_bbp_total_topic_count":0,"_bbp_total_reply_count":0,"_bbp_voice_count":0,"_bbp_anonymous_reply_count":0,"_bbp_topic_count_hidden":0,"_bbp_reply_count_hidden":0,"_bbp_forum_subforum_count":0,"site-sidebar-layout":"default","site-content-layout":"","ast-site-content-layout":"","site-content-style":"default","site-sidebar-style":"default","ast-global-header-display":"","ast-banner-title-visibility":"","ast-main-header-display":"","ast-hfb-above-header-display":"","ast-hfb-below-header-display":"","ast-hfb-mobile-header-display":"","site-post-title":"","ast-breadcrumbs-content":"","ast-featured-img":"","footer-sml-layout":"","theme-transparent-header-meta":"","adv-header-id-meta":"","stick-header-meta":"","header-above-stick-meta":"","header-main-stick-meta":"","header-below-stick-meta":"","astra-migrate-meta-layouts":"default","ast-page-background-enabled":"default","ast-page-background-meta":{"desktop":{"background-color":"var(--ast-global-color-4)","background-image":"","background-repeat":"repeat","background-position":"center center","background-size":"auto","background-attachment":"scroll","background-type":"","background-media":"","overlay-type":"","overlay-color":"","overlay-opacity":"","overlay-gradient":""},"tablet":{"background-color":"","background-image":"","background-repeat":"repeat","background-position":"center center","background-size":"auto","background-attachment":"scroll","background-type":"","background-media":"","overlay-type":"","overlay-color":"","overlay-opacity":"","overlay-gradient":""},"mobile":{"background-color":"","background-image":"","background-repeat":"repeat","background-position":"center center","background-size":"auto","background-attachment":"scroll","background-type":"","background-media":"","overlay-type":"","overlay-color":"","overlay-opacity":"","overlay-gradient":""}},"ast-content-background-meta":{"desktop":{"background-color":"var(--ast-global-color-5)","background-image":"","background-repeat":"repeat","background-position":"center center","background-size":"auto","background-attachment":"scroll","background-type":"","background-media":"","overlay-type":"","overlay-color":"","overlay-opacity":"","overlay-gradient":""},"tablet":{"background-color":"var(--ast-global-color-5)","background-image":"","background-repeat":"repeat","background-position":"center center","background-size":"auto","background-attachment":"scroll","background-type":"","background-media":"","overlay-type":"","overlay-color":"","overlay-opacity":"","overlay-gradient":""},"mobile":{"background-color":"var(--ast-global-color-5)","background-image":"","background-repeat":"repeat","background-position":"center center","background-size":"auto","background-attachment":"scroll","background-type":"","background-media":"","overlay-type":"","overlay-color":"","overlay-opacity":"","overlay-gradient":""}},"footnotes":""},"categories":[281,282,1,305,276,255,4,288,34],"tags":[],"class_list":["post-7089","post","type-post","status-publish","format-standard","has-post-thumbnail","hentry","category-cda","category-centresteamcat","category-general","category-grups-interactius","category-jornades-culturals","category-ludics-i-magics","category-portada","category-steamcat","category-tertulies-dialogiques"],"post_mailing_queue_ids":[],"_links":{"self":[{"href":"https:\/\/agora.xtec.cat\/ceip-aguimera-vendrell\/wp-json\/wp\/v2\/posts\/7089","targetHints":{"allow":["GET"]}}],"collection":[{"href":"https:\/\/agora.xtec.cat\/ceip-aguimera-vendrell\/wp-json\/wp\/v2\/posts"}],"about":[{"href":"https:\/\/agora.xtec.cat\/ceip-aguimera-vendrell\/wp-json\/wp\/v2\/types\/post"}],"author":[{"embeddable":true,"href":"https:\/\/agora.xtec.cat\/ceip-aguimera-vendrell\/wp-json\/wp\/v2\/users\/103"}],"replies":[{"embeddable":true,"href":"https:\/\/agora.xtec.cat\/ceip-aguimera-vendrell\/wp-json\/wp\/v2\/comments?post=7089"}],"version-history":[{"count":3,"href":"https:\/\/agora.xtec.cat\/ceip-aguimera-vendrell\/wp-json\/wp\/v2\/posts\/7089\/revisions"}],"predecessor-version":[{"id":7094,"href":"https:\/\/agora.xtec.cat\/ceip-aguimera-vendrell\/wp-json\/wp\/v2\/posts\/7089\/revisions\/7094"}],"wp:featuredmedia":[{"embeddable":true,"href":"https:\/\/agora.xtec.cat\/ceip-aguimera-vendrell\/wp-json\/wp\/v2\/media\/7093"}],"wp:attachment":[{"href":"https:\/\/agora.xtec.cat\/ceip-aguimera-vendrell\/wp-json\/wp\/v2\/media?parent=7089"}],"wp:term":[{"taxonomy":"category","embeddable":true,"href":"https:\/\/agora.xtec.cat\/ceip-aguimera-vendrell\/wp-json\/wp\/v2\/categories?post=7089"},{"taxonomy":"post_tag","embeddable":true,"href":"https:\/\/agora.xtec.cat\/ceip-aguimera-vendrell\/wp-json\/wp\/v2\/tags?post=7089"}],"curies":[{"name":"wp","href":"https:\/\/api.w.org\/{rel}","templated":true}]}}