{"id":6574,"date":"2023-06-16T14:50:02","date_gmt":"2023-06-16T12:50:02","guid":{"rendered":"https:\/\/agora.xtec.cat\/ceip-aguimera-vendrell\/?p=6574"},"modified":"2023-06-16T14:50:02","modified_gmt":"2023-06-16T12:50:02","slug":"jornades-culturals-al-cicle-de-grans","status":"publish","type":"post","link":"https:\/\/agora.xtec.cat\/ceip-aguimera-vendrell\/general\/jornades-culturals-al-cicle-de-grans\/","title":{"rendered":"JORNADES CULTURALS AL CICLE DE GRANS"},"content":{"rendered":"<p>Hola fam\u00edlies,<\/p>\n<p>Com ja sabreu, aquests dies <strong>14, 15 i 16 de juny<\/strong> els alumnes del <strong>Cicle de Grans<\/strong> han celebrat les <em><strong>Jornades Culturals<\/strong><\/em>, que aquest any han anat sobre la <strong>Festa Major del Vendrell<\/strong>.<\/p>\n<p>En aquestes Jornades, l&#8217;alumnat ha fet diferents tallers per apropar-se i con\u00e8ixer-la millor. Tots els tallers han agradat molt i n&#8217;hi ha hagut per a tots els gustos; tra\u00e7ar itineraris, ballar, dissenyar capes&#8230;Ens ho hem passat genial!<\/p>\n<p>A m\u00e9s, hem tingut com a convidats especials el <strong>Pep Vinyes<\/strong> i la <strong>S\u00edlvia Mart\u00ednez<\/strong>, que ens van venir a fer un preg\u00f3 d&#8217;obertura d&#8217;aquells que arriben al cor. Des de tot l&#8217;equip de mestres, els volem agrair el detall de venir fins la nostra escola. Us convidem a llegir el seu <a href=\"https:\/\/agora.xtec.cat\/ceip-aguimera-vendrell\/wp-content\/uploads\/usu102\/2023\/06\/Prego-de-la-Festa-Major-de-lescola-Angel-Guimera-2023.pdf\">Preg\u00f3 de la Festa Major de l&#8217;escola \u00c0ngel Guimer\u00e0 2023<\/a>!<\/p>\n<p>Aqu\u00ed us deixem tamb\u00e9 unes quantes <a href=\"https:\/\/photos.app.goo.gl\/txxPujkgQiMerwjK8\">imatges<\/a> i un <a href=\"https:\/\/photos.app.goo.gl\/D8eKpabbYdxZhjRs9\">v\u00eddeo<\/a> dels moments m\u00e9s divertits que hem passat.<\/p>\n<p style=\"text-align: right;\"><em>L&#8217;Equip de Mestres del Cicle de Grans<\/em><\/p>\n<p><a href=\"https:\/\/agora.xtec.cat\/ceip-aguimera-vendrell\/wp-content\/uploads\/usu102\/2023\/06\/fe824db1-b102-44f4-bba5-b26576d72062.jpg\"><img loading=\"lazy\" decoding=\"async\" class=\"aligncenter size-large wp-image-6589\" src=\"https:\/\/agora.xtec.cat\/ceip-aguimera-vendrell\/wp-content\/uploads\/usu102\/2023\/06\/fe824db1-b102-44f4-bba5-b26576d72062-1024x461.jpg\" alt=\"\" width=\"1024\" height=\"461\" srcset=\"https:\/\/agora.xtec.cat\/ceip-aguimera-vendrell\/wp-content\/uploads\/usu102\/2023\/06\/fe824db1-b102-44f4-bba5-b26576d72062-1024x461.jpg 1024w, https:\/\/agora.xtec.cat\/ceip-aguimera-vendrell\/wp-content\/uploads\/usu102\/2023\/06\/fe824db1-b102-44f4-bba5-b26576d72062-300x135.jpg 300w, https:\/\/agora.xtec.cat\/ceip-aguimera-vendrell\/wp-content\/uploads\/usu102\/2023\/06\/fe824db1-b102-44f4-bba5-b26576d72062-768x346.jpg 768w, https:\/\/agora.xtec.cat\/ceip-aguimera-vendrell\/wp-content\/uploads\/usu102\/2023\/06\/fe824db1-b102-44f4-bba5-b26576d72062-1536x691.jpg 1536w, https:\/\/agora.xtec.cat\/ceip-aguimera-vendrell\/wp-content\/uploads\/usu102\/2023\/06\/fe824db1-b102-44f4-bba5-b26576d72062.jpg 1600w\" sizes=\"auto, (max-width: 1024px) 100vw, 1024px\" \/><\/a><\/p>\n","protected":false},"excerpt":{"rendered":"<p>Hola fam\u00edlies, Com ja sabreu, aquests dies 14, 15 i 16 de juny els alumnes del Cicle de Grans han celebrat les Jornades Culturals, que aquest any han anat sobre la Festa Major del Vendrell. En aquestes Jornades, l&#8217;alumnat ha fet diferents tallers per apropar-se i con\u00e8ixer-la millor. Tots els tallers han agradat molt i [&hellip;]<\/p>\n","protected":false},"author":98,"featured_media":6589,"comment_status":"open","ping_status":"closed","sticky":false,"template":"","format":"standard","meta":{"_bbp_topic_count":0,"_bbp_reply_count":0,"_bbp_total_topic_count":0,"_bbp_total_reply_count":0,"_bbp_voice_count":0,"_bbp_anonymous_reply_count":0,"_bbp_topic_count_hidden":0,"_bbp_reply_count_hidden":0,"_bbp_forum_subforum_count":0,"site-sidebar-layout":"default","site-content-layout":"","ast-site-content-layout":"","site-content-style":"default","site-sidebar-style":"default","ast-global-header-display":"","ast-banner-title-visibility":"","ast-main-header-display":"","ast-hfb-above-header-display":"","ast-hfb-below-header-display":"","ast-hfb-mobile-header-display":"","site-post-title":"","ast-breadcrumbs-content":"","ast-featured-img":"","footer-sml-layout":"","theme-transparent-header-meta":"","adv-header-id-meta":"","stick-header-meta":"","header-above-stick-meta":"","header-main-stick-meta":"","header-below-stick-meta":"","astra-migrate-meta-layouts":"default","ast-page-background-enabled":"default","ast-page-background-meta":{"desktop":{"background-color":"var(--ast-global-color-4)","background-image":"","background-repeat":"repeat","background-position":"center center","background-size":"auto","background-attachment":"scroll","background-type":"","background-media":"","overlay-type":"","overlay-color":"","overlay-opacity":"","overlay-gradient":""},"tablet":{"background-color":"","background-image":"","background-repeat":"repeat","background-position":"center center","background-size":"auto","background-attachment":"scroll","background-type":"","background-media":"","overlay-type":"","overlay-color":"","overlay-opacity":"","overlay-gradient":""},"mobile":{"background-color":"","background-image":"","background-repeat":"repeat","background-position":"center center","background-size":"auto","background-attachment":"scroll","background-type":"","background-media":"","overlay-type":"","overlay-color":"","overlay-opacity":"","overlay-gradient":""}},"ast-content-background-meta":{"desktop":{"background-color":"var(--ast-global-color-5)","background-image":"","background-repeat":"repeat","background-position":"center center","background-size":"auto","background-attachment":"scroll","background-type":"","background-media":"","overlay-type":"","overlay-color":"","overlay-opacity":"","overlay-gradient":""},"tablet":{"background-color":"var(--ast-global-color-5)","background-image":"","background-repeat":"repeat","background-position":"center center","background-size":"auto","background-attachment":"scroll","background-type":"","background-media":"","overlay-type":"","overlay-color":"","overlay-opacity":"","overlay-gradient":""},"mobile":{"background-color":"var(--ast-global-color-5)","background-image":"","background-repeat":"repeat","background-position":"center center","background-size":"auto","background-attachment":"scroll","background-type":"","background-media":"","overlay-type":"","overlay-color":"","overlay-opacity":"","overlay-gradient":""}},"footnotes":""},"categories":[13,14,15,291,202,281,282,261,1,276,50,4,5],"tags":[],"class_list":["post-6574","post","type-post","status-publish","format-standard","has-post-thumbnail","hentry","category-4t","category-5e","category-6e","category-activitats-a-laula","category-alumnat-nouvingut","category-cda","category-centresteamcat","category-cicle-de-grans","category-general","category-jornades-culturals","category-noticies","category-portada","category-primaria"],"post_mailing_queue_ids":[],"_links":{"self":[{"href":"https:\/\/agora.xtec.cat\/ceip-aguimera-vendrell\/wp-json\/wp\/v2\/posts\/6574","targetHints":{"allow":["GET"]}}],"collection":[{"href":"https:\/\/agora.xtec.cat\/ceip-aguimera-vendrell\/wp-json\/wp\/v2\/posts"}],"about":[{"href":"https:\/\/agora.xtec.cat\/ceip-aguimera-vendrell\/wp-json\/wp\/v2\/types\/post"}],"author":[{"embeddable":true,"href":"https:\/\/agora.xtec.cat\/ceip-aguimera-vendrell\/wp-json\/wp\/v2\/users\/98"}],"replies":[{"embeddable":true,"href":"https:\/\/agora.xtec.cat\/ceip-aguimera-vendrell\/wp-json\/wp\/v2\/comments?post=6574"}],"version-history":[{"count":3,"href":"https:\/\/agora.xtec.cat\/ceip-aguimera-vendrell\/wp-json\/wp\/v2\/posts\/6574\/revisions"}],"predecessor-version":[{"id":6591,"href":"https:\/\/agora.xtec.cat\/ceip-aguimera-vendrell\/wp-json\/wp\/v2\/posts\/6574\/revisions\/6591"}],"wp:featuredmedia":[{"embeddable":true,"href":"https:\/\/agora.xtec.cat\/ceip-aguimera-vendrell\/wp-json\/wp\/v2\/media\/6589"}],"wp:attachment":[{"href":"https:\/\/agora.xtec.cat\/ceip-aguimera-vendrell\/wp-json\/wp\/v2\/media?parent=6574"}],"wp:term":[{"taxonomy":"category","embeddable":true,"href":"https:\/\/agora.xtec.cat\/ceip-aguimera-vendrell\/wp-json\/wp\/v2\/categories?post=6574"},{"taxonomy":"post_tag","embeddable":true,"href":"https:\/\/agora.xtec.cat\/ceip-aguimera-vendrell\/wp-json\/wp\/v2\/tags?post=6574"}],"curies":[{"name":"wp","href":"https:\/\/api.w.org\/{rel}","templated":true}]}}