{"id":6436,"date":"2023-05-08T12:56:14","date_gmt":"2023-05-08T10:56:14","guid":{"rendered":"https:\/\/agora.xtec.cat\/ceip-aguimera-vendrell\/?p=6436"},"modified":"2023-05-10T13:25:45","modified_gmt":"2023-05-10T11:25:45","slug":"gracies-per-participar-al-concurs-de-sant-jordi-2023","status":"publish","type":"post","link":"https:\/\/agora.xtec.cat\/ceip-aguimera-vendrell\/general\/gracies-per-participar-al-concurs-de-sant-jordi-2023\/","title":{"rendered":"Gr\u00e0cies per participar al Concurs de Sant Jordi 2023!"},"content":{"rendered":"<p>Benvolgudes fam\u00edlies,<\/p>\n<p>Com potser ja sabreu, fa setmanes que la <strong>Comissi\u00f3 de L\u00fadics i M\u00e0gics<\/strong> va organitzar el <strong>concurs anual de Sant Jordi<\/strong> consistent en fer manualitats representatives d&#8217;aquesta festivitat.<\/p>\n<p>Aquestes van ser exposades al vest\u00edbul de l&#8217;escola, que va fer molt de goig.<\/p>\n<p>Per aix\u00f2, volem donar les gr\u00e0cies tan a tot l&#8217;alumnat participant com a les seves fam\u00edlies. Sense vosaltres no hauria estat possible!<\/p>\n<p>Aqu\u00ed us deixem unes quantes fotos:<\/p>\n<p><a href=\"https:\/\/photos.app.goo.gl\/9iEQwPoSrNbMG3tL8\">Cicle de Mitjans<\/a><\/p>\n<p><a href=\"https:\/\/photos.app.goo.gl\/rB6Q9QEAXHbib9jM9\">Cicle de Grans<\/a><\/p>\n<p style=\"text-align: right;\">\u00a0\u00a0\u00a0\u00a0\u00a0\u00a0\u00a0\u00a0\u00a0\u00a0\u00a0\u00a0\u00a0\u00a0\u00a0\u00a0\u00a0\u00a0\u00a0\u00a0\u00a0\u00a0\u00a0\u00a0\u00a0\u00a0\u00a0\u00a0\u00a0\u00a0\u00a0\u00a0\u00a0\u00a0\u00a0\u00a0\u00a0\u00a0\u00a0\u00a0\u00a0\u00a0<em>\u00a0\u00a0\u00a0\u00a0\u00a0\u00a0\u00a0\u00a0\u00a0\u00a0\u00a0\u00a0\u00a0 La Comissi\u00f3 de L\u00fadics i M\u00e0gics<\/em><\/p>\n","protected":false},"excerpt":{"rendered":"<p>Benvolgudes fam\u00edlies, Com potser ja sabreu, fa setmanes que la Comissi\u00f3 de L\u00fadics i M\u00e0gics va organitzar el concurs anual de Sant Jordi consistent en fer manualitats representatives d&#8217;aquesta festivitat. Aquestes van ser exposades al vest\u00edbul de l&#8217;escola, que va fer molt de goig. Per aix\u00f2, volem donar les gr\u00e0cies tan a tot l&#8217;alumnat participant [&hellip;]<\/p>\n","protected":false},"author":98,"featured_media":0,"comment_status":"open","ping_status":"closed","sticky":false,"template":"","format":"standard","meta":{"_bbp_topic_count":0,"_bbp_reply_count":0,"_bbp_total_topic_count":0,"_bbp_total_reply_count":0,"_bbp_voice_count":0,"_bbp_anonymous_reply_count":0,"_bbp_topic_count_hidden":0,"_bbp_reply_count_hidden":0,"_bbp_forum_subforum_count":0,"site-sidebar-layout":"default","site-content-layout":"","ast-site-content-layout":"","site-content-style":"default","site-sidebar-style":"default","ast-global-header-display":"","ast-banner-title-visibility":"","ast-main-header-display":"","ast-hfb-above-header-display":"","ast-hfb-below-header-display":"","ast-hfb-mobile-header-display":"","site-post-title":"","ast-breadcrumbs-content":"","ast-featured-img":"","footer-sml-layout":"","theme-transparent-header-meta":"","adv-header-id-meta":"","stick-header-meta":"","header-above-stick-meta":"","header-main-stick-meta":"","header-below-stick-meta":"","astra-migrate-meta-layouts":"default","ast-page-background-enabled":"default","ast-page-background-meta":{"desktop":{"background-color":"var(--ast-global-color-4)","background-image":"","background-repeat":"repeat","background-position":"center center","background-size":"auto","background-attachment":"scroll","background-type":"","background-media":"","overlay-type":"","overlay-color":"","overlay-opacity":"","overlay-gradient":""},"tablet":{"background-color":"","background-image":"","background-repeat":"repeat","background-position":"center center","background-size":"auto","background-attachment":"scroll","background-type":"","background-media":"","overlay-type":"","overlay-color":"","overlay-opacity":"","overlay-gradient":""},"mobile":{"background-color":"","background-image":"","background-repeat":"repeat","background-position":"center center","background-size":"auto","background-attachment":"scroll","background-type":"","background-media":"","overlay-type":"","overlay-color":"","overlay-opacity":"","overlay-gradient":""}},"ast-content-background-meta":{"desktop":{"background-color":"var(--ast-global-color-5)","background-image":"","background-repeat":"repeat","background-position":"center center","background-size":"auto","background-attachment":"scroll","background-type":"","background-media":"","overlay-type":"","overlay-color":"","overlay-opacity":"","overlay-gradient":""},"tablet":{"background-color":"var(--ast-global-color-5)","background-image":"","background-repeat":"repeat","background-position":"center center","background-size":"auto","background-attachment":"scroll","background-type":"","background-media":"","overlay-type":"","overlay-color":"","overlay-opacity":"","overlay-gradient":""},"mobile":{"background-color":"var(--ast-global-color-5)","background-image":"","background-repeat":"repeat","background-position":"center center","background-size":"auto","background-attachment":"scroll","background-type":"","background-media":"","overlay-type":"","overlay-color":"","overlay-opacity":"","overlay-gradient":""}},"footnotes":""},"categories":[10,11,12,13,14,15,202,281,282,261,46,1,255,50,4,5,265,288],"tags":[],"class_list":["post-6436","post","type-post","status-publish","format-standard","hentry","category-1r","category-2n","category-3r","category-4t","category-5e","category-6e","category-alumnat-nouvingut","category-cda","category-centresteamcat","category-cicle-de-grans","category-festes","category-general","category-ludics-i-magics","category-noticies","category-portada","category-primaria","category-sant-jordi","category-steamcat"],"post_mailing_queue_ids":[],"_links":{"self":[{"href":"https:\/\/agora.xtec.cat\/ceip-aguimera-vendrell\/wp-json\/wp\/v2\/posts\/6436","targetHints":{"allow":["GET"]}}],"collection":[{"href":"https:\/\/agora.xtec.cat\/ceip-aguimera-vendrell\/wp-json\/wp\/v2\/posts"}],"about":[{"href":"https:\/\/agora.xtec.cat\/ceip-aguimera-vendrell\/wp-json\/wp\/v2\/types\/post"}],"author":[{"embeddable":true,"href":"https:\/\/agora.xtec.cat\/ceip-aguimera-vendrell\/wp-json\/wp\/v2\/users\/98"}],"replies":[{"embeddable":true,"href":"https:\/\/agora.xtec.cat\/ceip-aguimera-vendrell\/wp-json\/wp\/v2\/comments?post=6436"}],"version-history":[{"count":3,"href":"https:\/\/agora.xtec.cat\/ceip-aguimera-vendrell\/wp-json\/wp\/v2\/posts\/6436\/revisions"}],"predecessor-version":[{"id":6453,"href":"https:\/\/agora.xtec.cat\/ceip-aguimera-vendrell\/wp-json\/wp\/v2\/posts\/6436\/revisions\/6453"}],"wp:attachment":[{"href":"https:\/\/agora.xtec.cat\/ceip-aguimera-vendrell\/wp-json\/wp\/v2\/media?parent=6436"}],"wp:term":[{"taxonomy":"category","embeddable":true,"href":"https:\/\/agora.xtec.cat\/ceip-aguimera-vendrell\/wp-json\/wp\/v2\/categories?post=6436"},{"taxonomy":"post_tag","embeddable":true,"href":"https:\/\/agora.xtec.cat\/ceip-aguimera-vendrell\/wp-json\/wp\/v2\/tags?post=6436"}],"curies":[{"name":"wp","href":"https:\/\/api.w.org\/{rel}","templated":true}]}}