{"id":5982,"date":"2022-12-20T18:25:40","date_gmt":"2022-12-20T17:25:40","guid":{"rendered":"https:\/\/agora.xtec.cat\/ceip-aguimera-vendrell\/?p=5982"},"modified":"2022-12-20T18:25:40","modified_gmt":"2022-12-20T17:25:40","slug":"cantada-de-nadales-al-cicle-de-grans","status":"publish","type":"post","link":"https:\/\/agora.xtec.cat\/ceip-aguimera-vendrell\/general\/cantada-de-nadales-al-cicle-de-grans\/","title":{"rendered":"Cantada de Nadales al Cicle de Grans!"},"content":{"rendered":"<p>Hola fam\u00edlies del Cicle de Grans!<\/p>\n<p>Avui <strong>20 de desembre de 2022<\/strong> hem assistit a l&#8217;<em><strong>Auditori de M\u00fasica Pau Casals<\/strong><\/em> del Vendrell per tal de cantar les tres nadales d&#8217;aquest any! A continuaci\u00f3, us deixem imatges d&#8217;aquests moments tan bonics, classificades per cursos!<\/p>\n<p><a href=\"https:\/\/photos.app.goo.gl\/giGTPe1boj65o4rp9\"><strong>Quart<\/strong><\/a><\/p>\n<p><a href=\"https:\/\/photos.app.goo.gl\/wbM6KsEUaGxfVgpN6\"><strong>Cinqu\u00e8<\/strong> <\/a><\/p>\n<p><a href=\"https:\/\/photos.app.goo.gl\/GStpmyaGyisH1CNC9\"><strong>Sis\u00e8<\/strong><\/a><\/p>\n<p>Esperem que us agradin!<\/p>\n<p style=\"text-align: right;\"><em>Les tutories i les especialitats del Cicle de Grans<\/em><\/p>\n<p><a href=\"https:\/\/agora.xtec.cat\/ceip-aguimera-vendrell\/wp-content\/uploads\/usu102\/2022\/12\/5201eac9-b75f-4934-b13f-e263612a9993-1.jpg\"><img loading=\"lazy\" decoding=\"async\" class=\"aligncenter size-large wp-image-5984\" src=\"https:\/\/agora.xtec.cat\/ceip-aguimera-vendrell\/wp-content\/uploads\/usu102\/2022\/12\/5201eac9-b75f-4934-b13f-e263612a9993-1-1024x577.jpg\" alt=\"\" width=\"1024\" height=\"577\" srcset=\"https:\/\/agora.xtec.cat\/ceip-aguimera-vendrell\/wp-content\/uploads\/usu102\/2022\/12\/5201eac9-b75f-4934-b13f-e263612a9993-1-1024x577.jpg 1024w, https:\/\/agora.xtec.cat\/ceip-aguimera-vendrell\/wp-content\/uploads\/usu102\/2022\/12\/5201eac9-b75f-4934-b13f-e263612a9993-1-300x169.jpg 300w, https:\/\/agora.xtec.cat\/ceip-aguimera-vendrell\/wp-content\/uploads\/usu102\/2022\/12\/5201eac9-b75f-4934-b13f-e263612a9993-1-768x432.jpg 768w, https:\/\/agora.xtec.cat\/ceip-aguimera-vendrell\/wp-content\/uploads\/usu102\/2022\/12\/5201eac9-b75f-4934-b13f-e263612a9993-1-1536x865.jpg 1536w, https:\/\/agora.xtec.cat\/ceip-aguimera-vendrell\/wp-content\/uploads\/usu102\/2022\/12\/5201eac9-b75f-4934-b13f-e263612a9993-1.jpg 2000w\" sizes=\"auto, (max-width: 1024px) 100vw, 1024px\" \/><\/a><\/p>\n","protected":false},"excerpt":{"rendered":"<p>Hola fam\u00edlies del Cicle de Grans! Avui 20 de desembre de 2022 hem assistit a l&#8217;Auditori de M\u00fasica Pau Casals del Vendrell per tal de cantar les tres nadales d&#8217;aquest any! A continuaci\u00f3, us deixem imatges d&#8217;aquests moments tan bonics, classificades per cursos! Quart Cinqu\u00e8 Sis\u00e8 Esperem que us agradin! Les tutories i les especialitats [&hellip;]<\/p>\n","protected":false},"author":98,"featured_media":5984,"comment_status":"open","ping_status":"closed","sticky":false,"template":"","format":"standard","meta":{"_bbp_topic_count":0,"_bbp_reply_count":0,"_bbp_total_topic_count":0,"_bbp_total_reply_count":0,"_bbp_voice_count":0,"_bbp_anonymous_reply_count":0,"_bbp_topic_count_hidden":0,"_bbp_reply_count_hidden":0,"_bbp_forum_subforum_count":0,"site-sidebar-layout":"default","site-content-layout":"","ast-site-content-layout":"","site-content-style":"default","site-sidebar-style":"default","ast-global-header-display":"","ast-banner-title-visibility":"","ast-main-header-display":"","ast-hfb-above-header-display":"","ast-hfb-below-header-display":"","ast-hfb-mobile-header-display":"","site-post-title":"","ast-breadcrumbs-content":"","ast-featured-img":"","footer-sml-layout":"","theme-transparent-header-meta":"","adv-header-id-meta":"","stick-header-meta":"","header-above-stick-meta":"","header-main-stick-meta":"","header-below-stick-meta":"","astra-migrate-meta-layouts":"default","ast-page-background-enabled":"default","ast-page-background-meta":{"desktop":{"background-color":"var(--ast-global-color-4)","background-image":"","background-repeat":"repeat","background-position":"center center","background-size":"auto","background-attachment":"scroll","background-type":"","background-media":"","overlay-type":"","overlay-color":"","overlay-opacity":"","overlay-gradient":""},"tablet":{"background-color":"","background-image":"","background-repeat":"repeat","background-position":"center center","background-size":"auto","background-attachment":"scroll","background-type":"","background-media":"","overlay-type":"","overlay-color":"","overlay-opacity":"","overlay-gradient":""},"mobile":{"background-color":"","background-image":"","background-repeat":"repeat","background-position":"center center","background-size":"auto","background-attachment":"scroll","background-type":"","background-media":"","overlay-type":"","overlay-color":"","overlay-opacity":"","overlay-gradient":""}},"ast-content-background-meta":{"desktop":{"background-color":"var(--ast-global-color-5)","background-image":"","background-repeat":"repeat","background-position":"center center","background-size":"auto","background-attachment":"scroll","background-type":"","background-media":"","overlay-type":"","overlay-color":"","overlay-opacity":"","overlay-gradient":""},"tablet":{"background-color":"var(--ast-global-color-5)","background-image":"","background-repeat":"repeat","background-position":"center center","background-size":"auto","background-attachment":"scroll","background-type":"","background-media":"","overlay-type":"","overlay-color":"","overlay-opacity":"","overlay-gradient":""},"mobile":{"background-color":"var(--ast-global-color-5)","background-image":"","background-repeat":"repeat","background-position":"center center","background-size":"auto","background-attachment":"scroll","background-type":"","background-media":"","overlay-type":"","overlay-color":"","overlay-opacity":"","overlay-gradient":""}},"footnotes":""},"categories":[249,13,14,15,281,282,261,46,1,126,286,50,4,5],"tags":[],"class_list":["post-5982","post","type-post","status-publish","format-standard","has-post-thumbnail","hentry","category-musica-","category-4t","category-5e","category-6e","category-cda","category-centresteamcat","category-cicle-de-grans","category-festes","category-general","category-musica","category-nadales","category-noticies","category-portada","category-primaria"],"post_mailing_queue_ids":[],"_links":{"self":[{"href":"https:\/\/agora.xtec.cat\/ceip-aguimera-vendrell\/wp-json\/wp\/v2\/posts\/5982","targetHints":{"allow":["GET"]}}],"collection":[{"href":"https:\/\/agora.xtec.cat\/ceip-aguimera-vendrell\/wp-json\/wp\/v2\/posts"}],"about":[{"href":"https:\/\/agora.xtec.cat\/ceip-aguimera-vendrell\/wp-json\/wp\/v2\/types\/post"}],"author":[{"embeddable":true,"href":"https:\/\/agora.xtec.cat\/ceip-aguimera-vendrell\/wp-json\/wp\/v2\/users\/98"}],"replies":[{"embeddable":true,"href":"https:\/\/agora.xtec.cat\/ceip-aguimera-vendrell\/wp-json\/wp\/v2\/comments?post=5982"}],"version-history":[{"count":1,"href":"https:\/\/agora.xtec.cat\/ceip-aguimera-vendrell\/wp-json\/wp\/v2\/posts\/5982\/revisions"}],"predecessor-version":[{"id":5985,"href":"https:\/\/agora.xtec.cat\/ceip-aguimera-vendrell\/wp-json\/wp\/v2\/posts\/5982\/revisions\/5985"}],"wp:featuredmedia":[{"embeddable":true,"href":"https:\/\/agora.xtec.cat\/ceip-aguimera-vendrell\/wp-json\/wp\/v2\/media\/5984"}],"wp:attachment":[{"href":"https:\/\/agora.xtec.cat\/ceip-aguimera-vendrell\/wp-json\/wp\/v2\/media?parent=5982"}],"wp:term":[{"taxonomy":"category","embeddable":true,"href":"https:\/\/agora.xtec.cat\/ceip-aguimera-vendrell\/wp-json\/wp\/v2\/categories?post=5982"},{"taxonomy":"post_tag","embeddable":true,"href":"https:\/\/agora.xtec.cat\/ceip-aguimera-vendrell\/wp-json\/wp\/v2\/tags?post=5982"}],"curies":[{"name":"wp","href":"https:\/\/api.w.org\/{rel}","templated":true}]}}