{"id":594,"date":"2013-06-18T17:12:27","date_gmt":"2013-06-18T15:12:27","guid":{"rendered":"http:\/\/blocs.xtec.cat\/supaguimeravendrell\/?p=594"},"modified":"2016-05-10T20:02:57","modified_gmt":"2016-05-10T19:02:57","slug":"sortida-final-de-curs-2012-2013","status":"publish","type":"post","link":"https:\/\/agora.xtec.cat\/ceip-aguimera-vendrell\/primaria\/sortida-final-de-curs-2012-2013\/","title":{"rendered":"Sortida final de curs 2012-2013"},"content":{"rendered":"<p>Els alumnes de cinqu\u00e8 i sis\u00e8 hem anat a L&#8217;Espluga de Francol\u00ed a veure la Cova de la Font Major com a cloenda d&#8217;aquest curs. Aqu\u00ed teniu un article que s&#8217;ha publicat sobre la nostra estada a la cova, i tamb\u00e9 tenim alguna foto. Ens ho vam passar for\u00e7a b\u00e9.<br \/>\nARTICLE<br \/>\nL\u2019Escola \u00c0ngel Guimer\u00e0 del Vendrell va fer una sortida els passats dies 13 i 14 de juny a l\u2019Espluga de Francol\u00ed. Un total de 88 alumnes de Cicle Superior i acompanyats pels seus professors, van visitar les Noves Coves de L\u2019Espluga, on van descobrir l\u2019evoluci\u00f3 humana des del Paleol\u00edtic fins l\u2019actualitat a trav\u00e9s d\u2019audiovisuals que recreen escenes de la prehist\u00f2ria amb personatges reals.<\/p>\n<p>Els alumnes de 5\u00e8, com a complement a la visita, van participar activament en un taller de prehist\u00f2ria, on van poder construir una cabana neol\u00edtica o van fer una pintura rupestre, entre d\u2019altres activitats.<br \/>\nEls alumnes de 6\u00e8 van descobrir la Ruta d\u2019aventura a les Coves de L\u2019Espluga. Equipats amb un vestit de neopr\u00e8, un casc i un llum de carbur, els alumnes van poder fer una ruta d\u2019iniciaci\u00f3 a l\u2019espeleologia pel riu subterrani que disc\u00f3rrer per l\u2019interior de les Coves. L\u2019activitat va durar unes dues hores i el grup va estar acompanyat en tot moment per dos monitors experts.<br \/>\n<embed width=\"400\" height=\"267\" type=\"application\/x-shockwave-flash\" src=\"https:\/\/static.googleusercontent.com\/external_content\/picasaweb.googleusercontent.com\/slideshow.swf\" flashvars=\"host=picasaweb.google.com&amp;hl=ca&amp;feat=flashalbum&amp;RGB=0x000000&amp;feed=https%3A%2F%2Fpicasaweb.google.com%2Fdata%2Ffeed%2Fapi%2Fuser%2F113626019035074298094%2Falbumid%2F5891236210070163905%3Falt%3Drss%26kind%3Dphoto%26hl%3Dca\" pluginspage=\"http:\/\/www.macromedia.com\/go\/getflashplayer\"><\/embed><\/p>\n","protected":false},"excerpt":{"rendered":"<p>Els alumnes de cinqu\u00e8 i sis\u00e8 hem anat a L&#8217;Espluga de Francol\u00ed a veure la Cova de la Font Major com a cloenda d&#8217;aquest curs. Aqu\u00ed teniu un article que s&#8217;ha publicat sobre la nostra estada a la cova, i tamb\u00e9 tenim alguna foto. Ens ho vam passar for\u00e7a b\u00e9. ARTICLE L\u2019Escola \u00c0ngel Guimer\u00e0 del [&hellip;]<\/p>\n","protected":false},"author":1,"featured_media":0,"comment_status":"open","ping_status":"open","sticky":false,"template":"","format":"standard","meta":{"_bbp_topic_count":0,"_bbp_reply_count":0,"_bbp_total_topic_count":0,"_bbp_total_reply_count":0,"_bbp_voice_count":0,"_bbp_anonymous_reply_count":0,"_bbp_topic_count_hidden":0,"_bbp_reply_count_hidden":0,"_bbp_forum_subforum_count":0,"site-sidebar-layout":"default","site-content-layout":"","ast-site-content-layout":"","site-content-style":"default","site-sidebar-style":"default","ast-global-header-display":"","ast-banner-title-visibility":"","ast-main-header-display":"","ast-hfb-above-header-display":"","ast-hfb-below-header-display":"","ast-hfb-mobile-header-display":"","site-post-title":"","ast-breadcrumbs-content":"","ast-featured-img":"","footer-sml-layout":"","theme-transparent-header-meta":"","adv-header-id-meta":"","stick-header-meta":"","header-above-stick-meta":"","header-main-stick-meta":"","header-below-stick-meta":"","astra-migrate-meta-layouts":"default","ast-page-background-enabled":"default","ast-page-background-meta":{"desktop":{"background-color":"var(--ast-global-color-4)","background-image":"","background-repeat":"repeat","background-position":"center center","background-size":"auto","background-attachment":"scroll","background-type":"","background-media":"","overlay-type":"","overlay-color":"","overlay-opacity":"","overlay-gradient":""},"tablet":{"background-color":"","background-image":"","background-repeat":"repeat","background-position":"center center","background-size":"auto","background-attachment":"scroll","background-type":"","background-media":"","overlay-type":"","overlay-color":"","overlay-opacity":"","overlay-gradient":""},"mobile":{"background-color":"","background-image":"","background-repeat":"repeat","background-position":"center center","background-size":"auto","background-attachment":"scroll","background-type":"","background-media":"","overlay-type":"","overlay-color":"","overlay-opacity":"","overlay-gradient":""}},"ast-content-background-meta":{"desktop":{"background-color":"var(--ast-global-color-5)","background-image":"","background-repeat":"repeat","background-position":"center center","background-size":"auto","background-attachment":"scroll","background-type":"","background-media":"","overlay-type":"","overlay-color":"","overlay-opacity":"","overlay-gradient":""},"tablet":{"background-color":"var(--ast-global-color-5)","background-image":"","background-repeat":"repeat","background-position":"center center","background-size":"auto","background-attachment":"scroll","background-type":"","background-media":"","overlay-type":"","overlay-color":"","overlay-opacity":"","overlay-gradient":""},"mobile":{"background-color":"var(--ast-global-color-5)","background-image":"","background-repeat":"repeat","background-position":"center center","background-size":"auto","background-attachment":"scroll","background-type":"","background-media":"","overlay-type":"","overlay-color":"","overlay-opacity":"","overlay-gradient":""}},"footnotes":""},"categories":[14,15,5],"tags":[],"class_list":["post-594","post","type-post","status-publish","format-standard","hentry","category-5e","category-6e","category-primaria"],"post_mailing_queue_ids":[],"_links":{"self":[{"href":"https:\/\/agora.xtec.cat\/ceip-aguimera-vendrell\/wp-json\/wp\/v2\/posts\/594","targetHints":{"allow":["GET"]}}],"collection":[{"href":"https:\/\/agora.xtec.cat\/ceip-aguimera-vendrell\/wp-json\/wp\/v2\/posts"}],"about":[{"href":"https:\/\/agora.xtec.cat\/ceip-aguimera-vendrell\/wp-json\/wp\/v2\/types\/post"}],"author":[{"embeddable":true,"href":"https:\/\/agora.xtec.cat\/ceip-aguimera-vendrell\/wp-json\/wp\/v2\/users\/1"}],"replies":[{"embeddable":true,"href":"https:\/\/agora.xtec.cat\/ceip-aguimera-vendrell\/wp-json\/wp\/v2\/comments?post=594"}],"version-history":[{"count":2,"href":"https:\/\/agora.xtec.cat\/ceip-aguimera-vendrell\/wp-json\/wp\/v2\/posts\/594\/revisions"}],"predecessor-version":[{"id":660,"href":"https:\/\/agora.xtec.cat\/ceip-aguimera-vendrell\/wp-json\/wp\/v2\/posts\/594\/revisions\/660"}],"wp:attachment":[{"href":"https:\/\/agora.xtec.cat\/ceip-aguimera-vendrell\/wp-json\/wp\/v2\/media?parent=594"}],"wp:term":[{"taxonomy":"category","embeddable":true,"href":"https:\/\/agora.xtec.cat\/ceip-aguimera-vendrell\/wp-json\/wp\/v2\/categories?post=594"},{"taxonomy":"post_tag","embeddable":true,"href":"https:\/\/agora.xtec.cat\/ceip-aguimera-vendrell\/wp-json\/wp\/v2\/tags?post=594"}],"curies":[{"name":"wp","href":"https:\/\/api.w.org\/{rel}","templated":true}]}}