{"id":5818,"date":"2022-11-03T17:02:52","date_gmt":"2022-11-03T16:02:52","guid":{"rendered":"https:\/\/agora.xtec.cat\/ceip-aguimera-vendrell\/?p=5818"},"modified":"2022-11-03T17:09:29","modified_gmt":"2022-11-03T16:09:29","slug":"cinque-apren-sobre-pau-casals","status":"publish","type":"post","link":"https:\/\/agora.xtec.cat\/ceip-aguimera-vendrell\/general\/cinque-apren-sobre-pau-casals\/","title":{"rendered":"Cinqu\u00e8 apr\u00e8n sobre Pau Casals!"},"content":{"rendered":"<p>Hola fam\u00edlies!<\/p>\n<p>Avui l&#8217;alumnat de <strong>Cinqu\u00e8<\/strong> ha visitat l&#8217;<strong>Auditori Pau Casals<\/strong>, on ha pogut assistir a un concert de vent metall molt bonic. Despr\u00e9s, han visitat el <strong>Museu Pau Casals<\/strong>, on han fet un recorregut per la casa d&#8217;aquest important\u00edssim personatge hist\u00f2ric i han apr\u00e8s molt\u00edssimes coses.<\/p>\n<p><a href=\"https:\/\/photos.app.goo.gl\/gg6e27XzK5UctE9m9\">Aqu\u00ed<\/a> us deixem unes quantes fotos de la jornada!<\/p>\n<p>Marta, Ra\u00fal i Laia.<\/p>\n<p><a href=\"https:\/\/agora.xtec.cat\/ceip-aguimera-vendrell\/wp-content\/uploads\/usu102\/2022\/11\/5fd69cf7-eb0c-40ea-8638-e6753ce22932.jpg\"><img loading=\"lazy\" decoding=\"async\" class=\"aligncenter size-large wp-image-5819\" src=\"https:\/\/agora.xtec.cat\/ceip-aguimera-vendrell\/wp-content\/uploads\/usu102\/2022\/11\/5fd69cf7-eb0c-40ea-8638-e6753ce22932-1024x768.jpg\" alt=\"\" width=\"1024\" height=\"768\" srcset=\"https:\/\/agora.xtec.cat\/ceip-aguimera-vendrell\/wp-content\/uploads\/usu102\/2022\/11\/5fd69cf7-eb0c-40ea-8638-e6753ce22932-1024x768.jpg 1024w, https:\/\/agora.xtec.cat\/ceip-aguimera-vendrell\/wp-content\/uploads\/usu102\/2022\/11\/5fd69cf7-eb0c-40ea-8638-e6753ce22932-300x225.jpg 300w, https:\/\/agora.xtec.cat\/ceip-aguimera-vendrell\/wp-content\/uploads\/usu102\/2022\/11\/5fd69cf7-eb0c-40ea-8638-e6753ce22932-768x576.jpg 768w, https:\/\/agora.xtec.cat\/ceip-aguimera-vendrell\/wp-content\/uploads\/usu102\/2022\/11\/5fd69cf7-eb0c-40ea-8638-e6753ce22932-1536x1152.jpg 1536w, https:\/\/agora.xtec.cat\/ceip-aguimera-vendrell\/wp-content\/uploads\/usu102\/2022\/11\/5fd69cf7-eb0c-40ea-8638-e6753ce22932-200x150.jpg 200w, https:\/\/agora.xtec.cat\/ceip-aguimera-vendrell\/wp-content\/uploads\/usu102\/2022\/11\/5fd69cf7-eb0c-40ea-8638-e6753ce22932.jpg 1600w\" sizes=\"auto, (max-width: 1024px) 100vw, 1024px\" \/><\/a><\/p>\n","protected":false},"excerpt":{"rendered":"<p>Hola fam\u00edlies! Avui l&#8217;alumnat de Cinqu\u00e8 ha visitat l&#8217;Auditori Pau Casals, on ha pogut assistir a un concert de vent metall molt bonic. Despr\u00e9s, han visitat el Museu Pau Casals, on han fet un recorregut per la casa d&#8217;aquest important\u00edssim personatge hist\u00f2ric i han apr\u00e8s molt\u00edssimes coses. Aqu\u00ed us deixem unes quantes fotos de la [&hellip;]<\/p>\n","protected":false},"author":98,"featured_media":5819,"comment_status":"open","ping_status":"closed","sticky":false,"template":"","format":"standard","meta":{"_bbp_topic_count":0,"_bbp_reply_count":0,"_bbp_total_topic_count":0,"_bbp_total_reply_count":0,"_bbp_voice_count":0,"_bbp_anonymous_reply_count":0,"_bbp_topic_count_hidden":0,"_bbp_reply_count_hidden":0,"_bbp_forum_subforum_count":0,"site-sidebar-layout":"default","site-content-layout":"","ast-site-content-layout":"","site-content-style":"default","site-sidebar-style":"default","ast-global-header-display":"","ast-banner-title-visibility":"","ast-main-header-display":"","ast-hfb-above-header-display":"","ast-hfb-below-header-display":"","ast-hfb-mobile-header-display":"","site-post-title":"","ast-breadcrumbs-content":"","ast-featured-img":"","footer-sml-layout":"","theme-transparent-header-meta":"","adv-header-id-meta":"","stick-header-meta":"","header-above-stick-meta":"","header-main-stick-meta":"","header-below-stick-meta":"","astra-migrate-meta-layouts":"default","ast-page-background-enabled":"default","ast-page-background-meta":{"desktop":{"background-color":"var(--ast-global-color-4)","background-image":"","background-repeat":"repeat","background-position":"center center","background-size":"auto","background-attachment":"scroll","background-type":"","background-media":"","overlay-type":"","overlay-color":"","overlay-opacity":"","overlay-gradient":""},"tablet":{"background-color":"","background-image":"","background-repeat":"repeat","background-position":"center center","background-size":"auto","background-attachment":"scroll","background-type":"","background-media":"","overlay-type":"","overlay-color":"","overlay-opacity":"","overlay-gradient":""},"mobile":{"background-color":"","background-image":"","background-repeat":"repeat","background-position":"center center","background-size":"auto","background-attachment":"scroll","background-type":"","background-media":"","overlay-type":"","overlay-color":"","overlay-opacity":"","overlay-gradient":""}},"ast-content-background-meta":{"desktop":{"background-color":"var(--ast-global-color-5)","background-image":"","background-repeat":"repeat","background-position":"center center","background-size":"auto","background-attachment":"scroll","background-type":"","background-media":"","overlay-type":"","overlay-color":"","overlay-opacity":"","overlay-gradient":""},"tablet":{"background-color":"var(--ast-global-color-5)","background-image":"","background-repeat":"repeat","background-position":"center center","background-size":"auto","background-attachment":"scroll","background-type":"","background-media":"","overlay-type":"","overlay-color":"","overlay-opacity":"","overlay-gradient":""},"mobile":{"background-color":"var(--ast-global-color-5)","background-image":"","background-repeat":"repeat","background-position":"center center","background-size":"auto","background-attachment":"scroll","background-type":"","background-media":"","overlay-type":"","overlay-color":"","overlay-opacity":"","overlay-gradient":""}},"footnotes":""},"categories":[249,14,281,282,261,1,126,50,4,5,271],"tags":[],"class_list":["post-5818","post","type-post","status-publish","format-standard","has-post-thumbnail","hentry","category-musica-","category-5e","category-cda","category-centresteamcat","category-cicle-de-grans","category-general","category-musica","category-noticies","category-portada","category-primaria","category-sortides"],"post_mailing_queue_ids":[],"_links":{"self":[{"href":"https:\/\/agora.xtec.cat\/ceip-aguimera-vendrell\/wp-json\/wp\/v2\/posts\/5818","targetHints":{"allow":["GET"]}}],"collection":[{"href":"https:\/\/agora.xtec.cat\/ceip-aguimera-vendrell\/wp-json\/wp\/v2\/posts"}],"about":[{"href":"https:\/\/agora.xtec.cat\/ceip-aguimera-vendrell\/wp-json\/wp\/v2\/types\/post"}],"author":[{"embeddable":true,"href":"https:\/\/agora.xtec.cat\/ceip-aguimera-vendrell\/wp-json\/wp\/v2\/users\/98"}],"replies":[{"embeddable":true,"href":"https:\/\/agora.xtec.cat\/ceip-aguimera-vendrell\/wp-json\/wp\/v2\/comments?post=5818"}],"version-history":[{"count":3,"href":"https:\/\/agora.xtec.cat\/ceip-aguimera-vendrell\/wp-json\/wp\/v2\/posts\/5818\/revisions"}],"predecessor-version":[{"id":5822,"href":"https:\/\/agora.xtec.cat\/ceip-aguimera-vendrell\/wp-json\/wp\/v2\/posts\/5818\/revisions\/5822"}],"wp:featuredmedia":[{"embeddable":true,"href":"https:\/\/agora.xtec.cat\/ceip-aguimera-vendrell\/wp-json\/wp\/v2\/media\/5819"}],"wp:attachment":[{"href":"https:\/\/agora.xtec.cat\/ceip-aguimera-vendrell\/wp-json\/wp\/v2\/media?parent=5818"}],"wp:term":[{"taxonomy":"category","embeddable":true,"href":"https:\/\/agora.xtec.cat\/ceip-aguimera-vendrell\/wp-json\/wp\/v2\/categories?post=5818"},{"taxonomy":"post_tag","embeddable":true,"href":"https:\/\/agora.xtec.cat\/ceip-aguimera-vendrell\/wp-json\/wp\/v2\/tags?post=5818"}],"curies":[{"name":"wp","href":"https:\/\/api.w.org\/{rel}","templated":true}]}}