{"id":5769,"date":"2022-10-31T10:50:28","date_gmt":"2022-10-31T09:50:28","guid":{"rendered":"https:\/\/agora.xtec.cat\/ceip-aguimera-vendrell\/?p=5769"},"modified":"2022-11-02T09:25:29","modified_gmt":"2022-11-02T08:25:29","slug":"la-castanyada-al-cicle-de-mitjans-2022","status":"publish","type":"post","link":"https:\/\/agora.xtec.cat\/ceip-aguimera-vendrell\/general\/la-castanyada-al-cicle-de-mitjans-2022\/","title":{"rendered":"LA CASTANYADA AL CICLE DE MITJANS. 2022"},"content":{"rendered":"<p>Benvingudes fam\u00edlies,<\/p>\n<p>Aquest divendres 28 d&#8217;octubre els alumnes del cicle de mitjans hem celebrat la castanyada a l&#8217;escola. Pel mat\u00ed, ens ha visitat la castanyera i hem ballat unes danses. Despr\u00e9s, hem celebrat el concurs de dibuix i hem gaudit d&#8217;una estona de m\u00fasica i ball. Ens ho hem passat molt i molt b\u00e9!!!<\/p>\n<p>A la tarda, ens han vingut a portar les castanyes els i les alumnes de cinqu\u00e8 que anaven molt guapos i guapes de castanyers i castanyeres. Nosaltres, els hem recitat el poema de la tardor que ens hem anat preparant al llarg d&#8217;aquesta setmana a l&#8217;escola. A m\u00e9s, hem fet unes manualitats que ens han quedat xul\u00edssimes.<\/p>\n<p><strong><a href=\"https:\/\/photos.app.goo.gl\/kdSg7wrKCczMeNvY6\">Mireu, mireu!!!<\/a><\/strong><\/p>\n<p><a href=\"https:\/\/photos.app.goo.gl\/qnJeGhRmQQ7EG2xb9\">1rA<\/a><\/p>\n<p><a href=\"https:\/\/photos.app.goo.gl\/8y3Nmr6D43Lgbpwa8\">1rB<\/a><\/p>\n<p><a href=\"https:\/\/photos.app.goo.gl\/2zbY9iDysg17Uxxp6\">2nB<\/a><\/p>\n<p><a href=\"https:\/\/photos.app.goo.gl\/sLPj7oMXYb3Pxmwp7\">2nB VIDEO<\/a><\/p>\n<p><a href=\"https:\/\/photos.app.goo.gl\/fYAJcvHfmJb5MzDLA\">3rA<\/a><\/p>\n<p><a href=\"https:\/\/photos.app.goo.gl\/bMN11MUkPZknwwCu6\">3rB<\/a><\/p>\n","protected":false},"excerpt":{"rendered":"<p>Benvingudes fam\u00edlies, Aquest divendres 28 d&#8217;octubre els alumnes del cicle de mitjans hem celebrat la castanyada a l&#8217;escola. Pel mat\u00ed, ens ha visitat la castanyera i hem ballat unes danses. Despr\u00e9s, hem celebrat el concurs de dibuix i hem gaudit d&#8217;una estona de m\u00fasica i ball. Ens ho hem passat molt i molt b\u00e9!!! A [&hellip;]<\/p>\n","protected":false},"author":99,"featured_media":0,"comment_status":"open","ping_status":"closed","sticky":false,"template":"","format":"standard","meta":{"_bbp_topic_count":0,"_bbp_reply_count":0,"_bbp_total_topic_count":0,"_bbp_total_reply_count":0,"_bbp_voice_count":0,"_bbp_anonymous_reply_count":0,"_bbp_topic_count_hidden":0,"_bbp_reply_count_hidden":0,"_bbp_forum_subforum_count":0,"site-sidebar-layout":"default","site-content-layout":"","ast-site-content-layout":"","site-content-style":"default","site-sidebar-style":"default","ast-global-header-display":"","ast-banner-title-visibility":"","ast-main-header-display":"","ast-hfb-above-header-display":"","ast-hfb-below-header-display":"","ast-hfb-mobile-header-display":"","site-post-title":"","ast-breadcrumbs-content":"","ast-featured-img":"","footer-sml-layout":"","theme-transparent-header-meta":"","adv-header-id-meta":"","stick-header-meta":"","header-above-stick-meta":"","header-main-stick-meta":"","header-below-stick-meta":"","astra-migrate-meta-layouts":"default","ast-page-background-enabled":"default","ast-page-background-meta":{"desktop":{"background-color":"var(--ast-global-color-4)","background-image":"","background-repeat":"repeat","background-position":"center center","background-size":"auto","background-attachment":"scroll","background-type":"","background-media":"","overlay-type":"","overlay-color":"","overlay-opacity":"","overlay-gradient":""},"tablet":{"background-color":"","background-image":"","background-repeat":"repeat","background-position":"center center","background-size":"auto","background-attachment":"scroll","background-type":"","background-media":"","overlay-type":"","overlay-color":"","overlay-opacity":"","overlay-gradient":""},"mobile":{"background-color":"","background-image":"","background-repeat":"repeat","background-position":"center center","background-size":"auto","background-attachment":"scroll","background-type":"","background-media":"","overlay-type":"","overlay-color":"","overlay-opacity":"","overlay-gradient":""}},"ast-content-background-meta":{"desktop":{"background-color":"var(--ast-global-color-5)","background-image":"","background-repeat":"repeat","background-position":"center center","background-size":"auto","background-attachment":"scroll","background-type":"","background-media":"","overlay-type":"","overlay-color":"","overlay-opacity":"","overlay-gradient":""},"tablet":{"background-color":"var(--ast-global-color-5)","background-image":"","background-repeat":"repeat","background-position":"center center","background-size":"auto","background-attachment":"scroll","background-type":"","background-media":"","overlay-type":"","overlay-color":"","overlay-opacity":"","overlay-gradient":""},"mobile":{"background-color":"var(--ast-global-color-5)","background-image":"","background-repeat":"repeat","background-position":"center center","background-size":"auto","background-attachment":"scroll","background-type":"","background-media":"","overlay-type":"","overlay-color":"","overlay-opacity":"","overlay-gradient":""}},"footnotes":""},"categories":[249,10,11,12,283,281,282,46,1,4,5],"tags":[],"class_list":["post-5769","post","type-post","status-publish","format-standard","hentry","category-musica-","category-1r","category-2n","category-3r","category-castanyada","category-cda","category-centresteamcat","category-festes","category-general","category-portada","category-primaria"],"post_mailing_queue_ids":[],"_links":{"self":[{"href":"https:\/\/agora.xtec.cat\/ceip-aguimera-vendrell\/wp-json\/wp\/v2\/posts\/5769","targetHints":{"allow":["GET"]}}],"collection":[{"href":"https:\/\/agora.xtec.cat\/ceip-aguimera-vendrell\/wp-json\/wp\/v2\/posts"}],"about":[{"href":"https:\/\/agora.xtec.cat\/ceip-aguimera-vendrell\/wp-json\/wp\/v2\/types\/post"}],"author":[{"embeddable":true,"href":"https:\/\/agora.xtec.cat\/ceip-aguimera-vendrell\/wp-json\/wp\/v2\/users\/99"}],"replies":[{"embeddable":true,"href":"https:\/\/agora.xtec.cat\/ceip-aguimera-vendrell\/wp-json\/wp\/v2\/comments?post=5769"}],"version-history":[{"count":3,"href":"https:\/\/agora.xtec.cat\/ceip-aguimera-vendrell\/wp-json\/wp\/v2\/posts\/5769\/revisions"}],"predecessor-version":[{"id":5816,"href":"https:\/\/agora.xtec.cat\/ceip-aguimera-vendrell\/wp-json\/wp\/v2\/posts\/5769\/revisions\/5816"}],"wp:attachment":[{"href":"https:\/\/agora.xtec.cat\/ceip-aguimera-vendrell\/wp-json\/wp\/v2\/media?parent=5769"}],"wp:term":[{"taxonomy":"category","embeddable":true,"href":"https:\/\/agora.xtec.cat\/ceip-aguimera-vendrell\/wp-json\/wp\/v2\/categories?post=5769"},{"taxonomy":"post_tag","embeddable":true,"href":"https:\/\/agora.xtec.cat\/ceip-aguimera-vendrell\/wp-json\/wp\/v2\/tags?post=5769"}],"curies":[{"name":"wp","href":"https:\/\/api.w.org\/{rel}","templated":true}]}}