{"id":5180,"date":"2022-02-12T17:30:54","date_gmt":"2022-02-12T16:30:54","guid":{"rendered":"https:\/\/agora.xtec.cat\/ceip-aguimera-vendrell\/?p=5180"},"modified":"2022-02-21T16:40:34","modified_gmt":"2022-02-21T15:40:34","slug":"a-borboletinha","status":"publish","type":"post","link":"https:\/\/agora.xtec.cat\/ceip-aguimera-vendrell\/general\/a-borboletinha\/","title":{"rendered":"A Borboletinha"},"content":{"rendered":"<p>Aquestes setmanes hem apr\u00e8s una nova can\u00e7\u00f3, &#8220;<a href=\"https:\/\/youtu.be\/28iW_O5qWfU\">A\u00a0<span class=\"hiddenSpellError\">Borboletinha<\/span><\/a>&#8220;, una can\u00e7\u00f3 portuguesa que ha agradat molt\u00edssim, tant que fins i tot l&#8217;alumnat de 4t ha guixat per tot el pati l&#8217;escenari per practicar i gaudir al m\u00e0xim. Ritme, pulsaci\u00f3, melodia, treball grupal, cohesi\u00f3, escolta activa, paci\u00e8ncia, autonomia, riure i motricitat. Cada dia una descoberta nova!<\/p>\n<div style=\"width: 640px;\" class=\"wp-video\"><!--[if lt IE 9]><script>document.createElement('video');<\/script><![endif]-->\n<video class=\"wp-video-shortcode\" id=\"video-5180-1\" width=\"640\" height=\"640\" preload=\"metadata\" controls=\"controls\"><source type=\"video\/mp4\" src=\"https:\/\/agora.xtec.cat\/ceip-aguimera-vendrell\/wp-content\/uploads\/usu102\/2022\/02\/vid-20220221-wa0000_2b2MygPZ.mp4?_=1\" \/><a href=\"https:\/\/agora.xtec.cat\/ceip-aguimera-vendrell\/wp-content\/uploads\/usu102\/2022\/02\/vid-20220221-wa0000_2b2MygPZ.mp4\">https:\/\/agora.xtec.cat\/ceip-aguimera-vendrell\/wp-content\/uploads\/usu102\/2022\/02\/vid-20220221-wa0000_2b2MygPZ.mp4<\/a><\/video><\/div>\n","protected":false},"excerpt":{"rendered":"<p>Aquestes setmanes hem apr\u00e8s una nova can\u00e7\u00f3, &#8220;A\u00a0Borboletinha&#8220;, una can\u00e7\u00f3 portuguesa que ha agradat molt\u00edssim, tant que fins i tot l&#8217;alumnat de 4t ha guixat per tot el pati l&#8217;escenari per practicar i gaudir al m\u00e0xim. Ritme, pulsaci\u00f3, melodia, treball grupal, cohesi\u00f3, escolta activa, paci\u00e8ncia, autonomia, riure i motricitat. Cada dia una descoberta nova!<\/p>\n","protected":false},"author":1,"featured_media":5183,"comment_status":"open","ping_status":"closed","sticky":false,"template":"","format":"standard","meta":{"_bbp_topic_count":0,"_bbp_reply_count":0,"_bbp_total_topic_count":0,"_bbp_total_reply_count":0,"_bbp_voice_count":0,"_bbp_anonymous_reply_count":0,"_bbp_topic_count_hidden":0,"_bbp_reply_count_hidden":0,"_bbp_forum_subforum_count":0,"site-sidebar-layout":"default","site-content-layout":"","ast-site-content-layout":"","site-content-style":"default","site-sidebar-style":"default","ast-global-header-display":"","ast-banner-title-visibility":"","ast-main-header-display":"","ast-hfb-above-header-display":"","ast-hfb-below-header-display":"","ast-hfb-mobile-header-display":"","site-post-title":"","ast-breadcrumbs-content":"","ast-featured-img":"","footer-sml-layout":"","theme-transparent-header-meta":"","adv-header-id-meta":"","stick-header-meta":"","header-above-stick-meta":"","header-main-stick-meta":"","header-below-stick-meta":"","astra-migrate-meta-layouts":"default","ast-page-background-enabled":"default","ast-page-background-meta":{"desktop":{"background-color":"var(--ast-global-color-4)","background-image":"","background-repeat":"repeat","background-position":"center center","background-size":"auto","background-attachment":"scroll","background-type":"","background-media":"","overlay-type":"","overlay-color":"","overlay-opacity":"","overlay-gradient":""},"tablet":{"background-color":"","background-image":"","background-repeat":"repeat","background-position":"center center","background-size":"auto","background-attachment":"scroll","background-type":"","background-media":"","overlay-type":"","overlay-color":"","overlay-opacity":"","overlay-gradient":""},"mobile":{"background-color":"","background-image":"","background-repeat":"repeat","background-position":"center center","background-size":"auto","background-attachment":"scroll","background-type":"","background-media":"","overlay-type":"","overlay-color":"","overlay-opacity":"","overlay-gradient":""}},"ast-content-background-meta":{"desktop":{"background-color":"var(--ast-global-color-5)","background-image":"","background-repeat":"repeat","background-position":"center center","background-size":"auto","background-attachment":"scroll","background-type":"","background-media":"","overlay-type":"","overlay-color":"","overlay-opacity":"","overlay-gradient":""},"tablet":{"background-color":"var(--ast-global-color-5)","background-image":"","background-repeat":"repeat","background-position":"center center","background-size":"auto","background-attachment":"scroll","background-type":"","background-media":"","overlay-type":"","overlay-color":"","overlay-opacity":"","overlay-gradient":""},"mobile":{"background-color":"var(--ast-global-color-5)","background-image":"","background-repeat":"repeat","background-position":"center center","background-size":"auto","background-attachment":"scroll","background-type":"","background-media":"","overlay-type":"","overlay-color":"","overlay-opacity":"","overlay-gradient":""}},"footnotes":""},"categories":[249,235,13,1,126,4,5],"tags":[],"class_list":["post-5180","post","type-post","status-publish","format-standard","has-post-thumbnail","hentry","category-musica-","category-4rt","category-4t","category-general","category-musica","category-portada","category-primaria"],"post_mailing_queue_ids":[],"_links":{"self":[{"href":"https:\/\/agora.xtec.cat\/ceip-aguimera-vendrell\/wp-json\/wp\/v2\/posts\/5180","targetHints":{"allow":["GET"]}}],"collection":[{"href":"https:\/\/agora.xtec.cat\/ceip-aguimera-vendrell\/wp-json\/wp\/v2\/posts"}],"about":[{"href":"https:\/\/agora.xtec.cat\/ceip-aguimera-vendrell\/wp-json\/wp\/v2\/types\/post"}],"author":[{"embeddable":true,"href":"https:\/\/agora.xtec.cat\/ceip-aguimera-vendrell\/wp-json\/wp\/v2\/users\/1"}],"replies":[{"embeddable":true,"href":"https:\/\/agora.xtec.cat\/ceip-aguimera-vendrell\/wp-json\/wp\/v2\/comments?post=5180"}],"version-history":[{"count":1,"href":"https:\/\/agora.xtec.cat\/ceip-aguimera-vendrell\/wp-json\/wp\/v2\/posts\/5180\/revisions"}],"predecessor-version":[{"id":5182,"href":"https:\/\/agora.xtec.cat\/ceip-aguimera-vendrell\/wp-json\/wp\/v2\/posts\/5180\/revisions\/5182"}],"wp:featuredmedia":[{"embeddable":true,"href":"https:\/\/agora.xtec.cat\/ceip-aguimera-vendrell\/wp-json\/wp\/v2\/media\/5183"}],"wp:attachment":[{"href":"https:\/\/agora.xtec.cat\/ceip-aguimera-vendrell\/wp-json\/wp\/v2\/media?parent=5180"}],"wp:term":[{"taxonomy":"category","embeddable":true,"href":"https:\/\/agora.xtec.cat\/ceip-aguimera-vendrell\/wp-json\/wp\/v2\/categories?post=5180"},{"taxonomy":"post_tag","embeddable":true,"href":"https:\/\/agora.xtec.cat\/ceip-aguimera-vendrell\/wp-json\/wp\/v2\/tags?post=5180"}],"curies":[{"name":"wp","href":"https:\/\/api.w.org\/{rel}","templated":true}]}}