{"id":4137,"date":"2021-04-22T19:21:07","date_gmt":"2021-04-22T17:21:07","guid":{"rendered":"https:\/\/agora.xtec.cat\/ceip-aguimera-vendrell\/?p=4137"},"modified":"2021-04-22T19:44:33","modified_gmt":"2021-04-22T17:44:33","slug":"lunivers-projecte-de-2n-c","status":"publish","type":"post","link":"https:\/\/agora.xtec.cat\/ceip-aguimera-vendrell\/general\/lunivers-projecte-de-2n-c\/","title":{"rendered":"L&#8217;Univers. Projecte de 2n C"},"content":{"rendered":"<p>Al llarg del mes de mar\u00e7 i una part de l&#8217;abril, els alumnes de 2n C hem estudiat un tema que hem triat per votaci\u00f3: L&#8217;Univers.<\/p>\n<p>Un cop triat el tema vam pensar qu\u00e8 vol\u00edem saber sobre l&#8217;espai, l&#8217;univers, els planetes&#8230; \u00c9s un tema molt ampli, i van sortir un munt de preguntes. Quants planetes hi ha? La Lluna \u00e9s un planeta?\u00a0 Qu\u00e8 s\u00f3n els asteroides? Qu\u00e8 s\u00f3n les estrelles? I les constel\u00b7lacions? Qu\u00e8 s\u00f3n els forats negres? Quin \u00e9s el planeta blau? I el vermell? Existeixen els extraterrestres? Com viuen els astronautes a l&#8217;espai?<\/p>\n<p>Hem apr\u00e8s els noms dels planetes del nostre sistema solar, hem buscat informacions amb les tablets i ordinadors, hem fet un dossier amb moltes coses interessants sobre aquest tema, hem creat noves constel\u00b7lacions i hem dibuixat \u00e0liens, hem pogut contestar moltes preguntes&#8230; per\u00f2 no totes! I hem fet el nostre &#8220;astronauta&#8221;.<\/p>\n<p>Aqu\u00ed teniu unes quantes <a href=\"https:\/\/photos.app.goo.gl\/Rb9VCZaUzRoHwqq27\" target=\"_blank\" rel=\"noopener noreferrer\">fotos dels nostres astronautes <\/a>Tamb\u00e9 n&#8217;hem fet per als diferents mestres de la nostra classe!<\/p>\n<p>I aqu\u00ed en teniu un <a href=\"https:\/\/photos.app.goo.gl\/2Efey8FPvoDU38Pu7\" target=\"_blank\" rel=\"noopener noreferrer\">v\u00eddeo<\/a>!<\/p>\n","protected":false},"excerpt":{"rendered":"<p>Al llarg del mes de mar\u00e7 i una part de l&#8217;abril, els alumnes de 2n C hem estudiat un tema que hem triat per votaci\u00f3: L&#8217;Univers. Un cop triat el tema vam pensar qu\u00e8 vol\u00edem saber sobre l&#8217;espai, l&#8217;univers, els planetes&#8230; \u00c9s un tema molt ampli, i van sortir un munt de preguntes. Quants planetes [&hellip;]<\/p>\n","protected":false},"author":1,"featured_media":4142,"comment_status":"open","ping_status":"closed","sticky":false,"template":"","format":"standard","meta":{"_bbp_topic_count":0,"_bbp_reply_count":0,"_bbp_total_topic_count":0,"_bbp_total_reply_count":0,"_bbp_voice_count":0,"_bbp_anonymous_reply_count":0,"_bbp_topic_count_hidden":0,"_bbp_reply_count_hidden":0,"_bbp_forum_subforum_count":0,"site-sidebar-layout":"default","site-content-layout":"","ast-site-content-layout":"","site-content-style":"default","site-sidebar-style":"default","ast-global-header-display":"","ast-banner-title-visibility":"","ast-main-header-display":"","ast-hfb-above-header-display":"","ast-hfb-below-header-display":"","ast-hfb-mobile-header-display":"","site-post-title":"","ast-breadcrumbs-content":"","ast-featured-img":"","footer-sml-layout":"","theme-transparent-header-meta":"","adv-header-id-meta":"","stick-header-meta":"","header-above-stick-meta":"","header-main-stick-meta":"","header-below-stick-meta":"","astra-migrate-meta-layouts":"default","ast-page-background-enabled":"default","ast-page-background-meta":{"desktop":{"background-color":"var(--ast-global-color-4)","background-image":"","background-repeat":"repeat","background-position":"center center","background-size":"auto","background-attachment":"scroll","background-type":"","background-media":"","overlay-type":"","overlay-color":"","overlay-opacity":"","overlay-gradient":""},"tablet":{"background-color":"","background-image":"","background-repeat":"repeat","background-position":"center center","background-size":"auto","background-attachment":"scroll","background-type":"","background-media":"","overlay-type":"","overlay-color":"","overlay-opacity":"","overlay-gradient":""},"mobile":{"background-color":"","background-image":"","background-repeat":"repeat","background-position":"center center","background-size":"auto","background-attachment":"scroll","background-type":"","background-media":"","overlay-type":"","overlay-color":"","overlay-opacity":"","overlay-gradient":""}},"ast-content-background-meta":{"desktop":{"background-color":"var(--ast-global-color-5)","background-image":"","background-repeat":"repeat","background-position":"center center","background-size":"auto","background-attachment":"scroll","background-type":"","background-media":"","overlay-type":"","overlay-color":"","overlay-opacity":"","overlay-gradient":""},"tablet":{"background-color":"var(--ast-global-color-5)","background-image":"","background-repeat":"repeat","background-position":"center center","background-size":"auto","background-attachment":"scroll","background-type":"","background-media":"","overlay-type":"","overlay-color":"","overlay-opacity":"","overlay-gradient":""},"mobile":{"background-color":"var(--ast-global-color-5)","background-image":"","background-repeat":"repeat","background-position":"center center","background-size":"auto","background-attachment":"scroll","background-type":"","background-media":"","overlay-type":"","overlay-color":"","overlay-opacity":"","overlay-gradient":""}},"footnotes":""},"categories":[11,1,4],"tags":[],"class_list":["post-4137","post","type-post","status-publish","format-standard","has-post-thumbnail","hentry","category-2n","category-general","category-portada"],"post_mailing_queue_ids":[],"_links":{"self":[{"href":"https:\/\/agora.xtec.cat\/ceip-aguimera-vendrell\/wp-json\/wp\/v2\/posts\/4137","targetHints":{"allow":["GET"]}}],"collection":[{"href":"https:\/\/agora.xtec.cat\/ceip-aguimera-vendrell\/wp-json\/wp\/v2\/posts"}],"about":[{"href":"https:\/\/agora.xtec.cat\/ceip-aguimera-vendrell\/wp-json\/wp\/v2\/types\/post"}],"author":[{"embeddable":true,"href":"https:\/\/agora.xtec.cat\/ceip-aguimera-vendrell\/wp-json\/wp\/v2\/users\/1"}],"replies":[{"embeddable":true,"href":"https:\/\/agora.xtec.cat\/ceip-aguimera-vendrell\/wp-json\/wp\/v2\/comments?post=4137"}],"version-history":[{"count":3,"href":"https:\/\/agora.xtec.cat\/ceip-aguimera-vendrell\/wp-json\/wp\/v2\/posts\/4137\/revisions"}],"predecessor-version":[{"id":4143,"href":"https:\/\/agora.xtec.cat\/ceip-aguimera-vendrell\/wp-json\/wp\/v2\/posts\/4137\/revisions\/4143"}],"wp:featuredmedia":[{"embeddable":true,"href":"https:\/\/agora.xtec.cat\/ceip-aguimera-vendrell\/wp-json\/wp\/v2\/media\/4142"}],"wp:attachment":[{"href":"https:\/\/agora.xtec.cat\/ceip-aguimera-vendrell\/wp-json\/wp\/v2\/media?parent=4137"}],"wp:term":[{"taxonomy":"category","embeddable":true,"href":"https:\/\/agora.xtec.cat\/ceip-aguimera-vendrell\/wp-json\/wp\/v2\/categories?post=4137"},{"taxonomy":"post_tag","embeddable":true,"href":"https:\/\/agora.xtec.cat\/ceip-aguimera-vendrell\/wp-json\/wp\/v2\/tags?post=4137"}],"curies":[{"name":"wp","href":"https:\/\/api.w.org\/{rel}","templated":true}]}}