{"id":275,"date":"2016-02-28T19:14:01","date_gmt":"2016-02-28T18:14:01","guid":{"rendered":"http:\/\/agora.xtec.cat\/ceip-aguimera-vendrell\/?p=275"},"modified":"2016-03-14T06:43:57","modified_gmt":"2016-03-14T05:43:57","slug":"jornades-culturals-2016-montserrat","status":"publish","type":"post","link":"https:\/\/agora.xtec.cat\/ceip-aguimera-vendrell\/portada\/jornades-culturals-2016-montserrat\/","title":{"rendered":"JORNADES CULTURALS 2016: Montserrat"},"content":{"rendered":"<p>Enguany, les Jornades Culturals de l&#8217;escola han estat dedicades a la muntanya m\u00e9s famosa de Catalunya, Montserrat, la muntanya m\u00e0gica.<\/p>\n<p>Els alumnes de 1r i 2n ens hem repartit en petits grups amb noms de\u00a0colors per tal de fer 7 tallers on hem apr\u00e9s un munt de coses interessants i curioses sobre aquestes muntanyes.<br \/>\nA m\u00e9s, hem anat construint un divertit <em>lapbook<\/em>, on hi hem anat recollint\u00a0un petit recordatori\u00a0del que hem treballat:<\/p>\n<p><embed width=\"288\" height=\"192\" type=\"application\/x-shockwave-flash\" src=\"https:\/\/photos.gstatic.com\/media\/slideshow.swf\" flashvars=\"host=picasaweb.google.com&amp;hl=ca&amp;feat=flashalbum&amp;RGB=0x000000&amp;feed=https%3A%2F%2Fpicasaweb.google.com%2Fdata%2Ffeed%2Fapi%2Fuser%2Finiaguimeravendrell%2Falbumid%2F6256405334853804689%3Falt%3Drss%26kind%3Dphoto%26hl%3Dca\" pluginspage=\"http:\/\/www.macromedia.com\/go\/getflashplayer\"><\/embed><\/p>\n<p>Tots els tallers han estat un \u00e8xit, i hem tingut la col\u00b7laboraci\u00f3 de diversos voluntaris i volunt\u00e0ries, a qui agra\u00efm el seu ajut.<br \/>\nHem deixat una mostra dels nostres treballs a l&#8217;exposici\u00f3 del vest\u00edbul de l&#8217;escola.<\/p>\n<p>ROC, EL C\u00d2DOL DE MONTSERRAT: En aquest taller, a la classe de 2n C, dirigits per la Magda i la Rakel, hem apr\u00e8s com \u00e9s que \u00a0la muntanya de Montserrat est\u00e0 formada per c\u00f2dols, un tipus de pedres arrodonides t\u00edpiques de la platja. I tamb\u00e9 hem descobert la forma i el nom d&#8217;algunes agulles de les muntanyes de Montserrat (la cadira, el gegant, el pito del sereno, cavall bernat, la m\u00f2mia&#8230;)<\/p>\n<p><embed width=\"288\" height=\"192\" type=\"application\/x-shockwave-flash\" src=\"https:\/\/photos.gstatic.com\/media\/slideshow.swf\" flashvars=\"host=picasaweb.google.com&amp;hl=ca&amp;feat=flashalbum&amp;RGB=0x000000&amp;feed=https%3A%2F%2Fpicasaweb.google.com%2Fdata%2Ffeed%2Fapi%2Fuser%2Finiaguimeravendrell%2Falbumid%2F6256388779823226273%3Falt%3Drss%26kind%3Dphoto%26hl%3Dca\" pluginspage=\"http:\/\/www.macromedia.com\/go\/getflashplayer\"><\/embed><\/p>\n<p>LA LLEGENDA DEL TIMBALER DEL BRUC: A la classe de 1r B, amb la Ci\u00f3,, hem escolat la hist\u00f2ria d&#8217;aquest jove timbaler que va foragitar, amb nom\u00e9s l&#8217;ajut del seu instrument, les tropes napole\u00f2niques. A part de poder tocar un timbal, hem fet un titella d&#8217;aquest conegut personatge.<\/p>\n<p><embed width=\"288\" height=\"192\" type=\"application\/x-shockwave-flash\" src=\"https:\/\/photos.gstatic.com\/media\/slideshow.swf\" flashvars=\"host=picasaweb.google.com&amp;hl=ca&amp;feat=flashalbum&amp;RGB=0x000000&amp;feed=https%3A%2F%2Fpicasaweb.google.com%2Fdata%2Ffeed%2Fapi%2Fuser%2Finiaguimeravendrell%2Falbumid%2F6256386217293946369%3Falt%3Drss%26kind%3Dphoto%26hl%3Dca\" pluginspage=\"http:\/\/www.macromedia.com\/go\/getflashplayer\"><\/embed><\/p>\n<p>ANEM A MONTSERRAT: Per anar a Montserrat hi podem anar amb\u00a0diferents mitjans de transport: fins el Monestir, per carretera, aeri o cremallera. I\u00a0per arribar-nos a la Santa Cova o a Sant Joan, podem anar-hi amb el funicular. Hem apr\u00e8s coses d&#8217;aquests diferents mitjans de transport i hem posat un &#8220;aeri&#8221; en el nostre <em>lapboock<\/em>, a la classe de 1r A, amb la Maria i la Lioba.<\/p>\n<p><embed width=\"288\" height=\"192\" type=\"application\/x-shockwave-flash\" src=\"https:\/\/photos.gstatic.com\/media\/slideshow.swf\" flashvars=\"host=picasaweb.google.com&amp;hl=ca&amp;feat=flashalbum&amp;RGB=0x000000&amp;feed=https%3A%2F%2Fpicasaweb.google.com%2Fdata%2Ffeed%2Fapi%2Fuser%2Finiaguimeravendrell%2Falbumid%2F6256338994956926673%3Falt%3Drss%26kind%3Dphoto%26hl%3Dca\" pluginspage=\"http:\/\/www.macromedia.com\/go\/getflashplayer\"><\/embed><\/p>\n<p>MODELEM MONTSERRAT: Amb plastilina i l&#8217;ajut de la Vanesa i l&#8217;Od\u00edn hem anat fent un bonic quadre de les muntanyes de Montserrat i alguns dels mitjans de transports que s&#8217;hi troben.<\/p>\n<p><embed width=\"288\" height=\"192\" type=\"application\/x-shockwave-flash\" src=\"https:\/\/photos.gstatic.com\/media\/slideshow.swf\" flashvars=\"host=picasaweb.google.com&amp;hl=ca&amp;feat=flashalbum&amp;RGB=0x000000&amp;feed=https%3A%2F%2Fpicasaweb.google.com%2Fdata%2Ffeed%2Fapi%2Fuser%2Finiaguimeravendrell%2Falbumid%2F6256345686554588081%3Falt%3Drss%26kind%3Dphoto%26hl%3Dca\" pluginspage=\"http:\/\/www.macromedia.com\/go\/getflashplayer\"><\/embed><\/p>\n<p>LA LLEGENDA DE LA MORENETA \u00a0L&#8217;Ester, a 2n B, ens ha explicat la llegenda de com es va trobar la Verge de Montserrat i per qu\u00e8 te la pell fosca. I per a recordar-ne la imatge, hem fet un puzle, que tamb\u00e9 hem pres a casa al nostre <em>lapbook<\/em>.<\/p>\n<p><embed width=\"288\" height=\"192\" type=\"application\/x-shockwave-flash\" src=\"https:\/\/photos.gstatic.com\/media\/slideshow.swf\" flashvars=\"host=picasaweb.google.com&amp;hl=ca&amp;feat=flashalbum&amp;RGB=0x000000&amp;feed=https%3A%2F%2Fpicasaweb.google.com%2Fdata%2Ffeed%2Fapi%2Fuser%2Finiaguimeravendrell%2Falbumid%2F6256392350195819281%3Falt%3Drss%26kind%3Dphoto%26hl%3Dca\" pluginspage=\"http:\/\/www.macromedia.com\/go\/getflashplayer\"><\/embed><\/p>\n<p>FLORA I FAUNA DE MONTSERRAT A 1r C, amb la Nausica i la Rakel, hem vist\u00a0\u00a0plantes que \u00a0podem trobar per aquestes mintanyes, algunes \u00faniques al m\u00f3n, com l&#8217;<em>orella d&#8217;\u00f3s<\/em> o la <em>corona de reina<\/em>, altres m\u00e9s normals que podem trobar fins i tot al jard\u00ed de l&#8217;escola, com l&#8217;alzina, avellaner, el roman\u00ed o la farigola, I hem conegut alguns animals que habiten aquestes muntanyes, com la cabra, el senglar, el gat mesquer, el falc\u00f3&#8230;. Per a no oblidar-nos-en, els hem afegit al <em>lapbook,<\/em>\u00a0rodejant\u00a0una bonica foto.<\/p>\n<p><embed width=\"288\" height=\"192\" type=\"application\/x-shockwave-flash\" src=\"https:\/\/photos.gstatic.com\/media\/slideshow.swf\" flashvars=\"host=picasaweb.google.com&amp;hl=ca&amp;feat=flashalbum&amp;RGB=0x000000&amp;feed=https%3A%2F%2Fpicasaweb.google.com%2Fdata%2Ffeed%2Fapi%2Fuser%2Finiaguimeravendrell%2Falbumid%2F6256331095112208337%3Falt%3Drss%26kind%3Dphoto%26hl%3Dca\" pluginspage=\"http:\/\/www.macromedia.com\/go\/getflashplayer\"><\/embed><\/p>\n<p>UNA ALTRE RITME PEL VIROLAI: A la Biblioteca, amb el David, el nostre animat mestre de m\u00fasica, hem apr\u00e8s aquesta coneguda can\u00e7\u00f3 que cada dia canta l&#8217;escolania de Montserrat a la 1. Hem pogut escoltar com viuen els escolanets a trav\u00e9s d&#8217;un jove vendrellenc que hi va passar uns anys de la seva vida, el Llu\u00eds Serres<\/p>\n<p><embed width=\"288\" height=\"192\" type=\"application\/x-shockwave-flash\" src=\"https:\/\/photos.gstatic.com\/media\/slideshow.swf\" flashvars=\"host=picasaweb.google.com&amp;hl=ca&amp;feat=flashalbum&amp;RGB=0x000000&amp;feed=https%3A%2F%2Fpicasaweb.google.com%2Fdata%2Ffeed%2Fapi%2Fuser%2Finiaguimeravendrell%2Falbumid%2F6256384581938379185%3Falt%3Drss%26kind%3Dphoto%26hl%3Dca\" pluginspage=\"http:\/\/www.macromedia.com\/go\/getflashplayer\"><\/embed><\/p>\n<p>I l&#8217;hem acabat cantant a ritme de <em>reggae, <\/em>com podreu veure en el\u00a0v\u00eddeo adjunt.<\/p>\n<p><embed width=\"288\" height=\"192\" type=\"application\/x-shockwave-flash\" src=\"https:\/\/photos.gstatic.com\/media\/slideshow.swf\" flashvars=\"host=picasaweb.google.com&amp;hl=ca&amp;feat=flashalbum&amp;RGB=0x000000&amp;feed=https%3A%2F%2Fpicasaweb.google.com%2Fdata%2Ffeed%2Fapi%2Fuser%2Finiaguimeravendrell%2Falbumid%2F6256368279934340625%3Falt%3Drss%26kind%3Dphoto%26hl%3Dca\" pluginspage=\"http:\/\/www.macromedia.com\/go\/getflashplayer\"><\/embed><\/p>\n<p>Ara que coneixem millor les muntanyes de Muontserrat&#8230;.nom\u00e9s ens falta anar-hi d&#8217;excursi\u00f3!!!<\/p>\n","protected":false},"excerpt":{"rendered":"<p>Enguany, les Jornades Culturals de l&#8217;escola han estat dedicades a la muntanya m\u00e9s famosa de Catalunya, Montserrat, la muntanya m\u00e0gica.<\/p>\n<p>Els alumnes de 1r i 2n ens hem repartit en petits grups amb noms de colors per tal de fer 7 tallers on hem apr\u00e9s un munt de coses interessants i curioses sobre aquestes muntanyes.<\/p>\n","protected":false},"author":1,"featured_media":282,"comment_status":"open","ping_status":"open","sticky":false,"template":"","format":"standard","meta":{"_bbp_topic_count":0,"_bbp_reply_count":0,"_bbp_total_topic_count":0,"_bbp_total_reply_count":0,"_bbp_voice_count":0,"_bbp_anonymous_reply_count":0,"_bbp_topic_count_hidden":0,"_bbp_reply_count_hidden":0,"_bbp_forum_subforum_count":0,"site-sidebar-layout":"default","site-content-layout":"","ast-site-content-layout":"","site-content-style":"default","site-sidebar-style":"default","ast-global-header-display":"","ast-banner-title-visibility":"","ast-main-header-display":"","ast-hfb-above-header-display":"","ast-hfb-below-header-display":"","ast-hfb-mobile-header-display":"","site-post-title":"","ast-breadcrumbs-content":"","ast-featured-img":"","footer-sml-layout":"","theme-transparent-header-meta":"","adv-header-id-meta":"","stick-header-meta":"","header-above-stick-meta":"","header-main-stick-meta":"","header-below-stick-meta":"","astra-migrate-meta-layouts":"default","ast-page-background-enabled":"default","ast-page-background-meta":{"desktop":{"background-color":"var(--ast-global-color-4)","background-image":"","background-repeat":"repeat","background-position":"center center","background-size":"auto","background-attachment":"scroll","background-type":"","background-media":"","overlay-type":"","overlay-color":"","overlay-opacity":"","overlay-gradient":""},"tablet":{"background-color":"","background-image":"","background-repeat":"repeat","background-position":"center center","background-size":"auto","background-attachment":"scroll","background-type":"","background-media":"","overlay-type":"","overlay-color":"","overlay-opacity":"","overlay-gradient":""},"mobile":{"background-color":"","background-image":"","background-repeat":"repeat","background-position":"center center","background-size":"auto","background-attachment":"scroll","background-type":"","background-media":"","overlay-type":"","overlay-color":"","overlay-opacity":"","overlay-gradient":""}},"ast-content-background-meta":{"desktop":{"background-color":"var(--ast-global-color-5)","background-image":"","background-repeat":"repeat","background-position":"center center","background-size":"auto","background-attachment":"scroll","background-type":"","background-media":"","overlay-type":"","overlay-color":"","overlay-opacity":"","overlay-gradient":""},"tablet":{"background-color":"var(--ast-global-color-5)","background-image":"","background-repeat":"repeat","background-position":"center center","background-size":"auto","background-attachment":"scroll","background-type":"","background-media":"","overlay-type":"","overlay-color":"","overlay-opacity":"","overlay-gradient":""},"mobile":{"background-color":"var(--ast-global-color-5)","background-image":"","background-repeat":"repeat","background-position":"center center","background-size":"auto","background-attachment":"scroll","background-type":"","background-media":"","overlay-type":"","overlay-color":"","overlay-opacity":"","overlay-gradient":""}},"footnotes":""},"categories":[10,11,4,5],"tags":[28],"class_list":["post-275","post","type-post","status-publish","format-standard","has-post-thumbnail","hentry","category-1r","category-2n","category-portada","category-primaria","tag-jornades"],"post_mailing_queue_ids":[],"_links":{"self":[{"href":"https:\/\/agora.xtec.cat\/ceip-aguimera-vendrell\/wp-json\/wp\/v2\/posts\/275","targetHints":{"allow":["GET"]}}],"collection":[{"href":"https:\/\/agora.xtec.cat\/ceip-aguimera-vendrell\/wp-json\/wp\/v2\/posts"}],"about":[{"href":"https:\/\/agora.xtec.cat\/ceip-aguimera-vendrell\/wp-json\/wp\/v2\/types\/post"}],"author":[{"embeddable":true,"href":"https:\/\/agora.xtec.cat\/ceip-aguimera-vendrell\/wp-json\/wp\/v2\/users\/1"}],"replies":[{"embeddable":true,"href":"https:\/\/agora.xtec.cat\/ceip-aguimera-vendrell\/wp-json\/wp\/v2\/comments?post=275"}],"version-history":[{"count":4,"href":"https:\/\/agora.xtec.cat\/ceip-aguimera-vendrell\/wp-json\/wp\/v2\/posts\/275\/revisions"}],"predecessor-version":[{"id":355,"href":"https:\/\/agora.xtec.cat\/ceip-aguimera-vendrell\/wp-json\/wp\/v2\/posts\/275\/revisions\/355"}],"wp:featuredmedia":[{"embeddable":true,"href":"https:\/\/agora.xtec.cat\/ceip-aguimera-vendrell\/wp-json\/wp\/v2\/media\/282"}],"wp:attachment":[{"href":"https:\/\/agora.xtec.cat\/ceip-aguimera-vendrell\/wp-json\/wp\/v2\/media?parent=275"}],"wp:term":[{"taxonomy":"category","embeddable":true,"href":"https:\/\/agora.xtec.cat\/ceip-aguimera-vendrell\/wp-json\/wp\/v2\/categories?post=275"},{"taxonomy":"post_tag","embeddable":true,"href":"https:\/\/agora.xtec.cat\/ceip-aguimera-vendrell\/wp-json\/wp\/v2\/tags?post=275"}],"curies":[{"name":"wp","href":"https:\/\/api.w.org\/{rel}","templated":true}]}}