{"id":2176,"date":"2020-02-26T11:33:35","date_gmt":"2020-02-26T10:33:35","guid":{"rendered":"https:\/\/agora.xtec.cat\/ceip-aguimera-vendrell\/?p=2176"},"modified":"2020-02-26T11:33:35","modified_gmt":"2020-02-26T10:33:35","slug":"carnaval-a-leducacio-infantil-curs-19-20","status":"publish","type":"post","link":"https:\/\/agora.xtec.cat\/ceip-aguimera-vendrell\/general\/carnaval-a-leducacio-infantil-curs-19-20\/","title":{"rendered":"CARNAVAL A L&#8217;EDUCACI\u00d3 INFANTIL CURS 19\/20"},"content":{"rendered":"<p>La setmana passada ens ho vam passar molt b\u00e9 obeint les ordres<\/p>\n<p>que ens havia\u00a0 manat &#8220;Sa Majestat el Rei Carnestoltes&#8221;.<\/p>\n<p><strong>Dilluns 17 de febrer:<\/strong><\/p>\n<p><em>Si dilluns vesteixes d&#8217;un sol color<\/em><\/p>\n<p>cridar\u00e0s molt l&#8217;atenci\u00f3.<\/p>\n<p><strong>Dimarts 18 de febrer:<\/strong><\/p>\n<p><em>Si el dimarts voleu gaudir,<\/em><\/p>\n<p><em>amb la cara pintada has de venir.<\/em><\/p>\n<p><strong>Dimecres 19 de febrer:<\/strong><\/p>\n<p><em>Dimecres en pijama podr\u00e0s venir,<\/em><\/p>\n<p><em>per\u00f2 a la classe no podr\u00e0s dormir.<\/em><\/p>\n<p><strong>Dijous 20 de febrer:<\/strong><\/p>\n<p><em>El dijous gras botifarra o truita esmorzar\u00e0s<\/em><\/p>\n<p><em>i un mitj\u00f3 de cada color per sobre del pantal\u00f3 portar\u00e0s.<\/em><\/p>\n<p><strong>Divendres 21 de febrer:<\/strong><\/p>\n<p><em>El divendres a la tarda disfressat vindr\u00e0s,<\/em><\/p>\n<p><em>a l&#8217;escola ballar\u00e0s i molt b\u00e9 t&#8217;ho passar\u00e0s!<\/em><\/p>\n<p>Aqu\u00ed teniu una mostra de fotografies, esperem que us agradi.<\/p>\n<p><a href=\"https:\/\/photos.app.goo.gl\/dRtFDA4mgKjPUg4L8\">Mostra de fotografies de P3.<\/a><\/p>\n<p><a href=\"https:\/\/photos.app.goo.gl\/qCpUeM5RmP5bERDY7\">Mostra de fotografies de P4.<\/a><\/p>\n<p><a href=\"https:\/\/photos.app.goo.gl\/H36VPpAoq2F7kWLU7\">Mostra de fotografies de P5.<\/a><\/p>\n<p>Les mestres d&#8217;educaci\u00f3 infantil.<\/p>\n","protected":false},"excerpt":{"rendered":"<p>La setmana passada ens ho vam passar molt b\u00e9 obeint les ordres que ens havia\u00a0 manat &#8220;Sa Majestat el Rei Carnestoltes&#8221;. Dilluns 17 de febrer: Si dilluns vesteixes d&#8217;un sol color cridar\u00e0s molt l&#8217;atenci\u00f3. Dimarts 18 de febrer: Si el dimarts voleu gaudir, amb la cara pintada has de venir. Dimecres 19 de febrer: Dimecres [&hellip;]<\/p>\n","protected":false},"author":20,"featured_media":2177,"comment_status":"open","ping_status":"closed","sticky":false,"template":"","format":"standard","meta":{"_bbp_topic_count":0,"_bbp_reply_count":0,"_bbp_total_topic_count":0,"_bbp_total_reply_count":0,"_bbp_voice_count":0,"_bbp_anonymous_reply_count":0,"_bbp_topic_count_hidden":0,"_bbp_reply_count_hidden":0,"_bbp_forum_subforum_count":0,"site-sidebar-layout":"default","site-content-layout":"","ast-site-content-layout":"","site-content-style":"default","site-sidebar-style":"default","ast-global-header-display":"","ast-banner-title-visibility":"","ast-main-header-display":"","ast-hfb-above-header-display":"","ast-hfb-below-header-display":"","ast-hfb-mobile-header-display":"","site-post-title":"","ast-breadcrumbs-content":"","ast-featured-img":"","footer-sml-layout":"","theme-transparent-header-meta":"","adv-header-id-meta":"","stick-header-meta":"","header-above-stick-meta":"","header-main-stick-meta":"","header-below-stick-meta":"","astra-migrate-meta-layouts":"default","ast-page-background-enabled":"default","ast-page-background-meta":{"desktop":{"background-color":"var(--ast-global-color-4)","background-image":"","background-repeat":"repeat","background-position":"center center","background-size":"auto","background-attachment":"scroll","background-type":"","background-media":"","overlay-type":"","overlay-color":"","overlay-opacity":"","overlay-gradient":""},"tablet":{"background-color":"","background-image":"","background-repeat":"repeat","background-position":"center center","background-size":"auto","background-attachment":"scroll","background-type":"","background-media":"","overlay-type":"","overlay-color":"","overlay-opacity":"","overlay-gradient":""},"mobile":{"background-color":"","background-image":"","background-repeat":"repeat","background-position":"center center","background-size":"auto","background-attachment":"scroll","background-type":"","background-media":"","overlay-type":"","overlay-color":"","overlay-opacity":"","overlay-gradient":""}},"ast-content-background-meta":{"desktop":{"background-color":"var(--ast-global-color-5)","background-image":"","background-repeat":"repeat","background-position":"center center","background-size":"auto","background-attachment":"scroll","background-type":"","background-media":"","overlay-type":"","overlay-color":"","overlay-opacity":"","overlay-gradient":""},"tablet":{"background-color":"var(--ast-global-color-5)","background-image":"","background-repeat":"repeat","background-position":"center center","background-size":"auto","background-attachment":"scroll","background-type":"","background-media":"","overlay-type":"","overlay-color":"","overlay-opacity":"","overlay-gradient":""},"mobile":{"background-color":"var(--ast-global-color-5)","background-image":"","background-repeat":"repeat","background-position":"center center","background-size":"auto","background-attachment":"scroll","background-type":"","background-media":"","overlay-type":"","overlay-color":"","overlay-opacity":"","overlay-gradient":""}},"footnotes":""},"categories":[55,46,1,3,8,9,2,4],"tags":[196,107],"class_list":["post-2176","post","type-post","status-publish","format-standard","has-post-thumbnail","hentry","category-carnaval","category-festes","category-general","category-i3","category-i4","category-i5","category-infantil","category-portada","tag-carnaval-2020","tag-educacio-infantil"],"post_mailing_queue_ids":[],"_links":{"self":[{"href":"https:\/\/agora.xtec.cat\/ceip-aguimera-vendrell\/wp-json\/wp\/v2\/posts\/2176","targetHints":{"allow":["GET"]}}],"collection":[{"href":"https:\/\/agora.xtec.cat\/ceip-aguimera-vendrell\/wp-json\/wp\/v2\/posts"}],"about":[{"href":"https:\/\/agora.xtec.cat\/ceip-aguimera-vendrell\/wp-json\/wp\/v2\/types\/post"}],"author":[{"embeddable":true,"href":"https:\/\/agora.xtec.cat\/ceip-aguimera-vendrell\/wp-json\/wp\/v2\/users\/20"}],"replies":[{"embeddable":true,"href":"https:\/\/agora.xtec.cat\/ceip-aguimera-vendrell\/wp-json\/wp\/v2\/comments?post=2176"}],"version-history":[{"count":2,"href":"https:\/\/agora.xtec.cat\/ceip-aguimera-vendrell\/wp-json\/wp\/v2\/posts\/2176\/revisions"}],"predecessor-version":[{"id":2193,"href":"https:\/\/agora.xtec.cat\/ceip-aguimera-vendrell\/wp-json\/wp\/v2\/posts\/2176\/revisions\/2193"}],"wp:featuredmedia":[{"embeddable":true,"href":"https:\/\/agora.xtec.cat\/ceip-aguimera-vendrell\/wp-json\/wp\/v2\/media\/2177"}],"wp:attachment":[{"href":"https:\/\/agora.xtec.cat\/ceip-aguimera-vendrell\/wp-json\/wp\/v2\/media?parent=2176"}],"wp:term":[{"taxonomy":"category","embeddable":true,"href":"https:\/\/agora.xtec.cat\/ceip-aguimera-vendrell\/wp-json\/wp\/v2\/categories?post=2176"},{"taxonomy":"post_tag","embeddable":true,"href":"https:\/\/agora.xtec.cat\/ceip-aguimera-vendrell\/wp-json\/wp\/v2\/tags?post=2176"}],"curies":[{"name":"wp","href":"https:\/\/api.w.org\/{rel}","templated":true}]}}