{"id":2141,"date":"2020-02-18T16:01:20","date_gmt":"2020-02-18T15:01:20","guid":{"rendered":"https:\/\/agora.xtec.cat\/ceip-aguimera-vendrell\/?p=2141"},"modified":"2020-02-19T11:07:47","modified_gmt":"2020-02-19T10:07:47","slug":"tallers-educacio-infantil-segon-trimestrecurs-19-20","status":"publish","type":"post","link":"https:\/\/agora.xtec.cat\/ceip-aguimera-vendrell\/general\/tallers-educacio-infantil-segon-trimestrecurs-19-20\/","title":{"rendered":"TALLERS  EDUCACI\u00d3 INFANTIL &#8220;SEGON TRIMESTRE&#8221;CURS 19\/20"},"content":{"rendered":"<p>Bona tarda fam\u00edlies.<\/p>\n<p>Els dilluns 7,10 i 17 de febrer hem gaudit fent tallers internivell. Un<\/p>\n<p>taller era de maquillatge, un de disfresses i un altre de m\u00e0scares.<\/p>\n<p>Que b\u00e9 que ens ho passem a educaci\u00f3 infantil!!!<\/p>\n<p>Volem donar les gr\u00e0cies a les fam\u00edlies que han vingut ajudar-nos<\/p>\n<p>durant aquests dies que hem realitzat els tallers. Moltes, moltes<\/p>\n<p>gr\u00e0cies!!<\/p>\n<p>Esperem que us agradi!!<\/p>\n<p><a href=\"https:\/\/photos.app.goo.gl\/ZmRNGqzK1Jq7vFke6\">Aqu\u00ed teniu una mostra de fotografies.<\/a><\/p>\n<p>Les mestres d&#8217;educaci\u00f3 infantil.<\/p>\n","protected":false},"excerpt":{"rendered":"<p>Bona tarda fam\u00edlies. Els dilluns 7,10 i 17 de febrer hem gaudit fent tallers internivell. Un taller era de maquillatge, un de disfresses i un altre de m\u00e0scares. Que b\u00e9 que ens ho passem a educaci\u00f3 infantil!!! Volem donar les gr\u00e0cies a les fam\u00edlies que han vingut ajudar-nos durant aquests dies que hem realitzat els [&hellip;]<\/p>\n","protected":false},"author":20,"featured_media":2142,"comment_status":"open","ping_status":"closed","sticky":false,"template":"","format":"standard","meta":{"_bbp_topic_count":0,"_bbp_reply_count":0,"_bbp_total_topic_count":0,"_bbp_total_reply_count":0,"_bbp_voice_count":0,"_bbp_anonymous_reply_count":0,"_bbp_topic_count_hidden":0,"_bbp_reply_count_hidden":0,"_bbp_forum_subforum_count":0,"site-sidebar-layout":"default","site-content-layout":"","ast-site-content-layout":"","site-content-style":"default","site-sidebar-style":"default","ast-global-header-display":"","ast-banner-title-visibility":"","ast-main-header-display":"","ast-hfb-above-header-display":"","ast-hfb-below-header-display":"","ast-hfb-mobile-header-display":"","site-post-title":"","ast-breadcrumbs-content":"","ast-featured-img":"","footer-sml-layout":"","theme-transparent-header-meta":"","adv-header-id-meta":"","stick-header-meta":"","header-above-stick-meta":"","header-main-stick-meta":"","header-below-stick-meta":"","astra-migrate-meta-layouts":"default","ast-page-background-enabled":"default","ast-page-background-meta":{"desktop":{"background-color":"var(--ast-global-color-4)","background-image":"","background-repeat":"repeat","background-position":"center center","background-size":"auto","background-attachment":"scroll","background-type":"","background-media":"","overlay-type":"","overlay-color":"","overlay-opacity":"","overlay-gradient":""},"tablet":{"background-color":"","background-image":"","background-repeat":"repeat","background-position":"center center","background-size":"auto","background-attachment":"scroll","background-type":"","background-media":"","overlay-type":"","overlay-color":"","overlay-opacity":"","overlay-gradient":""},"mobile":{"background-color":"","background-image":"","background-repeat":"repeat","background-position":"center center","background-size":"auto","background-attachment":"scroll","background-type":"","background-media":"","overlay-type":"","overlay-color":"","overlay-opacity":"","overlay-gradient":""}},"ast-content-background-meta":{"desktop":{"background-color":"var(--ast-global-color-5)","background-image":"","background-repeat":"repeat","background-position":"center center","background-size":"auto","background-attachment":"scroll","background-type":"","background-media":"","overlay-type":"","overlay-color":"","overlay-opacity":"","overlay-gradient":""},"tablet":{"background-color":"var(--ast-global-color-5)","background-image":"","background-repeat":"repeat","background-position":"center center","background-size":"auto","background-attachment":"scroll","background-type":"","background-media":"","overlay-type":"","overlay-color":"","overlay-opacity":"","overlay-gradient":""},"mobile":{"background-color":"var(--ast-global-color-5)","background-image":"","background-repeat":"repeat","background-position":"center center","background-size":"auto","background-attachment":"scroll","background-type":"","background-media":"","overlay-type":"","overlay-color":"","overlay-opacity":"","overlay-gradient":""}},"footnotes":""},"categories":[55,46,1,3,8,9,2,4],"tags":[196,107,113],"class_list":["post-2141","post","type-post","status-publish","format-standard","has-post-thumbnail","hentry","category-carnaval","category-festes","category-general","category-i3","category-i4","category-i5","category-infantil","category-portada","tag-carnaval-2020","tag-educacio-infantil","tag-tallers"],"post_mailing_queue_ids":[],"_links":{"self":[{"href":"https:\/\/agora.xtec.cat\/ceip-aguimera-vendrell\/wp-json\/wp\/v2\/posts\/2141","targetHints":{"allow":["GET"]}}],"collection":[{"href":"https:\/\/agora.xtec.cat\/ceip-aguimera-vendrell\/wp-json\/wp\/v2\/posts"}],"about":[{"href":"https:\/\/agora.xtec.cat\/ceip-aguimera-vendrell\/wp-json\/wp\/v2\/types\/post"}],"author":[{"embeddable":true,"href":"https:\/\/agora.xtec.cat\/ceip-aguimera-vendrell\/wp-json\/wp\/v2\/users\/20"}],"replies":[{"embeddable":true,"href":"https:\/\/agora.xtec.cat\/ceip-aguimera-vendrell\/wp-json\/wp\/v2\/comments?post=2141"}],"version-history":[{"count":3,"href":"https:\/\/agora.xtec.cat\/ceip-aguimera-vendrell\/wp-json\/wp\/v2\/posts\/2141\/revisions"}],"predecessor-version":[{"id":2153,"href":"https:\/\/agora.xtec.cat\/ceip-aguimera-vendrell\/wp-json\/wp\/v2\/posts\/2141\/revisions\/2153"}],"wp:featuredmedia":[{"embeddable":true,"href":"https:\/\/agora.xtec.cat\/ceip-aguimera-vendrell\/wp-json\/wp\/v2\/media\/2142"}],"wp:attachment":[{"href":"https:\/\/agora.xtec.cat\/ceip-aguimera-vendrell\/wp-json\/wp\/v2\/media?parent=2141"}],"wp:term":[{"taxonomy":"category","embeddable":true,"href":"https:\/\/agora.xtec.cat\/ceip-aguimera-vendrell\/wp-json\/wp\/v2\/categories?post=2141"},{"taxonomy":"post_tag","embeddable":true,"href":"https:\/\/agora.xtec.cat\/ceip-aguimera-vendrell\/wp-json\/wp\/v2\/tags?post=2141"}],"curies":[{"name":"wp","href":"https:\/\/api.w.org\/{rel}","templated":true}]}}