{"id":2100,"date":"2020-02-08T11:04:46","date_gmt":"2020-02-08T10:04:46","guid":{"rendered":"https:\/\/agora.xtec.cat\/ceip-aguimera-vendrell\/?p=2100"},"modified":"2020-02-08T11:04:46","modified_gmt":"2020-02-08T10:04:46","slug":"anem-al-palau-de-la-musica","status":"publish","type":"post","link":"https:\/\/agora.xtec.cat\/ceip-aguimera-vendrell\/portada\/anem-al-palau-de-la-musica\/","title":{"rendered":"Anem al Palau de la M\u00fasica !!!"},"content":{"rendered":"<p><a href=\"https:\/\/agora.xtec.cat\/ceip-aguimera-vendrell\/wp-content\/uploads\/usu102\/2020\/02\/20200131_120750.jpg\"><img loading=\"lazy\" decoding=\"async\" class=\"wp-image-2101 aligncenter\" src=\"https:\/\/agora.xtec.cat\/ceip-aguimera-vendrell\/wp-content\/uploads\/usu102\/2020\/02\/20200131_120750-1024x576.jpg\" alt=\"\" width=\"604\" height=\"340\" srcset=\"https:\/\/agora.xtec.cat\/ceip-aguimera-vendrell\/wp-content\/uploads\/usu102\/2020\/02\/20200131_120750-1024x576.jpg 1024w, https:\/\/agora.xtec.cat\/ceip-aguimera-vendrell\/wp-content\/uploads\/usu102\/2020\/02\/20200131_120750-300x169.jpg 300w, https:\/\/agora.xtec.cat\/ceip-aguimera-vendrell\/wp-content\/uploads\/usu102\/2020\/02\/20200131_120750-768x432.jpg 768w\" sizes=\"auto, (max-width: 604px) 100vw, 604px\" \/><\/a><\/p>\n<p>Des de fa m\u00e9s de tres d\u00e8cades, el Palau de la M\u00fasica Catalana col\u00b7labora amb la comunitat educativa a trav\u00e9s del cicle\u00a0<strong>Escoles al Palau<\/strong>\u00a0a fi d\u2019oferir activitats i propostes art\u00edstiques que potenci\u00efn el desenvolupament integral dels infants i joves del nostre pa\u00eds.<\/p>\n<p>Nosaltres el 31 de gener de 2020 vam anar a veure la Cobla 2.0, amb l\u2019objectiu de con\u00e8ixer l\u2019origen, les funcions i els instruments que formen part de la cobla; descobrir \u00a0les caracter\u00edstiques sonores d\u2019aquesta agrupaci\u00f3 instrumental; i gaudir de la diversitat de m\u00fasiques, formats i entorns festius en qu\u00e8 participa la cobla.<\/p>\n<p>No ens em perdut l&#8217;oportunitat de redescobrir aquesta emblem\u00e0tica formaci\u00f3, amb els polifac\u00e8tics i intr\u00e8pids m\u00fasics de la Cobla Sant Jordi-Ciutat de Barcelona.<\/p>\n<p>Una proposta esc\u00e8nica i musical de visi\u00f3 moderna i contempor\u00e0nia que no ens ha deixat indiferents.<\/p>\n<p><a href=\"https:\/\/photos.app.goo.gl\/3C6pMXVRd6vW1eRJA\">Per veure les fotos feu clic aqu\u00ed.<\/a><\/p>\n","protected":false},"excerpt":{"rendered":"<p>Des de fa m\u00e9s de tres d\u00e8cades, el Palau de la M\u00fasica Catalana col\u00b7labora amb la comunitat educativa a trav\u00e9s del cicle\u00a0Escoles al Palau\u00a0a fi d\u2019oferir activitats i propostes art\u00edstiques que potenci\u00efn el desenvolupament integral dels infants i joves del nostre pa\u00eds. Nosaltres el 31 de gener de 2020 vam anar a veure la Cobla [&hellip;]<\/p>\n","protected":false},"author":1,"featured_media":2101,"comment_status":"open","ping_status":"closed","sticky":false,"template":"","format":"standard","meta":{"_bbp_topic_count":0,"_bbp_reply_count":0,"_bbp_total_topic_count":0,"_bbp_total_reply_count":0,"_bbp_voice_count":0,"_bbp_anonymous_reply_count":0,"_bbp_topic_count_hidden":0,"_bbp_reply_count_hidden":0,"_bbp_forum_subforum_count":0,"site-sidebar-layout":"default","site-content-layout":"","ast-site-content-layout":"","site-content-style":"default","site-sidebar-style":"default","ast-global-header-display":"","ast-banner-title-visibility":"","ast-main-header-display":"","ast-hfb-above-header-display":"","ast-hfb-below-header-display":"","ast-hfb-mobile-header-display":"","site-post-title":"","ast-breadcrumbs-content":"","ast-featured-img":"","footer-sml-layout":"","theme-transparent-header-meta":"","adv-header-id-meta":"","stick-header-meta":"","header-above-stick-meta":"","header-main-stick-meta":"","header-below-stick-meta":"","astra-migrate-meta-layouts":"default","ast-page-background-enabled":"default","ast-page-background-meta":{"desktop":{"background-color":"var(--ast-global-color-4)","background-image":"","background-repeat":"repeat","background-position":"center center","background-size":"auto","background-attachment":"scroll","background-type":"","background-media":"","overlay-type":"","overlay-color":"","overlay-opacity":"","overlay-gradient":""},"tablet":{"background-color":"","background-image":"","background-repeat":"repeat","background-position":"center center","background-size":"auto","background-attachment":"scroll","background-type":"","background-media":"","overlay-type":"","overlay-color":"","overlay-opacity":"","overlay-gradient":""},"mobile":{"background-color":"","background-image":"","background-repeat":"repeat","background-position":"center center","background-size":"auto","background-attachment":"scroll","background-type":"","background-media":"","overlay-type":"","overlay-color":"","overlay-opacity":"","overlay-gradient":""}},"ast-content-background-meta":{"desktop":{"background-color":"var(--ast-global-color-5)","background-image":"","background-repeat":"repeat","background-position":"center center","background-size":"auto","background-attachment":"scroll","background-type":"","background-media":"","overlay-type":"","overlay-color":"","overlay-opacity":"","overlay-gradient":""},"tablet":{"background-color":"var(--ast-global-color-5)","background-image":"","background-repeat":"repeat","background-position":"center center","background-size":"auto","background-attachment":"scroll","background-type":"","background-media":"","overlay-type":"","overlay-color":"","overlay-opacity":"","overlay-gradient":""},"mobile":{"background-color":"var(--ast-global-color-5)","background-image":"","background-repeat":"repeat","background-position":"center center","background-size":"auto","background-attachment":"scroll","background-type":"","background-media":"","overlay-type":"","overlay-color":"","overlay-opacity":"","overlay-gradient":""}},"footnotes":""},"categories":[11,4],"tags":[186,188,187,175],"class_list":["post-2100","post","type-post","status-publish","format-standard","has-post-thumbnail","hentry","category-2n","category-portada","tag-2n","tag-cobla","tag-palau-de-la-musica","tag-primaria"],"post_mailing_queue_ids":[],"_links":{"self":[{"href":"https:\/\/agora.xtec.cat\/ceip-aguimera-vendrell\/wp-json\/wp\/v2\/posts\/2100","targetHints":{"allow":["GET"]}}],"collection":[{"href":"https:\/\/agora.xtec.cat\/ceip-aguimera-vendrell\/wp-json\/wp\/v2\/posts"}],"about":[{"href":"https:\/\/agora.xtec.cat\/ceip-aguimera-vendrell\/wp-json\/wp\/v2\/types\/post"}],"author":[{"embeddable":true,"href":"https:\/\/agora.xtec.cat\/ceip-aguimera-vendrell\/wp-json\/wp\/v2\/users\/1"}],"replies":[{"embeddable":true,"href":"https:\/\/agora.xtec.cat\/ceip-aguimera-vendrell\/wp-json\/wp\/v2\/comments?post=2100"}],"version-history":[{"count":1,"href":"https:\/\/agora.xtec.cat\/ceip-aguimera-vendrell\/wp-json\/wp\/v2\/posts\/2100\/revisions"}],"predecessor-version":[{"id":2102,"href":"https:\/\/agora.xtec.cat\/ceip-aguimera-vendrell\/wp-json\/wp\/v2\/posts\/2100\/revisions\/2102"}],"wp:featuredmedia":[{"embeddable":true,"href":"https:\/\/agora.xtec.cat\/ceip-aguimera-vendrell\/wp-json\/wp\/v2\/media\/2101"}],"wp:attachment":[{"href":"https:\/\/agora.xtec.cat\/ceip-aguimera-vendrell\/wp-json\/wp\/v2\/media?parent=2100"}],"wp:term":[{"taxonomy":"category","embeddable":true,"href":"https:\/\/agora.xtec.cat\/ceip-aguimera-vendrell\/wp-json\/wp\/v2\/categories?post=2100"},{"taxonomy":"post_tag","embeddable":true,"href":"https:\/\/agora.xtec.cat\/ceip-aguimera-vendrell\/wp-json\/wp\/v2\/tags?post=2100"}],"curies":[{"name":"wp","href":"https:\/\/api.w.org\/{rel}","templated":true}]}}