{"id":1647,"date":"2019-02-15T13:25:00","date_gmt":"2019-02-15T12:25:00","guid":{"rendered":"http:\/\/agora.xtec.cat\/ceip-aguimera-vendrell\/?p=1647"},"modified":"2019-02-15T15:05:59","modified_gmt":"2019-02-15T14:05:59","slug":"tallers-deducacio-infantil-18-19","status":"publish","type":"post","link":"https:\/\/agora.xtec.cat\/ceip-aguimera-vendrell\/general\/tallers-deducacio-infantil-18-19\/","title":{"rendered":"TALLERS D&#8217;EDUCACI\u00d3 INFANTIL 18\/19"},"content":{"rendered":"<p>Els dilluns a la tarda els nens i les\u00a0 nenes d\u2019Educaci\u00f3 Infantil realitzem els tallers Intercicle. Barregem tots els nivells i ens dividim en vuit grups, un a cada aula. Els nens i les nenes canvien de taller cada dilluns i van passant per tots els tallers. En fem quatre:<\/p>\n<ol>\n<li>\u00a0<em><strong>Taller de Construccions &#8220;EL KAPLA&#8221;:<\/strong> \u00e9s un joc de construcci\u00f3 que potencia la creativitat i la imaginaci\u00f3, i en\u00a0 conseq\u00fc\u00e8ncia la creaci\u00f3 art\u00edstica.<\/em><\/li>\n<li>\u00a0<strong><em>Taller de modelatge &#8220;FANG&#8221;: <\/em><\/strong>manipulem amb fang.<\/li>\n<li><em><strong>Taller de manualitat &#8220;FEM UNA MARACA&#8221;: <\/strong><\/em>aprofitem que en breu arribar\u00e0 el carnaval i fem un instrument, treballem a partir de diferents materials\u00a0 ( pots de pl\u00e0stic, gomets, globus, arr\u00f2s, cigrons).<\/li>\n<li><em><strong>Taller <\/strong><\/em><strong><em>de disfresses i maquillatge: <\/em><\/strong>\u00e9s un espai on els nens\/es gaudeixen de poder disfressar-se i maquillar-se d&#8217;all\u00f2 que m\u00e9s els hi agrada.<\/li>\n<\/ol>\n<p>\u00c9s una experi\u00e8ncia molt enriquidora tant per les mestres com pels alumnes, ja que podem coneixer-nos molt m\u00e9s entre nosaltres, treballar en equip i compartir entre tots.<\/p>\n<p style=\"text-align: center;\">Aqu\u00ed podeu veure algunes fotos dels tallers.<\/p>\n<p style=\"text-align: center;\"><a href=\"http:\/\/https:\/\/photos.app.goo.gl\/bDsDJzU1AwHX2bBE9\">TALLERS EDUCACI\u00d3 INFANTIL<\/a><\/p>\n","protected":false},"excerpt":{"rendered":"<p>Els dilluns a la tarda els nens i les\u00a0 nenes d\u2019Educaci\u00f3 Infantil realitzem els tallers Intercicle. Barregem tots els nivells i ens dividim en vuit grups, un a cada aula. Els nens i les nenes canvien de taller cada dilluns i van passant per tots els tallers. En fem quatre: \u00a0Taller de Construccions &#8220;EL KAPLA&#8221;: [&hellip;]<\/p>\n","protected":false},"author":20,"featured_media":1651,"comment_status":"open","ping_status":"closed","sticky":false,"template":"","format":"standard","meta":{"_bbp_topic_count":0,"_bbp_reply_count":0,"_bbp_total_topic_count":0,"_bbp_total_reply_count":0,"_bbp_voice_count":0,"_bbp_anonymous_reply_count":0,"_bbp_topic_count_hidden":0,"_bbp_reply_count_hidden":0,"_bbp_forum_subforum_count":0,"site-sidebar-layout":"default","site-content-layout":"","ast-site-content-layout":"","site-content-style":"default","site-sidebar-style":"default","ast-global-header-display":"","ast-banner-title-visibility":"","ast-main-header-display":"","ast-hfb-above-header-display":"","ast-hfb-below-header-display":"","ast-hfb-mobile-header-display":"","site-post-title":"","ast-breadcrumbs-content":"","ast-featured-img":"","footer-sml-layout":"","theme-transparent-header-meta":"","adv-header-id-meta":"","stick-header-meta":"","header-above-stick-meta":"","header-main-stick-meta":"","header-below-stick-meta":"","astra-migrate-meta-layouts":"default","ast-page-background-enabled":"default","ast-page-background-meta":{"desktop":{"background-color":"var(--ast-global-color-4)","background-image":"","background-repeat":"repeat","background-position":"center center","background-size":"auto","background-attachment":"scroll","background-type":"","background-media":"","overlay-type":"","overlay-color":"","overlay-opacity":"","overlay-gradient":""},"tablet":{"background-color":"","background-image":"","background-repeat":"repeat","background-position":"center center","background-size":"auto","background-attachment":"scroll","background-type":"","background-media":"","overlay-type":"","overlay-color":"","overlay-opacity":"","overlay-gradient":""},"mobile":{"background-color":"","background-image":"","background-repeat":"repeat","background-position":"center center","background-size":"auto","background-attachment":"scroll","background-type":"","background-media":"","overlay-type":"","overlay-color":"","overlay-opacity":"","overlay-gradient":""}},"ast-content-background-meta":{"desktop":{"background-color":"var(--ast-global-color-5)","background-image":"","background-repeat":"repeat","background-position":"center center","background-size":"auto","background-attachment":"scroll","background-type":"","background-media":"","overlay-type":"","overlay-color":"","overlay-opacity":"","overlay-gradient":""},"tablet":{"background-color":"var(--ast-global-color-5)","background-image":"","background-repeat":"repeat","background-position":"center center","background-size":"auto","background-attachment":"scroll","background-type":"","background-media":"","overlay-type":"","overlay-color":"","overlay-opacity":"","overlay-gradient":""},"mobile":{"background-color":"var(--ast-global-color-5)","background-image":"","background-repeat":"repeat","background-position":"center center","background-size":"auto","background-attachment":"scroll","background-type":"","background-media":"","overlay-type":"","overlay-color":"","overlay-opacity":"","overlay-gradient":""}},"footnotes":""},"categories":[1,2,4],"tags":[],"class_list":["post-1647","post","type-post","status-publish","format-standard","has-post-thumbnail","hentry","category-general","category-infantil","category-portada"],"post_mailing_queue_ids":[],"_links":{"self":[{"href":"https:\/\/agora.xtec.cat\/ceip-aguimera-vendrell\/wp-json\/wp\/v2\/posts\/1647","targetHints":{"allow":["GET"]}}],"collection":[{"href":"https:\/\/agora.xtec.cat\/ceip-aguimera-vendrell\/wp-json\/wp\/v2\/posts"}],"about":[{"href":"https:\/\/agora.xtec.cat\/ceip-aguimera-vendrell\/wp-json\/wp\/v2\/types\/post"}],"author":[{"embeddable":true,"href":"https:\/\/agora.xtec.cat\/ceip-aguimera-vendrell\/wp-json\/wp\/v2\/users\/20"}],"replies":[{"embeddable":true,"href":"https:\/\/agora.xtec.cat\/ceip-aguimera-vendrell\/wp-json\/wp\/v2\/comments?post=1647"}],"version-history":[{"count":2,"href":"https:\/\/agora.xtec.cat\/ceip-aguimera-vendrell\/wp-json\/wp\/v2\/posts\/1647\/revisions"}],"predecessor-version":[{"id":1649,"href":"https:\/\/agora.xtec.cat\/ceip-aguimera-vendrell\/wp-json\/wp\/v2\/posts\/1647\/revisions\/1649"}],"wp:featuredmedia":[{"embeddable":true,"href":"https:\/\/agora.xtec.cat\/ceip-aguimera-vendrell\/wp-json\/wp\/v2\/media\/1651"}],"wp:attachment":[{"href":"https:\/\/agora.xtec.cat\/ceip-aguimera-vendrell\/wp-json\/wp\/v2\/media?parent=1647"}],"wp:term":[{"taxonomy":"category","embeddable":true,"href":"https:\/\/agora.xtec.cat\/ceip-aguimera-vendrell\/wp-json\/wp\/v2\/categories?post=1647"},{"taxonomy":"post_tag","embeddable":true,"href":"https:\/\/agora.xtec.cat\/ceip-aguimera-vendrell\/wp-json\/wp\/v2\/tags?post=1647"}],"curies":[{"name":"wp","href":"https:\/\/api.w.org\/{rel}","templated":true}]}}