{"id":1244,"date":"2018-06-28T17:44:58","date_gmt":"2018-06-28T15:44:58","guid":{"rendered":"http:\/\/agora.xtec.cat\/ceip-aguimera-vendrell\/?p=1244"},"modified":"2018-06-28T18:06:42","modified_gmt":"2018-06-28T16:06:42","slug":"festa-de-final-de-curs-2017-18","status":"publish","type":"post","link":"https:\/\/agora.xtec.cat\/ceip-aguimera-vendrell\/general\/festa-de-final-de-curs-2017-18\/","title":{"rendered":"Festa de final de curs 2017-18"},"content":{"rendered":"<p>L&#8217;\u00faltim dia del curs \u00e9s un dia especial, ens acomiadem de companys, mestres i alumnes fins el proper curs, i alguns deixen definitivament l&#8217;escola, per diferents motius.<\/p>\n<p>Ens vam reunir tots al pavell\u00f3 per tal de veure els balls que havien preparat els alumnes de C.M i, especialment, C.S.<\/p>\n<p>Aqu\u00ed en teniu uns v\u00eddeos perqu\u00e8 els pugueu veure quins ballarins tenim!<\/p>\n<blockquote><p><a href=\"https:\/\/photos.app.goo.gl\/JC18Jk7KRj8nK8WN9\" target=\"_blank\" rel=\"noopener noreferrer\">V\u00cdDEO 4t-1<\/a><\/p>\n<p><a href=\"https:\/\/photos.app.goo.gl\/KNQPk13nQ5AyH5Gh9\" target=\"_blank\" rel=\"noopener noreferrer\">V\u00cdDEO 4t-2<\/a><\/p>\n<p><a href=\"https:\/\/photos.app.goo.gl\/DeKCNrjB6RF3i5tN8\" target=\"_blank\" rel=\"noopener noreferrer\">V\u00cdDEO 5\u00e8-1<\/a><\/p>\n<p><a href=\"https:\/\/photos.app.goo.gl\/zunwweYsGoLv9SNJ9\" target=\"_blank\" rel=\"noopener noreferrer\">V\u00cdDEO 5\u00e8-2<\/a><\/p>\n<p><a href=\"https:\/\/photos.app.goo.gl\/Ev4Le9LagCdbk6jx6\" target=\"_blank\" rel=\"noopener noreferrer\">V\u00cdDEO 5\u00e8-3<\/a><\/p>\n<p><a href=\"https:\/\/photos.app.goo.gl\/dgJeBRJK7wogv2N18\" target=\"_blank\" rel=\"noopener noreferrer\">V\u00cdDEO 6\u00e8-1<\/a><\/p>\n<p><a href=\"https:\/\/photos.app.goo.gl\/iEXYUyyimYuk7mtSA\" target=\"_blank\" rel=\"noopener noreferrer\">V\u00cdDEO 6\u00e8-2<\/a><\/p>\n<p><a href=\"https:\/\/photos.app.goo.gl\/EAXKT9QZJZivXTSM7\" target=\"_blank\" rel=\"noopener noreferrer\">V\u00cdDEO 6\u00e8-3<\/a><\/p>\n<p><a href=\"https:\/\/photos.app.goo.gl\/DLU7GCU2sWXJZpXB6\" target=\"_blank\" rel=\"noopener noreferrer\">V\u00cdDEO 6\u00e8-4<\/a><\/p>\n<p><a href=\"https:\/\/photos.app.goo.gl\/T9ajnFY5gAy4rGvAA\" target=\"_blank\" rel=\"noopener noreferrer\">V\u00cdDEO 6\u00e8-5<\/a><\/p>\n<p><a href=\"https:\/\/photos.app.goo.gl\/UkPSrAYkvnCzGYPD8\" target=\"_blank\" rel=\"noopener noreferrer\">V\u00cdDEO 6\u00e8 -6<\/a><\/p>\n<p><a href=\"https:\/\/photos.app.goo.gl\/CME7eGz9NmDPB7o47\" target=\"_blank\" rel=\"noopener noreferrer\">V\u00cdDEO 6\u00e8-7<\/a><\/p>\n<p>Els alumnes de P5 van fer la seva graduaci\u00f3 cantant una bonica i divertida can\u00e7\u00f3 on expliquen que el curs que ve ja faran primer, doncs ja saben llegir, comptar, dibuixar&#8230;<\/p>\n<p><a href=\"https:\/\/photos.app.goo.gl\/kk4ZMyU3ZnNVkhi26\" target=\"_blank\" rel=\"noopener noreferrer\">V\u00cdDEO P5<\/a><\/p>\n<p>Es va aprofitar per acomiadar la mestra Carme Martorell de P5, que ha estat a la nostra escola un munt d&#8217;anys, fent una excel\u00b7lent feina com a docent, organitzadora d&#8217;activitats i mestra referent de la nostra comunitat. La trobarem molt a faltar, ja que es jubila!<\/p>\n<p>fotos <a href=\"https:\/\/photos.app.goo.gl\/7RnpEccSJaZEhiaE9\" target=\"_blank\" rel=\"noopener noreferrer\">CARME MARTORELL<\/a><\/p>\n<p>Finalment, es van acomiadar els alumnes de 6\u00e8, amb una emotiva can\u00e7\u00f3 que va fer plorar a m\u00e9s d&#8217;un.<\/p>\n<p><a href=\"https:\/\/photos.app.goo.gl\/iqMrF11A7uk38Ez88\" target=\"_blank\" rel=\"noopener noreferrer\">V\u00cdDEO AD\u00c9U A 6\u00e8<\/a><\/p>\n<p>Finalment, cada classe va anar a la seva aula, on vam fer un pica-pica, i despr\u00e9s al pati, on vam prendre un refrescant gelat per acomiadar el curs i donar la benvinguda a les merescudes vacances.<\/p>\n<p>FOTOS\u00a0<a href=\"https:\/\/photos.app.goo.gl\/ye4rWvytwq31Z2sEA\" target=\"_blank\" rel=\"noopener noreferrer\">FESTES I GELATS<\/a><\/p>\n<p>BON ESTIU!<\/p><\/blockquote>\n","protected":false},"excerpt":{"rendered":"<p>L&#8217;\u00faltim dia del curs \u00e9s un dia especial, ens acomiadem de companys, mestres i alumnes fins el proper curs, i alguns deixen definitivament l&#8217;escola, per diferents motius. Ens vam reunir tots al pavell\u00f3 per tal de veure els balls que havien preparat els alumnes de C.M i, especialment, C.S. Aqu\u00ed en teniu uns v\u00eddeos perqu\u00e8 [&hellip;]<\/p>\n","protected":false},"author":1,"featured_media":0,"comment_status":"open","ping_status":"closed","sticky":false,"template":"","format":"standard","meta":{"_bbp_topic_count":0,"_bbp_reply_count":0,"_bbp_total_topic_count":0,"_bbp_total_reply_count":0,"_bbp_voice_count":0,"_bbp_anonymous_reply_count":0,"_bbp_topic_count_hidden":0,"_bbp_reply_count_hidden":0,"_bbp_forum_subforum_count":0,"site-sidebar-layout":"default","site-content-layout":"","ast-site-content-layout":"","site-content-style":"default","site-sidebar-style":"default","ast-global-header-display":"","ast-banner-title-visibility":"","ast-main-header-display":"","ast-hfb-above-header-display":"","ast-hfb-below-header-display":"","ast-hfb-mobile-header-display":"","site-post-title":"","ast-breadcrumbs-content":"","ast-featured-img":"","footer-sml-layout":"","theme-transparent-header-meta":"","adv-header-id-meta":"","stick-header-meta":"","header-above-stick-meta":"","header-main-stick-meta":"","header-below-stick-meta":"","astra-migrate-meta-layouts":"default","ast-page-background-enabled":"default","ast-page-background-meta":{"desktop":{"background-color":"var(--ast-global-color-4)","background-image":"","background-repeat":"repeat","background-position":"center center","background-size":"auto","background-attachment":"scroll","background-type":"","background-media":"","overlay-type":"","overlay-color":"","overlay-opacity":"","overlay-gradient":""},"tablet":{"background-color":"","background-image":"","background-repeat":"repeat","background-position":"center center","background-size":"auto","background-attachment":"scroll","background-type":"","background-media":"","overlay-type":"","overlay-color":"","overlay-opacity":"","overlay-gradient":""},"mobile":{"background-color":"","background-image":"","background-repeat":"repeat","background-position":"center center","background-size":"auto","background-attachment":"scroll","background-type":"","background-media":"","overlay-type":"","overlay-color":"","overlay-opacity":"","overlay-gradient":""}},"ast-content-background-meta":{"desktop":{"background-color":"var(--ast-global-color-5)","background-image":"","background-repeat":"repeat","background-position":"center center","background-size":"auto","background-attachment":"scroll","background-type":"","background-media":"","overlay-type":"","overlay-color":"","overlay-opacity":"","overlay-gradient":""},"tablet":{"background-color":"var(--ast-global-color-5)","background-image":"","background-repeat":"repeat","background-position":"center center","background-size":"auto","background-attachment":"scroll","background-type":"","background-media":"","overlay-type":"","overlay-color":"","overlay-opacity":"","overlay-gradient":""},"mobile":{"background-color":"var(--ast-global-color-5)","background-image":"","background-repeat":"repeat","background-position":"center center","background-size":"auto","background-attachment":"scroll","background-type":"","background-media":"","overlay-type":"","overlay-color":"","overlay-opacity":"","overlay-gradient":""}},"footnotes":""},"categories":[1,2,4,5],"tags":[29],"class_list":["post-1244","post","type-post","status-publish","format-standard","hentry","category-general","category-infantil","category-portada","category-primaria","tag-activitats"],"post_mailing_queue_ids":[],"_links":{"self":[{"href":"https:\/\/agora.xtec.cat\/ceip-aguimera-vendrell\/wp-json\/wp\/v2\/posts\/1244","targetHints":{"allow":["GET"]}}],"collection":[{"href":"https:\/\/agora.xtec.cat\/ceip-aguimera-vendrell\/wp-json\/wp\/v2\/posts"}],"about":[{"href":"https:\/\/agora.xtec.cat\/ceip-aguimera-vendrell\/wp-json\/wp\/v2\/types\/post"}],"author":[{"embeddable":true,"href":"https:\/\/agora.xtec.cat\/ceip-aguimera-vendrell\/wp-json\/wp\/v2\/users\/1"}],"replies":[{"embeddable":true,"href":"https:\/\/agora.xtec.cat\/ceip-aguimera-vendrell\/wp-json\/wp\/v2\/comments?post=1244"}],"version-history":[{"count":3,"href":"https:\/\/agora.xtec.cat\/ceip-aguimera-vendrell\/wp-json\/wp\/v2\/posts\/1244\/revisions"}],"predecessor-version":[{"id":1249,"href":"https:\/\/agora.xtec.cat\/ceip-aguimera-vendrell\/wp-json\/wp\/v2\/posts\/1244\/revisions\/1249"}],"wp:attachment":[{"href":"https:\/\/agora.xtec.cat\/ceip-aguimera-vendrell\/wp-json\/wp\/v2\/media?parent=1244"}],"wp:term":[{"taxonomy":"category","embeddable":true,"href":"https:\/\/agora.xtec.cat\/ceip-aguimera-vendrell\/wp-json\/wp\/v2\/categories?post=1244"},{"taxonomy":"post_tag","embeddable":true,"href":"https:\/\/agora.xtec.cat\/ceip-aguimera-vendrell\/wp-json\/wp\/v2\/tags?post=1244"}],"curies":[{"name":"wp","href":"https:\/\/api.w.org\/{rel}","templated":true}]}}