{"id":1220,"date":"2018-05-24T23:14:37","date_gmt":"2018-05-24T21:14:37","guid":{"rendered":"http:\/\/agora.xtec.cat\/ceip-aguimera-vendrell\/?p=1220"},"modified":"2018-05-24T23:18:59","modified_gmt":"2018-05-24T21:18:59","slug":"visita-del-voluntaris-al-parc-de-bombers","status":"publish","type":"post","link":"https:\/\/agora.xtec.cat\/ceip-aguimera-vendrell\/general\/visita-del-voluntaris-al-parc-de-bombers\/","title":{"rendered":"Visita del voluntaris al parc de bombers"},"content":{"rendered":"<p>El dimecres 23 de maig alguns voluntaris de la nostra escola hem pogut visitar el Parc de Bombers del Vendrell. El cap del parc ens ha fet un forat a la seva agenda i ens ha rebut entremig de dues emerg\u00e8ncies, tots els bombers que hi havia en aquell moment han hagut de marxar per a cobrir dues emerg\u00e8ncies simult\u00e0nies, aix\u00ed doncs els hem pogut veure equipats sortint amb dos camions r\u00e0pidament i al cap d&#8217;una hora els hem vist tornar i aparcar-los deixant-los preparats per a properes sortides.<br \/>\nAl parc ens hem quedat els voluntaris amb el Joan, el cap del Parc, que ens ha rebut i ens ha explicat el dia a dia d&#8217;un bomber, les gu\u00e0rdies, els diferents tipus de situacions en les quals intervenen (inundacions, incendis, accidents, atenci\u00f3 a persones i un llarg etc\u00e8tera) hem pogut veure els recursos que tenen i hem sabut que en total s\u00f3n 30 bombers, i la necessitat de mantenir-los i d&#8217;incrementar la plantilla. Ens ha assenyalat el territori que cobreixen, la coordinaci\u00f3 entre tots els parcs de Catalunya, ens ha ensenyat algunes de les eines indispensables que porten els camions de bombers (m\u00e0negues, oxigen&#8230;) ens ha explicat com comportar-se en cas d&#8217;incendi dins un edifici i ens ha respost totes les preguntes que li hem fet. Tot aix\u00f2 i molt m\u00e9s en poc m\u00e9s d\u2019una hora, estona suficient per prendre consci\u00e8ncia de la import\u00e0ncia de la prevenci\u00f3 de riscos per evitar accidents per part de tothom, de la necessitat de disposar\u00a0 d\u2019aquest parc de bombers, molt important per a tota la poblaci\u00f3 de la comarca i m\u00e9s enll\u00e0. Ser bomber \u00e9s un ofici per al qual s\u2019ha d\u2019estar molt preparat, continuament entrenant i aprenent, una feina que pot arribar a ser molt dura i arriscada segons l&#8217;emerg\u00e8ncia.<\/p>\n<p>Gr\u00e0cies Bombers del Vendrell per la vostra feina dia rere dia, i per l&#8217;estona que ens heu dedicat.<\/p>\n<p>I gr\u00e0cies a tot el voluntariat de la nostra Escola per la vostra col.laboraci\u00f3 i implicaci\u00f3.<\/p>\n<p>Alguns enlla\u00e7os d\u2019inter\u00e9s:<\/p>\n<p><a href=\"http:\/\/interior.gencat.cat\/ca\/arees_dactuacio\/bombers\/seguretat_a_la_llar_en_cas_dincendi\/com_podem_prevenir_incendis_a_casa\/\" target=\"_blank\" rel=\"noopener noreferrer\">http:\/\/interior.gencat.cat\/ca\/arees_dactuacio\/bombers\/seguretat_a_la_llar_en_cas_dincendi\/com_podem_prevenir_incendis_a_casa\/<\/a><\/p>\n<p><a href=\"http:\/\/interior.gencat.cat\/ca\/arees_dactuacio\/bombers\/seguretat_a_la_llar_en_cas_dincendi\/com_hem_d_actuar_en_cas_dincendi\/\" target=\"_blank\" rel=\"noopener noreferrer\">http:\/\/interior.gencat.cat\/ca\/arees_dactuacio\/bombers\/seguretat_a_la_llar_en_cas_dincendi\/com_hem_d_actuar_en_cas_dincendi\/<\/a><\/p>\n<p>Comissi\u00f3 de Voluntaris \u00c0ngel Guimer\u00e0.<a href=\"http:\/\/agora.xtec.cat\/ceip-aguimera-vendrell\/wp-content\/uploads\/usu102\/2018\/05\/milva.jpg\"><img loading=\"lazy\" decoding=\"async\" class=\" wp-image-1221 alignleft\" src=\"http:\/\/agora.xtec.cat\/ceip-aguimera-vendrell\/wp-content\/uploads\/usu102\/2018\/05\/milva-225x300.jpg\" alt=\"\" width=\"152\" height=\"203\" \/><\/a><br \/>\n<a href=\"mailto:voluntariatag@gmail.com\">voluntariatag@gmail.com<\/a><\/p>\n","protected":false},"excerpt":{"rendered":"<p>El dimecres 23 de maig alguns voluntaris de la nostra escola hem pogut visitar el Parc de Bombers del Vendrell. El cap del parc ens ha fet un forat a la seva agenda i ens ha rebut entremig de dues emerg\u00e8ncies, tots els bombers que hi havia en aquell moment han hagut de marxar per [&hellip;]<\/p>\n","protected":false},"author":1,"featured_media":1068,"comment_status":"open","ping_status":"closed","sticky":false,"template":"","format":"standard","meta":{"_bbp_topic_count":0,"_bbp_reply_count":0,"_bbp_total_topic_count":0,"_bbp_total_reply_count":0,"_bbp_voice_count":0,"_bbp_anonymous_reply_count":0,"_bbp_topic_count_hidden":0,"_bbp_reply_count_hidden":0,"_bbp_forum_subforum_count":0,"site-sidebar-layout":"default","site-content-layout":"","ast-site-content-layout":"","site-content-style":"default","site-sidebar-style":"default","ast-global-header-display":"","ast-banner-title-visibility":"","ast-main-header-display":"","ast-hfb-above-header-display":"","ast-hfb-below-header-display":"","ast-hfb-mobile-header-display":"","site-post-title":"","ast-breadcrumbs-content":"","ast-featured-img":"","footer-sml-layout":"","theme-transparent-header-meta":"","adv-header-id-meta":"","stick-header-meta":"","header-above-stick-meta":"","header-main-stick-meta":"","header-below-stick-meta":"","astra-migrate-meta-layouts":"default","ast-page-background-enabled":"default","ast-page-background-meta":{"desktop":{"background-color":"var(--ast-global-color-4)","background-image":"","background-repeat":"repeat","background-position":"center center","background-size":"auto","background-attachment":"scroll","background-type":"","background-media":"","overlay-type":"","overlay-color":"","overlay-opacity":"","overlay-gradient":""},"tablet":{"background-color":"","background-image":"","background-repeat":"repeat","background-position":"center center","background-size":"auto","background-attachment":"scroll","background-type":"","background-media":"","overlay-type":"","overlay-color":"","overlay-opacity":"","overlay-gradient":""},"mobile":{"background-color":"","background-image":"","background-repeat":"repeat","background-position":"center center","background-size":"auto","background-attachment":"scroll","background-type":"","background-media":"","overlay-type":"","overlay-color":"","overlay-opacity":"","overlay-gradient":""}},"ast-content-background-meta":{"desktop":{"background-color":"var(--ast-global-color-5)","background-image":"","background-repeat":"repeat","background-position":"center center","background-size":"auto","background-attachment":"scroll","background-type":"","background-media":"","overlay-type":"","overlay-color":"","overlay-opacity":"","overlay-gradient":""},"tablet":{"background-color":"var(--ast-global-color-5)","background-image":"","background-repeat":"repeat","background-position":"center center","background-size":"auto","background-attachment":"scroll","background-type":"","background-media":"","overlay-type":"","overlay-color":"","overlay-opacity":"","overlay-gradient":""},"mobile":{"background-color":"var(--ast-global-color-5)","background-image":"","background-repeat":"repeat","background-position":"center center","background-size":"auto","background-attachment":"scroll","background-type":"","background-media":"","overlay-type":"","overlay-color":"","overlay-opacity":"","overlay-gradient":""}},"footnotes":""},"categories":[1,2,4,5],"tags":[29,125],"class_list":["post-1220","post","type-post","status-publish","format-standard","has-post-thumbnail","hentry","category-general","category-infantil","category-portada","category-primaria","tag-activitats","tag-voluntariat"],"post_mailing_queue_ids":[],"_links":{"self":[{"href":"https:\/\/agora.xtec.cat\/ceip-aguimera-vendrell\/wp-json\/wp\/v2\/posts\/1220","targetHints":{"allow":["GET"]}}],"collection":[{"href":"https:\/\/agora.xtec.cat\/ceip-aguimera-vendrell\/wp-json\/wp\/v2\/posts"}],"about":[{"href":"https:\/\/agora.xtec.cat\/ceip-aguimera-vendrell\/wp-json\/wp\/v2\/types\/post"}],"author":[{"embeddable":true,"href":"https:\/\/agora.xtec.cat\/ceip-aguimera-vendrell\/wp-json\/wp\/v2\/users\/1"}],"replies":[{"embeddable":true,"href":"https:\/\/agora.xtec.cat\/ceip-aguimera-vendrell\/wp-json\/wp\/v2\/comments?post=1220"}],"version-history":[{"count":2,"href":"https:\/\/agora.xtec.cat\/ceip-aguimera-vendrell\/wp-json\/wp\/v2\/posts\/1220\/revisions"}],"predecessor-version":[{"id":1223,"href":"https:\/\/agora.xtec.cat\/ceip-aguimera-vendrell\/wp-json\/wp\/v2\/posts\/1220\/revisions\/1223"}],"wp:featuredmedia":[{"embeddable":true,"href":"https:\/\/agora.xtec.cat\/ceip-aguimera-vendrell\/wp-json\/wp\/v2\/media\/1068"}],"wp:attachment":[{"href":"https:\/\/agora.xtec.cat\/ceip-aguimera-vendrell\/wp-json\/wp\/v2\/media?parent=1220"}],"wp:term":[{"taxonomy":"category","embeddable":true,"href":"https:\/\/agora.xtec.cat\/ceip-aguimera-vendrell\/wp-json\/wp\/v2\/categories?post=1220"},{"taxonomy":"post_tag","embeddable":true,"href":"https:\/\/agora.xtec.cat\/ceip-aguimera-vendrell\/wp-json\/wp\/v2\/tags?post=1220"}],"curies":[{"name":"wp","href":"https:\/\/api.w.org\/{rel}","templated":true}]}}