{"id":1002,"date":"2017-10-29T22:13:46","date_gmt":"2017-10-29T21:13:46","guid":{"rendered":"http:\/\/agora.xtec.cat\/ceip-aguimera-vendrell\/?p=1002"},"modified":"2017-11-08T13:15:44","modified_gmt":"2017-11-08T12:15:44","slug":"assemblea-comunitats-2017-18","status":"publish","type":"post","link":"https:\/\/agora.xtec.cat\/ceip-aguimera-vendrell\/general\/assemblea-comunitats-2017-18\/","title":{"rendered":"Assemblea Comunitats 2017-18"},"content":{"rendered":"<p>El passat 28 d&#8217;octubre, com ja \u00e9s habitual, a l&#8217;escola \u00c0ngel Guimer\u00e0 vam trobar-nos mestres i familiars per con\u00e8ixer les actuacions portades a terme el curs passat per les diferents comissions mixtes que configuren la nostra comunitat d&#8217;aprenentatge.<\/p>\n<p>Despr\u00e9s de fer un caf\u00e8 solidari i veure el v\u00eddeo i fotos de l&#8217;assemblea del curs passat en qu\u00e8 vam celebrar els deu anys com a Comunitat d&#8217;Aprenentatge, de les Jornades Culturals en qu\u00e8 vam tornar a somiar i vam enterrar una c\u00e0psula del temps, i de la festa d&#8217;aniversari de la MILVA, vam entrar al menjador.<\/p>\n<p><a href=\"https:\/\/photos.app.goo.gl\/aXt04Z7o2jbpFQks1\" target=\"_blank\" rel=\"noopener noreferrer\">fotos vest\u00edbul<\/a><\/p>\n<p>La Irene, la Directora, va fer una interessant explicaci\u00f3 sobre la import\u00e0ncia de ser una Comunitat\u00a0d&#8217;Aprenentatge i ens va fer cinc c\u00e8ntims sobre la formaci\u00f3 que li van demanar que impart\u00eds aquest estiu a Xile i Brasil, a altres centres i universitats interessades en el nostre projecte.<\/p>\n<p>Despr\u00e9s, cada comissi\u00f3 (L\u00fadics-M\u00e0gics, Infraestructures, Aprenentatges-Valors i Voluntariat) va explicar els somnis\u00a0portats a terme el curs passat, aquest\u00a0 cop ajudades per diferents alumnes que van participar a cada actuaci\u00f3 (cinema a l&#8217;escola, buffet lliure, pintada de graffitis, campanya solid\u00e0ria, tert\u00falies dial\u00f2giques, grups interactius&#8230;) o per voluntaris que van explicar la seva experi\u00e8ncia.\u00a0Tamb\u00e9 es van proposar\u00a0els somnis que volem fer realitat al llarg d&#8217;aquest curs.<\/p>\n<p><a href=\"https:\/\/photos.app.goo.gl\/UISU1PtPrPrskuW42\" target=\"_blank\" rel=\"noopener noreferrer\">fotos assemblea<\/a><\/p>\n<p><a href=\"https:\/\/photos.app.goo.gl\/jGkj8UCcS2eczU313\" target=\"_blank\" rel=\"noopener noreferrer\">fotos alumnes<\/a>\u00a0i voluntaris<\/p>\n<p>Mentrestant, els 65 nens i nenes que van venir a l&#8217;escola, van poder gaudir d&#8217;un esmorzar i d&#8217;entretinguts tallers dirigits per monitores de la Ballaruga: van fer panellets de decoraci\u00f3 amb plastilina, arr\u00f2s, pasta i llegums, van plantar llavors\u00a0 amb una t\u00e8cnica japonesa anomenada &#8220;Nendo Dango&#8221; en una torreta feta per ells mateixos amb fang i llanes de colors, i van fer una estona de jocs cooperatius a l&#8217;aire lliure..<\/p>\n<p><a href=\"https:\/\/photos.app.goo.gl\/09CRGuyorABJCSHh2\" target=\"_blank\" rel=\"noopener noreferrer\">fotos tallers<\/a><\/p>\n<p>Per acabar, vam gaudir d&#8217;un pica-pica sota el porxo,\u00a0 i tots vam poder ballar a la pista dirigits per l&#8217;Ana, la mestra d&#8217;E.F. i la Sandra, tutora de 2n i ballarina. Aquest era un dels somnis d&#8217;enguany: una classe de ball per a tothom (alumnes, mestres i familiars)<\/p>\n<p><a href=\"https:\/\/photos.app.goo.gl\/5wIRAmdLeEzkwv0p1\" target=\"_blank\" rel=\"noopener noreferrer\">fotos pica-pica<\/a><\/p>\n<p><a href=\"https:\/\/photos.app.goo.gl\/OYmRZujI9HOmoLCr1\" target=\"_blank\" rel=\"noopener noreferrer\">fotos ball<\/a><\/p>\n<p><a href=\"https:\/\/photos.app.goo.gl\/8ecC5oNpBcz1PD6I3\" target=\"_blank\" rel=\"noopener noreferrer\">v\u00eddeo ball<\/a><\/p>\n<p><a href=\"https:\/\/photos.app.goo.gl\/cLum8ORo4tL8FdCW2\" target=\"_blank\" rel=\"noopener noreferrer\">v\u00eddeo ball Sofia<\/a><\/p>\n<p>Va ser un mat\u00ed de dissabte ben especial,\u00a0on va quedar pal\u00e8s que tenim\u00a0molts projectes i somnis\u00a0per portar a terme, per\u00f2 que per poder-los fer realitat necessitem de la col\u00b7laboraci\u00f3 de m\u00e9s voluntaris, ja que en aquests moments ens en falten.<\/p>\n<p style=\"text-align: center;\">Animeu-vos!!\u00a0 \u00a0L&#8217;educaci\u00f3 \u00e9s cosa de tots!<\/p>\n","protected":false},"excerpt":{"rendered":"<p>El passat 28 d&#8217;octubre, com ja \u00e9s habitual, a l&#8217;escola \u00c0ngel Guimer\u00e0 vam trobar-nos mestres i familiars per con\u00e8ixer les actuacions portades a terme el curs passat per les diferents comissions mixtes que configuren la nostra comunitat d&#8217;aprenentatge. Despr\u00e9s de fer un caf\u00e8 solidari i veure el v\u00eddeo i fotos de l&#8217;assemblea del curs passat [&hellip;]<\/p>\n","protected":false},"author":1,"featured_media":0,"comment_status":"open","ping_status":"closed","sticky":false,"template":"","format":"standard","meta":{"_bbp_topic_count":0,"_bbp_reply_count":0,"_bbp_total_topic_count":0,"_bbp_total_reply_count":0,"_bbp_voice_count":0,"_bbp_anonymous_reply_count":0,"_bbp_topic_count_hidden":0,"_bbp_reply_count_hidden":0,"_bbp_forum_subforum_count":0,"site-sidebar-layout":"default","site-content-layout":"","ast-site-content-layout":"","site-content-style":"default","site-sidebar-style":"default","ast-global-header-display":"","ast-banner-title-visibility":"","ast-main-header-display":"","ast-hfb-above-header-display":"","ast-hfb-below-header-display":"","ast-hfb-mobile-header-display":"","site-post-title":"","ast-breadcrumbs-content":"","ast-featured-img":"","footer-sml-layout":"","theme-transparent-header-meta":"","adv-header-id-meta":"","stick-header-meta":"","header-above-stick-meta":"","header-main-stick-meta":"","header-below-stick-meta":"","astra-migrate-meta-layouts":"default","ast-page-background-enabled":"default","ast-page-background-meta":{"desktop":{"background-color":"var(--ast-global-color-4)","background-image":"","background-repeat":"repeat","background-position":"center center","background-size":"auto","background-attachment":"scroll","background-type":"","background-media":"","overlay-type":"","overlay-color":"","overlay-opacity":"","overlay-gradient":""},"tablet":{"background-color":"","background-image":"","background-repeat":"repeat","background-position":"center center","background-size":"auto","background-attachment":"scroll","background-type":"","background-media":"","overlay-type":"","overlay-color":"","overlay-opacity":"","overlay-gradient":""},"mobile":{"background-color":"","background-image":"","background-repeat":"repeat","background-position":"center center","background-size":"auto","background-attachment":"scroll","background-type":"","background-media":"","overlay-type":"","overlay-color":"","overlay-opacity":"","overlay-gradient":""}},"ast-content-background-meta":{"desktop":{"background-color":"var(--ast-global-color-5)","background-image":"","background-repeat":"repeat","background-position":"center center","background-size":"auto","background-attachment":"scroll","background-type":"","background-media":"","overlay-type":"","overlay-color":"","overlay-opacity":"","overlay-gradient":""},"tablet":{"background-color":"var(--ast-global-color-5)","background-image":"","background-repeat":"repeat","background-position":"center center","background-size":"auto","background-attachment":"scroll","background-type":"","background-media":"","overlay-type":"","overlay-color":"","overlay-opacity":"","overlay-gradient":""},"mobile":{"background-color":"var(--ast-global-color-5)","background-image":"","background-repeat":"repeat","background-position":"center center","background-size":"auto","background-attachment":"scroll","background-type":"","background-media":"","overlay-type":"","overlay-color":"","overlay-opacity":"","overlay-gradient":""}},"footnotes":""},"categories":[1,4],"tags":[],"class_list":["post-1002","post","type-post","status-publish","format-standard","hentry","category-general","category-portada"],"post_mailing_queue_ids":[],"_links":{"self":[{"href":"https:\/\/agora.xtec.cat\/ceip-aguimera-vendrell\/wp-json\/wp\/v2\/posts\/1002","targetHints":{"allow":["GET"]}}],"collection":[{"href":"https:\/\/agora.xtec.cat\/ceip-aguimera-vendrell\/wp-json\/wp\/v2\/posts"}],"about":[{"href":"https:\/\/agora.xtec.cat\/ceip-aguimera-vendrell\/wp-json\/wp\/v2\/types\/post"}],"author":[{"embeddable":true,"href":"https:\/\/agora.xtec.cat\/ceip-aguimera-vendrell\/wp-json\/wp\/v2\/users\/1"}],"replies":[{"embeddable":true,"href":"https:\/\/agora.xtec.cat\/ceip-aguimera-vendrell\/wp-json\/wp\/v2\/comments?post=1002"}],"version-history":[{"count":3,"href":"https:\/\/agora.xtec.cat\/ceip-aguimera-vendrell\/wp-json\/wp\/v2\/posts\/1002\/revisions"}],"predecessor-version":[{"id":1014,"href":"https:\/\/agora.xtec.cat\/ceip-aguimera-vendrell\/wp-json\/wp\/v2\/posts\/1002\/revisions\/1014"}],"wp:attachment":[{"href":"https:\/\/agora.xtec.cat\/ceip-aguimera-vendrell\/wp-json\/wp\/v2\/media?parent=1002"}],"wp:term":[{"taxonomy":"category","embeddable":true,"href":"https:\/\/agora.xtec.cat\/ceip-aguimera-vendrell\/wp-json\/wp\/v2\/categories?post=1002"},{"taxonomy":"post_tag","embeddable":true,"href":"https:\/\/agora.xtec.cat\/ceip-aguimera-vendrell\/wp-json\/wp\/v2\/tags?post=1002"}],"curies":[{"name":"wp","href":"https:\/\/api.w.org\/{rel}","templated":true}]}}