{"id":995,"date":"2017-11-15T22:34:24","date_gmt":"2017-11-15T21:34:24","guid":{"rendered":"http:\/\/agora.xtec.cat\/ceip-agsantandreu\/?p=995"},"modified":"2017-11-16T13:05:20","modified_gmt":"2017-11-16T12:05:20","slug":"p4-fem-oli-a-can-julia","status":"publish","type":"post","link":"https:\/\/agora.xtec.cat\/ceip-agsantandreu\/comunitats\/petits\/p4-fem-oli-a-can-julia\/","title":{"rendered":"P4. FEM OLI A CAN JULI\u00c0"},"content":{"rendered":"<p style=\"text-align: left\">El passat dilluns 13 de Novembre vam estar a Can Juli\u00e0 fent oli. Ha estat una experi\u00e8ncia molt divertida i enriquidora!! Entre tots i totes vam recollir les olives que van caure, despr\u00e9s les vam rentar. Quan ja estaven ben netes les vam moldre i per \u00faltim les vam premsar a la premsa com aut\u00e8ntics oleicultors. Per \u00faltim vam dissenyar una etiqueta ben original i personal per la nostra ampolla. Ha sigut molt divertit!!<\/p>\n<p style=\"text-align: center\"><a href=\"http:\/\/agora.xtec.cat\/ceip-agsantandreu\/wp-content\/uploads\/usu37\/2017\/11\/CIMG6141.jpg\"><img loading=\"lazy\" decoding=\"async\" class=\"alignnone size-full wp-image-996\" src=\"http:\/\/agora.xtec.cat\/ceip-agsantandreu\/wp-content\/uploads\/usu37\/2017\/11\/CIMG6141.jpg\" alt=\"\" width=\"640\" height=\"480\" srcset=\"https:\/\/agora.xtec.cat\/ceip-agsantandreu\/wp-content\/uploads\/usu37\/2017\/11\/CIMG6141.jpg 640w, https:\/\/agora.xtec.cat\/ceip-agsantandreu\/wp-content\/uploads\/usu37\/2017\/11\/CIMG6141-300x225.jpg 300w, https:\/\/agora.xtec.cat\/ceip-agsantandreu\/wp-content\/uploads\/usu37\/2017\/11\/CIMG6141-200x150.jpg 200w\" sizes=\"auto, (max-width: 640px) 100vw, 640px\" \/><\/a><\/p>\n<p style=\"text-align: center\"><a href=\"https:\/\/photos.app.goo.gl\/xlRQnhAKtPx1CYWR2\">Clica per veure m\u00e9s fotos<\/a><\/p>\n","protected":false},"excerpt":{"rendered":"<p>El passat dilluns 13 de Novembre vam estar a Can Juli\u00e0 fent oli. Ha estat una experi\u00e8ncia molt divertida i enriquidora!! Entre tots i totes vam recollir les olives que van caure, despr\u00e9s les vam rentar. Quan ja estaven ben netes les vam moldre i&hellip;  <a href=\"https:\/\/agora.xtec.cat\/ceip-agsantandreu\/comunitats\/petits\/p4-fem-oli-a-can-julia\/\" title=\"Read P4. FEM OLI A CAN JULI\u00c0\">Llegeix m\u00e9s\u00bb<\/a><\/p>\n","protected":false},"author":3,"featured_media":0,"comment_status":"closed","ping_status":"closed","sticky":false,"template":"","format":"standard","meta":{"_bbp_topic_count":0,"_bbp_reply_count":0,"_bbp_total_topic_count":0,"_bbp_total_reply_count":0,"_bbp_voice_count":0,"_bbp_anonymous_reply_count":0,"_bbp_topic_count_hidden":0,"_bbp_reply_count_hidden":0,"_bbp_forum_subforum_count":0,"footnotes":""},"categories":[2,4],"tags":[],"class_list":["post-995","post","type-post","status-publish","format-standard","hentry","category-petits","category-portada"],"post_mailing_queue_ids":[],"_links":{"self":[{"href":"https:\/\/agora.xtec.cat\/ceip-agsantandreu\/wp-json\/wp\/v2\/posts\/995","targetHints":{"allow":["GET"]}}],"collection":[{"href":"https:\/\/agora.xtec.cat\/ceip-agsantandreu\/wp-json\/wp\/v2\/posts"}],"about":[{"href":"https:\/\/agora.xtec.cat\/ceip-agsantandreu\/wp-json\/wp\/v2\/types\/post"}],"author":[{"embeddable":true,"href":"https:\/\/agora.xtec.cat\/ceip-agsantandreu\/wp-json\/wp\/v2\/users\/3"}],"replies":[{"embeddable":true,"href":"https:\/\/agora.xtec.cat\/ceip-agsantandreu\/wp-json\/wp\/v2\/comments?post=995"}],"version-history":[{"count":4,"href":"https:\/\/agora.xtec.cat\/ceip-agsantandreu\/wp-json\/wp\/v2\/posts\/995\/revisions"}],"predecessor-version":[{"id":1013,"href":"https:\/\/agora.xtec.cat\/ceip-agsantandreu\/wp-json\/wp\/v2\/posts\/995\/revisions\/1013"}],"wp:attachment":[{"href":"https:\/\/agora.xtec.cat\/ceip-agsantandreu\/wp-json\/wp\/v2\/media?parent=995"}],"wp:term":[{"taxonomy":"category","embeddable":true,"href":"https:\/\/agora.xtec.cat\/ceip-agsantandreu\/wp-json\/wp\/v2\/categories?post=995"},{"taxonomy":"post_tag","embeddable":true,"href":"https:\/\/agora.xtec.cat\/ceip-agsantandreu\/wp-json\/wp\/v2\/tags?post=995"}],"curies":[{"name":"wp","href":"https:\/\/api.w.org\/{rel}","templated":true}]}}