{"id":9802,"date":"2026-04-29T17:23:36","date_gmt":"2026-04-29T15:23:36","guid":{"rendered":"https:\/\/agora.xtec.cat\/ceip-agsantandreu\/?p=9802"},"modified":"2026-04-29T17:32:54","modified_gmt":"2026-04-29T15:32:54","slug":"una-festa-per-recordar-50-anys-de-la-nostra-escola","status":"publish","type":"post","link":"https:\/\/agora.xtec.cat\/ceip-agsantandreu\/general\/una-festa-per-recordar-50-anys-de-la-nostra-escola\/","title":{"rendered":"Una festa per recordar: 50 anys de la nostra escola"},"content":{"rendered":"<p data-start=\"170\" data-end=\"434\">El passat dissabte vam viure una jornada que quedar\u00e0 per sempre en la mem\u00f2ria de la nostra comunitat educativa. La celebraci\u00f3 del 50\u00e8 aniversari de l\u2019escola \u00c0ngel Guimer\u00e0 va ser, sens dubte, una festa excepcional, plena d\u2019emocions, retrobaments i orgull compartit.<\/p>\n<p data-start=\"436\" data-end=\"791\">Al llarg de tot el mat\u00ed, el centre es va omplir de vida amb una gran varietat d\u2019activitats que van comptar amb la implicaci\u00f3 i col\u00b7laboraci\u00f3 de moltes entitats del municipi. La jornada va comen\u00e7ar amb una caminada pel nostre entorn, que va incloure el tradicional Pi tallat, organitzada amb el suport de l\u2019Associaci\u00f3 de Senderistes i el Club d\u2019Atletisme.<\/p>\n<p data-start=\"793\" data-end=\"1254\">Posteriorment, els espais de l\u2019escola es van transformar en un punt de trobada l\u00fadic i festiu: inflables, tallers i activitats per a totes les edats van fer les del\u00edcies dels assistents. L\u2019AFA va tenir un paper clau, encarregant-se de les begudes i donant suport en el muntatge de tota la jornada. Els tallers van ser dinamitzats per SesaFormaci\u00f3, la nostra empresa de refer\u00e8ncia en extraescolars i casals, que va aportar energia i creativitat a cada proposta.<\/p>\n<p data-start=\"1256\" data-end=\"1496\">L\u2019activitat esportiva tamb\u00e9 va ser protagonista gr\u00e0cies a la implicaci\u00f3 dels clubs del municipi: el Club de Futbol Camp, el Club de Futbol Sala i el Club de B\u00e0squet, que van oferir propostes din\u00e0miques i participatives per a tots els assistents.<\/p>\n<p data-start=\"1498\" data-end=\"1824\">Un dels moments m\u00e9s emotius va arribar amb els parlaments institucionals, on van intervenir les diferents direccions que ha tingut el centre al llarg de la seva hist\u00f2ria, aix\u00ed com l\u2019alcalde del municipi, antic alumne de l\u2019escola. Paraules plenes de records, agra\u00efments i mirada de futur que van connectar generacions senceres.<\/p>\n<p data-start=\"1826\" data-end=\"2018\">La jornada va culminar amb una gran fideu\u00e0 elaborada per la cuinera de l\u2019escola, de l\u2019empresa Com a Casa, que va posar el punt final gastron\u00f2mic a una diada inoblidable.<\/p>\n<p data-start=\"2020\" data-end=\"2321\">Alumnes, fam\u00edlies, exalumnes, antics mestres i docents actuals van compartir espai i temps en un ambient de germanor, especialment significatiu per al barri de Can Prats i per a tot el municipi. Es respirava fraternitat, sentiment de pertinen\u00e7a i una emoci\u00f3 compartida dif\u00edcil d\u2019explicar amb paraules.<\/p>\n<p data-start=\"2323\" data-end=\"2562\">Va ser un dia radiant, tant pel bon temps com per l\u2019energia que es va generar. Un dia per recordar, per retrobar-se, per veure l\u2019evoluci\u00f3 de l\u2019escola al llarg dels anys sense perdre mai l\u2019ess\u00e8ncia del que significa formar part de l&#8217;\u00c0ngel Guimer\u00e0.<\/p>\n<p data-start=\"2323\" data-end=\"2562\">Volem expressar un agra\u00efment especial al Patronat d&#8217;Esports Municipal i a l\u2019Ajuntament de Sant Andreu de la Barca, pel seu suport i col\u00b7laboraci\u00f3, imprescindibles per fer possible una celebraci\u00f3 d\u2019aquesta magnitud.<\/p>\n<p data-start=\"2564\" data-end=\"2682\">Cinquanta anys despr\u00e9s, el sentiment \u00e9s clar: orgull del cam\u00ed recorregut i il\u00b7lusi\u00f3 per tot el que encara ha de venir.<\/p>\n<p data-start=\"2564\" data-end=\"2682\"><a href=\"https:\/\/photos.app.goo.gl\/WjnRGYg1bUTtKwFm6\" target=\"_blank\" rel=\"noopener\">Fotografies del 50\u00e8 aniversari de l&#8217;escola<\/a><\/p>\n<p data-start=\"2564\" data-end=\"2682\"><a href=\"https:\/\/photos.app.goo.gl\/WjnRGYg1bUTtKwFm6\" target=\"_blank\" rel=\"noopener\"><img loading=\"lazy\" decoding=\"async\" class=\"aligncenter wp-image-9805\" src=\"https:\/\/agora.xtec.cat\/ceip-agsantandreu\/wp-content\/uploads\/usu37\/2026\/04\/WhatsApp-Image-2026-04-25-at-17.01.13-225x300.jpeg\" alt=\"\" width=\"525\" height=\"700\" srcset=\"https:\/\/agora.xtec.cat\/ceip-agsantandreu\/wp-content\/uploads\/usu37\/2026\/04\/WhatsApp-Image-2026-04-25-at-17.01.13-225x300.jpeg 225w, https:\/\/agora.xtec.cat\/ceip-agsantandreu\/wp-content\/uploads\/usu37\/2026\/04\/WhatsApp-Image-2026-04-25-at-17.01.13-768x1024.jpeg 768w, https:\/\/agora.xtec.cat\/ceip-agsantandreu\/wp-content\/uploads\/usu37\/2026\/04\/WhatsApp-Image-2026-04-25-at-17.01.13-1152x1536.jpeg 1152w, https:\/\/agora.xtec.cat\/ceip-agsantandreu\/wp-content\/uploads\/usu37\/2026\/04\/WhatsApp-Image-2026-04-25-at-17.01.13.jpeg 1536w\" sizes=\"auto, (max-width: 525px) 100vw, 525px\" \/><\/a><\/p>\n","protected":false},"excerpt":{"rendered":"<p>El passat dissabte vam viure una jornada que quedar\u00e0 per sempre en la mem\u00f2ria de la nostra comunitat educativa. La celebraci\u00f3 del 50\u00e8 aniversari de l\u2019escola \u00c0ngel Guimer\u00e0 va ser, sens dubte, una festa excepcional, plena d\u2019emocions, retrobaments i orgull compartit.<br \/>\nAl llarg de tot el&hellip;  <a href=\"https:\/\/agora.xtec.cat\/ceip-agsantandreu\/general\/una-festa-per-recordar-50-anys-de-la-nostra-escola\/\" title=\"Read Una festa per recordar: 50 anys de la nostra escola\">Llegeix m\u00e9s\u00bb<\/a><\/p>\n","protected":false},"author":1,"featured_media":0,"comment_status":"closed","ping_status":"closed","sticky":false,"template":"","format":"standard","meta":{"_bbp_topic_count":0,"_bbp_reply_count":0,"_bbp_total_topic_count":0,"_bbp_total_reply_count":0,"_bbp_voice_count":0,"_bbp_anonymous_reply_count":0,"_bbp_topic_count_hidden":0,"_bbp_reply_count_hidden":0,"_bbp_forum_subforum_count":0,"footnotes":""},"categories":[1,4],"tags":[],"class_list":["post-9802","post","type-post","status-publish","format-standard","hentry","category-general","category-portada"],"post_mailing_queue_ids":[],"_links":{"self":[{"href":"https:\/\/agora.xtec.cat\/ceip-agsantandreu\/wp-json\/wp\/v2\/posts\/9802","targetHints":{"allow":["GET"]}}],"collection":[{"href":"https:\/\/agora.xtec.cat\/ceip-agsantandreu\/wp-json\/wp\/v2\/posts"}],"about":[{"href":"https:\/\/agora.xtec.cat\/ceip-agsantandreu\/wp-json\/wp\/v2\/types\/post"}],"author":[{"embeddable":true,"href":"https:\/\/agora.xtec.cat\/ceip-agsantandreu\/wp-json\/wp\/v2\/users\/1"}],"replies":[{"embeddable":true,"href":"https:\/\/agora.xtec.cat\/ceip-agsantandreu\/wp-json\/wp\/v2\/comments?post=9802"}],"version-history":[{"count":2,"href":"https:\/\/agora.xtec.cat\/ceip-agsantandreu\/wp-json\/wp\/v2\/posts\/9802\/revisions"}],"predecessor-version":[{"id":9806,"href":"https:\/\/agora.xtec.cat\/ceip-agsantandreu\/wp-json\/wp\/v2\/posts\/9802\/revisions\/9806"}],"wp:attachment":[{"href":"https:\/\/agora.xtec.cat\/ceip-agsantandreu\/wp-json\/wp\/v2\/media?parent=9802"}],"wp:term":[{"taxonomy":"category","embeddable":true,"href":"https:\/\/agora.xtec.cat\/ceip-agsantandreu\/wp-json\/wp\/v2\/categories?post=9802"},{"taxonomy":"post_tag","embeddable":true,"href":"https:\/\/agora.xtec.cat\/ceip-agsantandreu\/wp-json\/wp\/v2\/tags?post=9802"}],"curies":[{"name":"wp","href":"https:\/\/api.w.org\/{rel}","templated":true}]}}