{"id":980,"date":"2017-11-15T10:03:21","date_gmt":"2017-11-15T09:03:21","guid":{"rendered":"http:\/\/agora.xtec.cat\/ceip-agsantandreu\/?p=980"},"modified":"2017-11-15T10:03:21","modified_gmt":"2017-11-15T09:03:21","slug":"setmana-de-la-ciencia","status":"publish","type":"post","link":"https:\/\/agora.xtec.cat\/ceip-agsantandreu\/general\/setmana-de-la-ciencia\/","title":{"rendered":"Setmana de la ci\u00e8ncia"},"content":{"rendered":"<p>Dem\u00e0 dijous 16, aprofitant que \u00e9s la setmana de la ci\u00e8ncia, farem activitats interetapa.<\/p>\n<p>Ens barrejarem alumnes de l&#8217;escola i de l&#8217;Institut:<\/p>\n<ul>\n<li>P4 i P5 pintarem el planeta que m\u00e9s ens agradi del sistema solar amb l&#8217;acompanyament de l&#8217;alumnat de 1r d&#8217;ESO.<\/li>\n<li>1r i 2n treballarem la llum amb l&#8217;ajuda d&#8217;un espectroscopi, amb l&#8217;acompanyament de l&#8217;alumnat de 2n d&#8217;ESO.<\/li>\n<li>3r i 4t elaborarem una maqueta per entendre\u00a0el funcionament dels pulmons, amb l&#8217;acompanyament de l&#8217;alumnat de 3r d&#8217;ESO.<\/li>\n<li>5\u00e8 i 6\u00e8 construirem una m\u00e0quina que ens permetr\u00e0 convertir mesures d&#8217;unes unitats a les altres, amb l&#8217;acompanyament de l&#8217;alumnat de 4t d&#8217;ESO.<\/li>\n<\/ul>\n<p>Ser\u00e0 una jornada molt interessant on compartirem experi\u00e8ncies tots plegats!<\/p>\n<p><a href=\"http:\/\/agora.xtec.cat\/ceip-agsantandreu\/wp-content\/uploads\/usu37\/2017\/11\/ciencia.jpg\"><img loading=\"lazy\" decoding=\"async\" class=\"size-full wp-image-985 aligncenter\" src=\"http:\/\/agora.xtec.cat\/ceip-agsantandreu\/wp-content\/uploads\/usu37\/2017\/11\/ciencia.jpg\" alt=\"\" width=\"336\" height=\"382\" srcset=\"https:\/\/agora.xtec.cat\/ceip-agsantandreu\/wp-content\/uploads\/usu37\/2017\/11\/ciencia.jpg 336w, https:\/\/agora.xtec.cat\/ceip-agsantandreu\/wp-content\/uploads\/usu37\/2017\/11\/ciencia-264x300.jpg 264w\" sizes=\"auto, (max-width: 336px) 100vw, 336px\" \/><\/a><\/p>\n<p>&nbsp;<\/p>\n<p>&nbsp;<\/p>\n","protected":false},"excerpt":{"rendered":"<p>Dem\u00e0 dijous 16, aprofitant que \u00e9s la setmana de la ci\u00e8ncia, farem activitats interetapa.<br \/>\nEns barrejarem alumnes de l&#8217;escola i de l&#8217;Institut:<\/p>\n<ul>\n<li>P4 i P5 pintarem el planeta que m\u00e9s ens agradi del sistema solar amb l&#8217;acompanyament de l&#8217;alumnat de 1r d&#8217;ESO.<\/li>\n<li>1r i 2n treballarem la llum&hellip;  <a href=\"https:\/\/agora.xtec.cat\/ceip-agsantandreu\/general\/setmana-de-la-ciencia\/\" title=\"Read Setmana de la ci\u00e8ncia\">Llegeix m\u00e9s\u00bb<\/a><br \/>\n","protected":false},"author":1,"featured_media":0,"comment_status":"closed","ping_status":"closed","sticky":false,"template":"","format":"standard","meta":{"_bbp_topic_count":0,"_bbp_reply_count":0,"_bbp_total_topic_count":0,"_bbp_total_reply_count":0,"_bbp_voice_count":0,"_bbp_anonymous_reply_count":0,"_bbp_topic_count_hidden":0,"_bbp_reply_count_hidden":0,"_bbp_forum_subforum_count":0,"footnotes":""},"categories":[1,4],"tags":[],"class_list":["post-980","post","type-post","status-publish","format-standard","hentry","category-general","category-portada"],"post_mailing_queue_ids":[],"_links":{"self":[{"href":"https:\/\/agora.xtec.cat\/ceip-agsantandreu\/wp-json\/wp\/v2\/posts\/980","targetHints":{"allow":["GET"]}}],"collection":[{"href":"https:\/\/agora.xtec.cat\/ceip-agsantandreu\/wp-json\/wp\/v2\/posts"}],"about":[{"href":"https:\/\/agora.xtec.cat\/ceip-agsantandreu\/wp-json\/wp\/v2\/types\/post"}],"author":[{"embeddable":true,"href":"https:\/\/agora.xtec.cat\/ceip-agsantandreu\/wp-json\/wp\/v2\/users\/1"}],"replies":[{"embeddable":true,"href":"https:\/\/agora.xtec.cat\/ceip-agsantandreu\/wp-json\/wp\/v2\/comments?post=980"}],"version-history":[{"count":4,"href":"https:\/\/agora.xtec.cat\/ceip-agsantandreu\/wp-json\/wp\/v2\/posts\/980\/revisions"}],"predecessor-version":[{"id":987,"href":"https:\/\/agora.xtec.cat\/ceip-agsantandreu\/wp-json\/wp\/v2\/posts\/980\/revisions\/987"}],"wp:attachment":[{"href":"https:\/\/agora.xtec.cat\/ceip-agsantandreu\/wp-json\/wp\/v2\/media?parent=980"}],"wp:term":[{"taxonomy":"category","embeddable":true,"href":"https:\/\/agora.xtec.cat\/ceip-agsantandreu\/wp-json\/wp\/v2\/categories?post=980"},{"taxonomy":"post_tag","embeddable":true,"href":"https:\/\/agora.xtec.cat\/ceip-agsantandreu\/wp-json\/wp\/v2\/tags?post=980"}],"curies":[{"name":"wp","href":"https:\/\/api.w.org\/{rel}","templated":true}]}}