{"id":9787,"date":"2026-04-24T13:07:40","date_gmt":"2026-04-24T11:07:40","guid":{"rendered":"https:\/\/agora.xtec.cat\/ceip-agsantandreu\/?p=9787"},"modified":"2026-04-24T13:07:40","modified_gmt":"2026-04-24T11:07:40","slug":"ambients-comunitat-de-petits","status":"publish","type":"post","link":"https:\/\/agora.xtec.cat\/ceip-agsantandreu\/general\/ambients-comunitat-de-petits\/","title":{"rendered":"Ambients. Comunitat de Petits"},"content":{"rendered":"<p>Hola fam\u00edlies!<\/p>\n<p>La Comunitat de Petits hem comen\u00e7at els ambients ( ioga, llum, natura, joc simb\u00f2lic i atelier) Hem gaudit tots i totes d&#8217;un espai de joc i experi\u00e8ncies molt interessant&#8230; Us deixem una mostra amb <a href=\"https:\/\/photos.app.goo.gl\/1is3ArEj1nBMWvTc9\" target=\"_blank\" rel=\"noopener\">FOTOS<\/a><\/p>\n<p><a href=\"https:\/\/agora.xtec.cat\/ceip-agsantandreu\/wp-content\/uploads\/usu37\/2026\/04\/WhatsApp-Image-2026-04-24-at-10.38.34.jpeg\"><img loading=\"lazy\" decoding=\"async\" class=\"aligncenter  wp-image-9788\" src=\"https:\/\/agora.xtec.cat\/ceip-agsantandreu\/wp-content\/uploads\/usu37\/2026\/04\/WhatsApp-Image-2026-04-24-at-10.38.34-300x225.jpeg\" alt=\"\" width=\"325\" height=\"244\" srcset=\"https:\/\/agora.xtec.cat\/ceip-agsantandreu\/wp-content\/uploads\/usu37\/2026\/04\/WhatsApp-Image-2026-04-24-at-10.38.34-300x225.jpeg 300w, https:\/\/agora.xtec.cat\/ceip-agsantandreu\/wp-content\/uploads\/usu37\/2026\/04\/WhatsApp-Image-2026-04-24-at-10.38.34-1024x768.jpeg 1024w, https:\/\/agora.xtec.cat\/ceip-agsantandreu\/wp-content\/uploads\/usu37\/2026\/04\/WhatsApp-Image-2026-04-24-at-10.38.34-768x576.jpeg 768w, https:\/\/agora.xtec.cat\/ceip-agsantandreu\/wp-content\/uploads\/usu37\/2026\/04\/WhatsApp-Image-2026-04-24-at-10.38.34-1536x1152.jpeg 1536w, https:\/\/agora.xtec.cat\/ceip-agsantandreu\/wp-content\/uploads\/usu37\/2026\/04\/WhatsApp-Image-2026-04-24-at-10.38.34-200x150.jpeg 200w, https:\/\/agora.xtec.cat\/ceip-agsantandreu\/wp-content\/uploads\/usu37\/2026\/04\/WhatsApp-Image-2026-04-24-at-10.38.34.jpeg 1600w\" sizes=\"auto, (max-width: 325px) 100vw, 325px\" \/><\/a><\/p>\n","protected":false},"excerpt":{"rendered":"<p>Hola fam\u00edlies!<br \/>\nLa Comunitat de Petits hem comen\u00e7at els ambients ( ioga, llum, natura, joc simb\u00f2lic i atelier) Hem gaudit tots i totes d&#8217;un espai de joc i experi\u00e8ncies molt interessant&#8230; Us deixem una mostra amb <a href=\"https:\/\/photos.app.goo.gl\/1is3ArEj1nBMWvTc9\" target=\"_blank\" rel=\"noopener\">FOTOS<\/a><br \/>\n<a href=\"https:\/\/agora.xtec.cat\/ceip-agsantandreu\/wp-content\/uploads\/usu37\/2026\/04\/WhatsApp-Image-2026-04-24-at-10.38.34.jpeg\"><\/a><\/p>\n","protected":false},"author":3,"featured_media":0,"comment_status":"closed","ping_status":"closed","sticky":false,"template":"","format":"standard","meta":{"_bbp_topic_count":0,"_bbp_reply_count":0,"_bbp_total_topic_count":0,"_bbp_total_reply_count":0,"_bbp_voice_count":0,"_bbp_anonymous_reply_count":0,"_bbp_topic_count_hidden":0,"_bbp_reply_count_hidden":0,"_bbp_forum_subforum_count":0,"footnotes":""},"categories":[2,1,4],"tags":[],"class_list":["post-9787","post","type-post","status-publish","format-standard","hentry","category-petits","category-general","category-portada"],"post_mailing_queue_ids":[],"_links":{"self":[{"href":"https:\/\/agora.xtec.cat\/ceip-agsantandreu\/wp-json\/wp\/v2\/posts\/9787","targetHints":{"allow":["GET"]}}],"collection":[{"href":"https:\/\/agora.xtec.cat\/ceip-agsantandreu\/wp-json\/wp\/v2\/posts"}],"about":[{"href":"https:\/\/agora.xtec.cat\/ceip-agsantandreu\/wp-json\/wp\/v2\/types\/post"}],"author":[{"embeddable":true,"href":"https:\/\/agora.xtec.cat\/ceip-agsantandreu\/wp-json\/wp\/v2\/users\/3"}],"replies":[{"embeddable":true,"href":"https:\/\/agora.xtec.cat\/ceip-agsantandreu\/wp-json\/wp\/v2\/comments?post=9787"}],"version-history":[{"count":1,"href":"https:\/\/agora.xtec.cat\/ceip-agsantandreu\/wp-json\/wp\/v2\/posts\/9787\/revisions"}],"predecessor-version":[{"id":9789,"href":"https:\/\/agora.xtec.cat\/ceip-agsantandreu\/wp-json\/wp\/v2\/posts\/9787\/revisions\/9789"}],"wp:attachment":[{"href":"https:\/\/agora.xtec.cat\/ceip-agsantandreu\/wp-json\/wp\/v2\/media?parent=9787"}],"wp:term":[{"taxonomy":"category","embeddable":true,"href":"https:\/\/agora.xtec.cat\/ceip-agsantandreu\/wp-json\/wp\/v2\/categories?post=9787"},{"taxonomy":"post_tag","embeddable":true,"href":"https:\/\/agora.xtec.cat\/ceip-agsantandreu\/wp-json\/wp\/v2\/tags?post=9787"}],"curies":[{"name":"wp","href":"https:\/\/api.w.org\/{rel}","templated":true}]}}