{"id":9784,"date":"2026-04-24T10:06:38","date_gmt":"2026-04-24T08:06:38","guid":{"rendered":"https:\/\/agora.xtec.cat\/ceip-agsantandreu\/?p=9784"},"modified":"2026-04-24T16:20:03","modified_gmt":"2026-04-24T14:20:03","slug":"sant-jordi-al-guimera-2","status":"publish","type":"post","link":"https:\/\/agora.xtec.cat\/ceip-agsantandreu\/general\/sant-jordi-al-guimera-2\/","title":{"rendered":"Sant Jordi al Guimer\u00e0!"},"content":{"rendered":"<p><a href=\"https:\/\/photos.app.goo.gl\/Mpgz964SGk7EaakT7\" target=\"_blank\" rel=\"noopener\"><img loading=\"lazy\" decoding=\"async\" class=\"aligncenter wp-image-9785 size-large\" src=\"https:\/\/agora.xtec.cat\/ceip-agsantandreu\/wp-content\/uploads\/usu37\/2026\/04\/WhatsApp-Image-2026-04-23-at-09.23.42-1-771x1024.jpeg\" alt=\"\" width=\"771\" height=\"1024\" srcset=\"https:\/\/agora.xtec.cat\/ceip-agsantandreu\/wp-content\/uploads\/usu37\/2026\/04\/WhatsApp-Image-2026-04-23-at-09.23.42-1-771x1024.jpeg 771w, https:\/\/agora.xtec.cat\/ceip-agsantandreu\/wp-content\/uploads\/usu37\/2026\/04\/WhatsApp-Image-2026-04-23-at-09.23.42-1-226x300.jpeg 226w, https:\/\/agora.xtec.cat\/ceip-agsantandreu\/wp-content\/uploads\/usu37\/2026\/04\/WhatsApp-Image-2026-04-23-at-09.23.42-1-768x1020.jpeg 768w, https:\/\/agora.xtec.cat\/ceip-agsantandreu\/wp-content\/uploads\/usu37\/2026\/04\/WhatsApp-Image-2026-04-23-at-09.23.42-1-1157x1536.jpeg 1157w, https:\/\/agora.xtec.cat\/ceip-agsantandreu\/wp-content\/uploads\/usu37\/2026\/04\/WhatsApp-Image-2026-04-23-at-09.23.42-1.jpeg 1536w\" sizes=\"auto, (max-width: 771px) 100vw, 771px\" \/><\/a><\/p>\n<p><a href=\"https:\/\/photos.app.goo.gl\/Mpgz964SGk7EaakT7\" target=\"_blank\" rel=\"noopener\">Fotografies de Sant Jordi 2026<\/a><\/p>\n<p data-start=\"125\" data-end=\"319\">Ahir vam viure una de les jornades m\u00e9s especials del curs: la celebraci\u00f3 de Sant Jordi, una festa que any rere any es consolida com un dels moments m\u00e9s estimats de la nostra comunitat educativa.<\/p>\n<p data-start=\"321\" data-end=\"565\">El centre es va omplir de vida, de colors i d\u2019il\u00b7lusi\u00f3. Vam gaudir de les danses preparades amb tanta dedicaci\u00f3, compartint escenari amb un p\u00fablic excepcional: les nostres fam\u00edlies, que una vegada m\u00e9s van respondre amb entusiasme i complicitat.<\/p>\n<p data-start=\"567\" data-end=\"881\">Els espais de l\u2019escola es van transformar per acollir les manualitats elaborades per l\u2019alumnat, aix\u00ed com la tradicional paradeta de roses, llibres i punts de llibre. Enguany, amb un valor afegit molt especial: una edici\u00f3 commemorativa del 50\u00e8 aniversari del centre, que va donar encara m\u00e9s significat a la jornada.<\/p>\n<p data-start=\"883\" data-end=\"1186\">Un dels moments m\u00e9s destacats va ser la celebraci\u00f3 dels Jocs Florals, on vam poder recon\u00e8ixer i premiar el talent, la creativitat i l\u2019esfor\u00e7 dels nostres alumnes. L\u2019acte es va desenvolupar en un ambient participatiu, amb unes fam\u00edlies entregades que van acompanyar i celebrar cada reconeixement.<\/p>\n<p data-start=\"1188\" data-end=\"1424\">Cal posar en valor el gran treball organitzatiu que hi ha al darrere d\u2019una diada com aquesta. La implicaci\u00f3 de la mestra de m\u00fasica i de les tutores de 6\u00e8 ha estat clau per fer possible una festa tan rodona i plena de moments memorables.<\/p>\n<p data-start=\"1426\" data-end=\"1584\">Sant Jordi sempre ha estat, i continua sent, la nostra gran festa. Un espai de trobada, cultura i conviv\u00e8ncia que ens defineix com a escola i com a comunitat.<\/p>\n<p data-start=\"1586\" data-end=\"1631\" data-is-last-node=\"\" data-is-only-node=\"\">Gr\u00e0cies a tothom qui ho ha fet possible.<\/p>\n","protected":false},"excerpt":{"rendered":"<p><a href=\"https:\/\/photos.app.goo.gl\/Mpgz964SGk7EaakT7\" target=\"_blank\" rel=\"noopener\"><\/a><br \/>\n<a href=\"https:\/\/photos.app.goo.gl\/Mpgz964SGk7EaakT7\" target=\"_blank\" rel=\"noopener\">Fotografies de Sant Jordi 2026<\/a><br \/>\nAhir vam viure una de les jornades m\u00e9s especials del curs: la celebraci\u00f3 de Sant Jordi, una festa que any rere any es consolida com un dels moments m\u00e9s estimats de la nostra comunitat educativa.<br \/>\nEl&hellip;  <a href=\"https:\/\/agora.xtec.cat\/ceip-agsantandreu\/general\/sant-jordi-al-guimera-2\/\" title=\"Read Sant Jordi al Guimer\u00e0!\">Llegeix m\u00e9s\u00bb<\/a><\/p>\n","protected":false},"author":1,"featured_media":0,"comment_status":"open","ping_status":"open","sticky":false,"template":"","format":"standard","meta":{"_bbp_topic_count":0,"_bbp_reply_count":0,"_bbp_total_topic_count":0,"_bbp_total_reply_count":0,"_bbp_voice_count":0,"_bbp_anonymous_reply_count":0,"_bbp_topic_count_hidden":0,"_bbp_reply_count_hidden":0,"_bbp_forum_subforum_count":0,"footnotes":""},"categories":[1,4],"tags":[],"class_list":["post-9784","post","type-post","status-publish","format-standard","hentry","category-general","category-portada"],"post_mailing_queue_ids":[],"_links":{"self":[{"href":"https:\/\/agora.xtec.cat\/ceip-agsantandreu\/wp-json\/wp\/v2\/posts\/9784","targetHints":{"allow":["GET"]}}],"collection":[{"href":"https:\/\/agora.xtec.cat\/ceip-agsantandreu\/wp-json\/wp\/v2\/posts"}],"about":[{"href":"https:\/\/agora.xtec.cat\/ceip-agsantandreu\/wp-json\/wp\/v2\/types\/post"}],"author":[{"embeddable":true,"href":"https:\/\/agora.xtec.cat\/ceip-agsantandreu\/wp-json\/wp\/v2\/users\/1"}],"replies":[{"embeddable":true,"href":"https:\/\/agora.xtec.cat\/ceip-agsantandreu\/wp-json\/wp\/v2\/comments?post=9784"}],"version-history":[{"count":2,"href":"https:\/\/agora.xtec.cat\/ceip-agsantandreu\/wp-json\/wp\/v2\/posts\/9784\/revisions"}],"predecessor-version":[{"id":9790,"href":"https:\/\/agora.xtec.cat\/ceip-agsantandreu\/wp-json\/wp\/v2\/posts\/9784\/revisions\/9790"}],"wp:attachment":[{"href":"https:\/\/agora.xtec.cat\/ceip-agsantandreu\/wp-json\/wp\/v2\/media?parent=9784"}],"wp:term":[{"taxonomy":"category","embeddable":true,"href":"https:\/\/agora.xtec.cat\/ceip-agsantandreu\/wp-json\/wp\/v2\/categories?post=9784"},{"taxonomy":"post_tag","embeddable":true,"href":"https:\/\/agora.xtec.cat\/ceip-agsantandreu\/wp-json\/wp\/v2\/tags?post=9784"}],"curies":[{"name":"wp","href":"https:\/\/api.w.org\/{rel}","templated":true}]}}