{"id":9778,"date":"2026-04-23T13:25:12","date_gmt":"2026-04-23T11:25:12","guid":{"rendered":"https:\/\/agora.xtec.cat\/ceip-agsantandreu\/?p=9778"},"modified":"2026-04-23T13:33:10","modified_gmt":"2026-04-23T11:33:10","slug":"2n-taller-sol-solet","status":"publish","type":"post","link":"https:\/\/agora.xtec.cat\/ceip-agsantandreu\/general\/2n-taller-sol-solet\/","title":{"rendered":"2n &#8211; Taller &#8220;Sol, solet&#8221;"},"content":{"rendered":"<p>Aquesta setmana els nens i les nens de 2n hem tingut la sort de realitzar un Taller molt interessant i divertit que es diu &#8220;Vigila amb el sol, solet!&#8221; Ens han preparat moltes activitats sobre la import\u00e0ncia de protegir-se del sol cada dia i tamb\u00e9 la import\u00e0ncia del sol per gaudir d&#8217;una vida saludable.<\/p>\n<p><a href=\"https:\/\/photos.app.goo.gl\/xZy1B44P2CouiYDq8\" target=\"_blank\" rel=\"noopener\">VEURE FOTOGRAFIES<\/a><a href=\"https:\/\/agora.xtec.cat\/ceip-agsantandreu\/wp-content\/uploads\/usu37\/2026\/04\/1-scaled.jpg\"><img loading=\"lazy\" decoding=\"async\" class=\"aligncenter wp-image-9779\" src=\"https:\/\/agora.xtec.cat\/ceip-agsantandreu\/wp-content\/uploads\/usu37\/2026\/04\/1-300x152.jpg\" alt=\"\" width=\"500\" height=\"254\" srcset=\"https:\/\/agora.xtec.cat\/ceip-agsantandreu\/wp-content\/uploads\/usu37\/2026\/04\/1-300x152.jpg 300w, https:\/\/agora.xtec.cat\/ceip-agsantandreu\/wp-content\/uploads\/usu37\/2026\/04\/1-1024x520.jpg 1024w, https:\/\/agora.xtec.cat\/ceip-agsantandreu\/wp-content\/uploads\/usu37\/2026\/04\/1-768x390.jpg 768w, https:\/\/agora.xtec.cat\/ceip-agsantandreu\/wp-content\/uploads\/usu37\/2026\/04\/1-1536x780.jpg 1536w, https:\/\/agora.xtec.cat\/ceip-agsantandreu\/wp-content\/uploads\/usu37\/2026\/04\/1-2048x1039.jpg 2048w\" sizes=\"auto, (max-width: 500px) 100vw, 500px\" \/><\/a><\/p>\n","protected":false},"excerpt":{"rendered":"<p>Aquesta setmana els nens i les nens de 2n hem tingut la sort de realitzar un Taller molt interessant i divertit que es diu &#8220;Vigila amb el sol, solet!&#8221; Ens han preparat moltes activitats sobre la import\u00e0ncia de protegir-se del sol cada dia i tamb\u00e9&hellip;  <a href=\"https:\/\/agora.xtec.cat\/ceip-agsantandreu\/general\/2n-taller-sol-solet\/\" title=\"Read 2n &#8211; Taller &#8220;Sol, solet&#8221;\">Llegeix m\u00e9s\u00bb<\/a><\/p>\n","protected":false},"author":3,"featured_media":0,"comment_status":"closed","ping_status":"closed","sticky":false,"template":"","format":"standard","meta":{"_bbp_topic_count":0,"_bbp_reply_count":0,"_bbp_total_topic_count":0,"_bbp_total_reply_count":0,"_bbp_voice_count":0,"_bbp_anonymous_reply_count":0,"_bbp_topic_count_hidden":0,"_bbp_reply_count_hidden":0,"_bbp_forum_subforum_count":0,"footnotes":""},"categories":[5,1,4],"tags":[],"class_list":["post-9778","post","type-post","status-publish","format-standard","hentry","category-mitjans","category-general","category-portada"],"post_mailing_queue_ids":[],"_links":{"self":[{"href":"https:\/\/agora.xtec.cat\/ceip-agsantandreu\/wp-json\/wp\/v2\/posts\/9778","targetHints":{"allow":["GET"]}}],"collection":[{"href":"https:\/\/agora.xtec.cat\/ceip-agsantandreu\/wp-json\/wp\/v2\/posts"}],"about":[{"href":"https:\/\/agora.xtec.cat\/ceip-agsantandreu\/wp-json\/wp\/v2\/types\/post"}],"author":[{"embeddable":true,"href":"https:\/\/agora.xtec.cat\/ceip-agsantandreu\/wp-json\/wp\/v2\/users\/3"}],"replies":[{"embeddable":true,"href":"https:\/\/agora.xtec.cat\/ceip-agsantandreu\/wp-json\/wp\/v2\/comments?post=9778"}],"version-history":[{"count":2,"href":"https:\/\/agora.xtec.cat\/ceip-agsantandreu\/wp-json\/wp\/v2\/posts\/9778\/revisions"}],"predecessor-version":[{"id":9783,"href":"https:\/\/agora.xtec.cat\/ceip-agsantandreu\/wp-json\/wp\/v2\/posts\/9778\/revisions\/9783"}],"wp:attachment":[{"href":"https:\/\/agora.xtec.cat\/ceip-agsantandreu\/wp-json\/wp\/v2\/media?parent=9778"}],"wp:term":[{"taxonomy":"category","embeddable":true,"href":"https:\/\/agora.xtec.cat\/ceip-agsantandreu\/wp-json\/wp\/v2\/categories?post=9778"},{"taxonomy":"post_tag","embeddable":true,"href":"https:\/\/agora.xtec.cat\/ceip-agsantandreu\/wp-json\/wp\/v2\/tags?post=9778"}],"curies":[{"name":"wp","href":"https:\/\/api.w.org\/{rel}","templated":true}]}}