{"id":9700,"date":"2026-04-10T16:35:55","date_gmt":"2026-04-10T14:35:55","guid":{"rendered":"https:\/\/agora.xtec.cat\/ceip-agsantandreu\/?p=9700"},"modified":"2026-04-10T15:39:25","modified_gmt":"2026-04-10T13:39:25","slug":"rocacorba-al-nostre-record","status":"publish","type":"post","link":"https:\/\/agora.xtec.cat\/ceip-agsantandreu\/general\/rocacorba-al-nostre-record\/","title":{"rendered":"Rocacorba al nostre record!"},"content":{"rendered":"<p data-start=\"114\" data-end=\"263\"><a href=\"https:\/\/photos.app.goo.gl\/KQTFfWSiiHzbYDyaA\" target=\"_blank\" rel=\"noopener\"><img loading=\"lazy\" decoding=\"async\" class=\"aligncenter wp-image-9701\" src=\"https:\/\/agora.xtec.cat\/ceip-agsantandreu\/wp-content\/uploads\/usu37\/2026\/04\/Foto-de-grup-colonies-2026-300x225.jpeg\" alt=\"\" width=\"500\" height=\"375\" srcset=\"https:\/\/agora.xtec.cat\/ceip-agsantandreu\/wp-content\/uploads\/usu37\/2026\/04\/Foto-de-grup-colonies-2026-300x225.jpeg 300w, https:\/\/agora.xtec.cat\/ceip-agsantandreu\/wp-content\/uploads\/usu37\/2026\/04\/Foto-de-grup-colonies-2026-1024x768.jpeg 1024w, https:\/\/agora.xtec.cat\/ceip-agsantandreu\/wp-content\/uploads\/usu37\/2026\/04\/Foto-de-grup-colonies-2026-768x576.jpeg 768w, https:\/\/agora.xtec.cat\/ceip-agsantandreu\/wp-content\/uploads\/usu37\/2026\/04\/Foto-de-grup-colonies-2026-1536x1152.jpeg 1536w, https:\/\/agora.xtec.cat\/ceip-agsantandreu\/wp-content\/uploads\/usu37\/2026\/04\/Foto-de-grup-colonies-2026-200x150.jpeg 200w, https:\/\/agora.xtec.cat\/ceip-agsantandreu\/wp-content\/uploads\/usu37\/2026\/04\/Foto-de-grup-colonies-2026.jpeg 2048w\" sizes=\"auto, (max-width: 500px) 100vw, 500px\" \/><\/a><\/p>\n<p data-start=\"114\" data-end=\"263\">L\u2019alumnat d\u2019<strong data-start=\"126\" data-end=\"141\">I5, 3r i 6\u00e8<\/strong> ja ha tornat de les col\u00f2nies a <strong data-start=\"173\" data-end=\"186\">RocaCorba<\/strong> despr\u00e9s de viure <strong data-start=\"204\" data-end=\"228\">tres dies fant\u00e0stics<\/strong> plens d\u2019emocions i molta diversi\u00f3.<\/p>\n<p data-start=\"265\" data-end=\"438\">Han estat uns dies m\u00e0gics en plena natura, on els infants han pogut conviure, compartir i gaudir d\u2019un munt d\u2019experi\u00e8ncies que, de ben segur, recordaran durant molt de temps.<\/p>\n<p data-start=\"440\" data-end=\"527\">Arriben cansats, per\u00f2 molt contents, amb la motxilla plena de viv\u00e8ncies i bons moments.<\/p>\n<p data-start=\"440\" data-end=\"527\"><a href=\"https:\/\/photos.app.goo.gl\/KQTFfWSiiHzbYDyaA\" target=\"_blank\" rel=\"noopener\">Aqu\u00ed us deixem totes les fotografies de les col\u00f2nies!<\/a><\/p>\n","protected":false},"excerpt":{"rendered":"<p><a href=\"https:\/\/photos.app.goo.gl\/KQTFfWSiiHzbYDyaA\" target=\"_blank\" rel=\"noopener\"><\/a><br \/>\nL\u2019alumnat d\u2019I5, 3r i 6\u00e8 ja ha tornat de les col\u00f2nies a RocaCorba despr\u00e9s de viure tres dies fant\u00e0stics plens d\u2019emocions i molta diversi\u00f3.<br \/>\nHan estat uns dies m\u00e0gics en plena natura, on els infants han pogut conviure, compartir i gaudir d\u2019un munt&hellip;  <a href=\"https:\/\/agora.xtec.cat\/ceip-agsantandreu\/general\/rocacorba-al-nostre-record\/\" title=\"Read Rocacorba al nostre record!\">Llegeix m\u00e9s\u00bb<\/a><\/p>\n","protected":false},"author":1,"featured_media":0,"comment_status":"closed","ping_status":"closed","sticky":false,"template":"","format":"standard","meta":{"_bbp_topic_count":0,"_bbp_reply_count":0,"_bbp_total_topic_count":0,"_bbp_total_reply_count":0,"_bbp_voice_count":0,"_bbp_anonymous_reply_count":0,"_bbp_topic_count_hidden":0,"_bbp_reply_count_hidden":0,"_bbp_forum_subforum_count":0,"footnotes":""},"categories":[1,4],"tags":[],"class_list":["post-9700","post","type-post","status-publish","format-standard","hentry","category-general","category-portada"],"post_mailing_queue_ids":[],"_links":{"self":[{"href":"https:\/\/agora.xtec.cat\/ceip-agsantandreu\/wp-json\/wp\/v2\/posts\/9700","targetHints":{"allow":["GET"]}}],"collection":[{"href":"https:\/\/agora.xtec.cat\/ceip-agsantandreu\/wp-json\/wp\/v2\/posts"}],"about":[{"href":"https:\/\/agora.xtec.cat\/ceip-agsantandreu\/wp-json\/wp\/v2\/types\/post"}],"author":[{"embeddable":true,"href":"https:\/\/agora.xtec.cat\/ceip-agsantandreu\/wp-json\/wp\/v2\/users\/1"}],"replies":[{"embeddable":true,"href":"https:\/\/agora.xtec.cat\/ceip-agsantandreu\/wp-json\/wp\/v2\/comments?post=9700"}],"version-history":[{"count":1,"href":"https:\/\/agora.xtec.cat\/ceip-agsantandreu\/wp-json\/wp\/v2\/posts\/9700\/revisions"}],"predecessor-version":[{"id":9702,"href":"https:\/\/agora.xtec.cat\/ceip-agsantandreu\/wp-json\/wp\/v2\/posts\/9700\/revisions\/9702"}],"wp:attachment":[{"href":"https:\/\/agora.xtec.cat\/ceip-agsantandreu\/wp-json\/wp\/v2\/media?parent=9700"}],"wp:term":[{"taxonomy":"category","embeddable":true,"href":"https:\/\/agora.xtec.cat\/ceip-agsantandreu\/wp-json\/wp\/v2\/categories?post=9700"},{"taxonomy":"post_tag","embeddable":true,"href":"https:\/\/agora.xtec.cat\/ceip-agsantandreu\/wp-json\/wp\/v2\/tags?post=9700"}],"curies":[{"name":"wp","href":"https:\/\/api.w.org\/{rel}","templated":true}]}}