{"id":9656,"date":"2026-03-25T10:38:12","date_gmt":"2026-03-25T09:38:12","guid":{"rendered":"https:\/\/agora.xtec.cat\/ceip-agsantandreu\/?p=9656"},"modified":"2026-04-07T12:16:49","modified_gmt":"2026-04-07T10:16:49","slug":"futbol-a-la-comunitat-dels-grans","status":"publish","type":"post","link":"https:\/\/agora.xtec.cat\/ceip-agsantandreu\/general\/futbol-a-la-comunitat-dels-grans\/","title":{"rendered":"Futbol a la comunitat dels grans"},"content":{"rendered":"<p class=\"isSelectedEnd\">L\u2019alumnat de 4t, 5\u00e8 i 6\u00e8 ha realitzat una sessi\u00f3 de futbol amb l\u2019objectiu de con\u00e8ixer millor aquest esport. Ha estat una sessi\u00f3 molt din\u00e0mica i participativa, on els infants han pogut gaudir de l\u2019activitat en equip i con\u00e8ixer el <em>Club de Futbol Sant Andreu de la Barca<\/em> <em>Agrupaci\u00f3 <\/em>(CFSABA).<\/p>\n<p class=\"isSelectedEnd\">L\u2019experi\u00e8ncia ha estat molt positiva i ha perm\u00e8s despertar l\u2019inter\u00e8s per la pr\u00e0ctica esportiva entre l\u2019alumnat. Volem agrair especialment als entrenadors, en Marc i en Dani, per fer possible aquesta activitat.<\/p>\n<p>Moltes gr\u00e0cies!<\/p>\n<p><a href=\"https:\/\/agora.xtec.cat\/ceip-agsantandreu\/wp-content\/uploads\/usu37\/2026\/03\/WhatsApp-Image-2026-03-25-at-10.33.24-1.jpeg\"><img loading=\"lazy\" decoding=\"async\" class=\"aligncenter size-medium wp-image-9657\" src=\"https:\/\/agora.xtec.cat\/ceip-agsantandreu\/wp-content\/uploads\/usu37\/2026\/03\/WhatsApp-Image-2026-03-25-at-10.33.24-1-300x169.jpeg\" alt=\"\" width=\"300\" height=\"169\" srcset=\"https:\/\/agora.xtec.cat\/ceip-agsantandreu\/wp-content\/uploads\/usu37\/2026\/03\/WhatsApp-Image-2026-03-25-at-10.33.24-1-300x169.jpeg 300w, https:\/\/agora.xtec.cat\/ceip-agsantandreu\/wp-content\/uploads\/usu37\/2026\/03\/WhatsApp-Image-2026-03-25-at-10.33.24-1-1024x576.jpeg 1024w, https:\/\/agora.xtec.cat\/ceip-agsantandreu\/wp-content\/uploads\/usu37\/2026\/03\/WhatsApp-Image-2026-03-25-at-10.33.24-1-768x432.jpeg 768w, https:\/\/agora.xtec.cat\/ceip-agsantandreu\/wp-content\/uploads\/usu37\/2026\/03\/WhatsApp-Image-2026-03-25-at-10.33.24-1-1536x864.jpeg 1536w, https:\/\/agora.xtec.cat\/ceip-agsantandreu\/wp-content\/uploads\/usu37\/2026\/03\/WhatsApp-Image-2026-03-25-at-10.33.24-1.jpeg 1600w\" sizes=\"auto, (max-width: 300px) 100vw, 300px\" \/><\/a> <a href=\"https:\/\/agora.xtec.cat\/ceip-agsantandreu\/wp-content\/uploads\/usu37\/2026\/03\/WhatsApp-Image-2026-03-25-at-10.33.24.jpeg\"><img loading=\"lazy\" decoding=\"async\" class=\"aligncenter wp-image-9658\" src=\"https:\/\/agora.xtec.cat\/ceip-agsantandreu\/wp-content\/uploads\/usu37\/2026\/03\/WhatsApp-Image-2026-03-25-at-10.33.24-576x1024.jpeg\" alt=\"\" width=\"270\" height=\"480\" srcset=\"https:\/\/agora.xtec.cat\/ceip-agsantandreu\/wp-content\/uploads\/usu37\/2026\/03\/WhatsApp-Image-2026-03-25-at-10.33.24-576x1024.jpeg 576w, https:\/\/agora.xtec.cat\/ceip-agsantandreu\/wp-content\/uploads\/usu37\/2026\/03\/WhatsApp-Image-2026-03-25-at-10.33.24-169x300.jpeg 169w, https:\/\/agora.xtec.cat\/ceip-agsantandreu\/wp-content\/uploads\/usu37\/2026\/03\/WhatsApp-Image-2026-03-25-at-10.33.24-768x1365.jpeg 768w, https:\/\/agora.xtec.cat\/ceip-agsantandreu\/wp-content\/uploads\/usu37\/2026\/03\/WhatsApp-Image-2026-03-25-at-10.33.24-864x1536.jpeg 864w, https:\/\/agora.xtec.cat\/ceip-agsantandreu\/wp-content\/uploads\/usu37\/2026\/03\/WhatsApp-Image-2026-03-25-at-10.33.24.jpeg 900w\" sizes=\"auto, (max-width: 270px) 100vw, 270px\" \/><\/a><a href=\"https:\/\/agora.xtec.cat\/ceip-agsantandreu\/wp-content\/uploads\/usu37\/2026\/03\/WhatsApp-Image-2026-03-25-at-10.33.25.jpeg\"><img loading=\"lazy\" decoding=\"async\" class=\"aligncenter wp-image-9659\" src=\"https:\/\/agora.xtec.cat\/ceip-agsantandreu\/wp-content\/uploads\/usu37\/2026\/03\/WhatsApp-Image-2026-03-25-at-10.33.25-1024x576.jpeg\" alt=\"\" width=\"370\" height=\"208\" srcset=\"https:\/\/agora.xtec.cat\/ceip-agsantandreu\/wp-content\/uploads\/usu37\/2026\/03\/WhatsApp-Image-2026-03-25-at-10.33.25-1024x576.jpeg 1024w, https:\/\/agora.xtec.cat\/ceip-agsantandreu\/wp-content\/uploads\/usu37\/2026\/03\/WhatsApp-Image-2026-03-25-at-10.33.25-300x169.jpeg 300w, https:\/\/agora.xtec.cat\/ceip-agsantandreu\/wp-content\/uploads\/usu37\/2026\/03\/WhatsApp-Image-2026-03-25-at-10.33.25-768x432.jpeg 768w, https:\/\/agora.xtec.cat\/ceip-agsantandreu\/wp-content\/uploads\/usu37\/2026\/03\/WhatsApp-Image-2026-03-25-at-10.33.25-1536x864.jpeg 1536w, https:\/\/agora.xtec.cat\/ceip-agsantandreu\/wp-content\/uploads\/usu37\/2026\/03\/WhatsApp-Image-2026-03-25-at-10.33.25.jpeg 1600w\" sizes=\"auto, (max-width: 370px) 100vw, 370px\" \/><\/a><\/p>\n","protected":false},"excerpt":{"rendered":"<p>L\u2019alumnat de 4t, 5\u00e8 i 6\u00e8 ha realitzat una sessi\u00f3 de futbol amb l\u2019objectiu de con\u00e8ixer millor aquest esport. Ha estat una sessi\u00f3 molt din\u00e0mica i participativa, on els infants han pogut gaudir de l\u2019activitat en equip i con\u00e8ixer el Club de Futbol Sant Andreu&hellip;  <a href=\"https:\/\/agora.xtec.cat\/ceip-agsantandreu\/general\/futbol-a-la-comunitat-dels-grans\/\" title=\"Read Futbol a la comunitat dels grans\">Llegeix m\u00e9s\u00bb<\/a><\/p>\n","protected":false},"author":1,"featured_media":0,"comment_status":"closed","ping_status":"closed","sticky":false,"template":"","format":"standard","meta":{"_bbp_topic_count":0,"_bbp_reply_count":0,"_bbp_total_topic_count":0,"_bbp_total_reply_count":0,"_bbp_voice_count":0,"_bbp_anonymous_reply_count":0,"_bbp_topic_count_hidden":0,"_bbp_reply_count_hidden":0,"_bbp_forum_subforum_count":0,"footnotes":""},"categories":[59,57,1,4],"tags":[],"class_list":["post-9656","post","type-post","status-publish","format-standard","hentry","category-grans","category-comunitats","category-general","category-portada"],"post_mailing_queue_ids":[],"_links":{"self":[{"href":"https:\/\/agora.xtec.cat\/ceip-agsantandreu\/wp-json\/wp\/v2\/posts\/9656","targetHints":{"allow":["GET"]}}],"collection":[{"href":"https:\/\/agora.xtec.cat\/ceip-agsantandreu\/wp-json\/wp\/v2\/posts"}],"about":[{"href":"https:\/\/agora.xtec.cat\/ceip-agsantandreu\/wp-json\/wp\/v2\/types\/post"}],"author":[{"embeddable":true,"href":"https:\/\/agora.xtec.cat\/ceip-agsantandreu\/wp-json\/wp\/v2\/users\/1"}],"replies":[{"embeddable":true,"href":"https:\/\/agora.xtec.cat\/ceip-agsantandreu\/wp-json\/wp\/v2\/comments?post=9656"}],"version-history":[{"count":2,"href":"https:\/\/agora.xtec.cat\/ceip-agsantandreu\/wp-json\/wp\/v2\/posts\/9656\/revisions"}],"predecessor-version":[{"id":9661,"href":"https:\/\/agora.xtec.cat\/ceip-agsantandreu\/wp-json\/wp\/v2\/posts\/9656\/revisions\/9661"}],"wp:attachment":[{"href":"https:\/\/agora.xtec.cat\/ceip-agsantandreu\/wp-json\/wp\/v2\/media?parent=9656"}],"wp:term":[{"taxonomy":"category","embeddable":true,"href":"https:\/\/agora.xtec.cat\/ceip-agsantandreu\/wp-json\/wp\/v2\/categories?post=9656"},{"taxonomy":"post_tag","embeddable":true,"href":"https:\/\/agora.xtec.cat\/ceip-agsantandreu\/wp-json\/wp\/v2\/tags?post=9656"}],"curies":[{"name":"wp","href":"https:\/\/api.w.org\/{rel}","templated":true}]}}