{"id":9649,"date":"2026-03-25T10:30:58","date_gmt":"2026-03-25T09:30:58","guid":{"rendered":"https:\/\/agora.xtec.cat\/ceip-agsantandreu\/?p=9649"},"modified":"2026-04-07T12:16:14","modified_gmt":"2026-04-07T10:16:14","slug":"gimnastica-artistica-amb-3r","status":"publish","type":"post","link":"https:\/\/agora.xtec.cat\/ceip-agsantandreu\/general\/gimnastica-artistica-amb-3r\/","title":{"rendered":"Gimn\u00e0stica Art\u00edstica amb 3r"},"content":{"rendered":"<p class=\"isSelectedEnd\">A les sessions de cr\u00e8dits esportius, l\u2019alumnat de 3r ha tingut l\u2019oportunitat de gaudir de 6 sessions de gimn\u00e0stica art\u00edstica. Han estat unes classes molt enriquidores on hem pogut aprendre diferents habilitats, millorar la coordinaci\u00f3 i, sobretot, passar-ho molt b\u00e9.<\/p>\n<p class=\"isSelectedEnd\">L\u2019experi\u00e8ncia ha estat molt positiva i l\u2019alumnat ha mostrat molta motivaci\u00f3 i il\u00b7lusi\u00f3 en cada sessi\u00f3.<\/p>\n<p class=\"isSelectedEnd\">Volem agrair especialment la dedicaci\u00f3 de la nostra entrenadora, la Claudia, que ens ha acompanyat i guiat durant tot aquest temps. Si voleu m\u00e9s informaci\u00f3 sobre el club els hi podeu escriure per instagram @sabarca.gc<\/p>\n<p><a href=\"https:\/\/agora.xtec.cat\/ceip-agsantandreu\/wp-content\/uploads\/usu37\/2026\/03\/WhatsApp-Image-2026-02-04-at-12.20.21.jpeg\"><img loading=\"lazy\" decoding=\"async\" class=\"aligncenter wp-image-9650\" src=\"https:\/\/agora.xtec.cat\/ceip-agsantandreu\/wp-content\/uploads\/usu37\/2026\/03\/WhatsApp-Image-2026-02-04-at-12.20.21-1024x576.jpeg\" alt=\"\" width=\"476\" height=\"268\" srcset=\"https:\/\/agora.xtec.cat\/ceip-agsantandreu\/wp-content\/uploads\/usu37\/2026\/03\/WhatsApp-Image-2026-02-04-at-12.20.21-1024x576.jpeg 1024w, https:\/\/agora.xtec.cat\/ceip-agsantandreu\/wp-content\/uploads\/usu37\/2026\/03\/WhatsApp-Image-2026-02-04-at-12.20.21-300x169.jpeg 300w, https:\/\/agora.xtec.cat\/ceip-agsantandreu\/wp-content\/uploads\/usu37\/2026\/03\/WhatsApp-Image-2026-02-04-at-12.20.21-768x432.jpeg 768w, https:\/\/agora.xtec.cat\/ceip-agsantandreu\/wp-content\/uploads\/usu37\/2026\/03\/WhatsApp-Image-2026-02-04-at-12.20.21-1536x864.jpeg 1536w, https:\/\/agora.xtec.cat\/ceip-agsantandreu\/wp-content\/uploads\/usu37\/2026\/03\/WhatsApp-Image-2026-02-04-at-12.20.21.jpeg 1600w\" sizes=\"auto, (max-width: 476px) 100vw, 476px\" \/><\/a> <a href=\"https:\/\/agora.xtec.cat\/ceip-agsantandreu\/wp-content\/uploads\/usu37\/2026\/03\/WhatsApp-Image-2026-02-04-at-12.20.21-2.jpeg\"><img loading=\"lazy\" decoding=\"async\" class=\"aligncenter wp-image-9651\" src=\"https:\/\/agora.xtec.cat\/ceip-agsantandreu\/wp-content\/uploads\/usu37\/2026\/03\/WhatsApp-Image-2026-02-04-at-12.20.21-2-1024x576.jpeg\" alt=\"\" width=\"480\" height=\"270\" srcset=\"https:\/\/agora.xtec.cat\/ceip-agsantandreu\/wp-content\/uploads\/usu37\/2026\/03\/WhatsApp-Image-2026-02-04-at-12.20.21-2-1024x576.jpeg 1024w, https:\/\/agora.xtec.cat\/ceip-agsantandreu\/wp-content\/uploads\/usu37\/2026\/03\/WhatsApp-Image-2026-02-04-at-12.20.21-2-300x169.jpeg 300w, https:\/\/agora.xtec.cat\/ceip-agsantandreu\/wp-content\/uploads\/usu37\/2026\/03\/WhatsApp-Image-2026-02-04-at-12.20.21-2-768x432.jpeg 768w, https:\/\/agora.xtec.cat\/ceip-agsantandreu\/wp-content\/uploads\/usu37\/2026\/03\/WhatsApp-Image-2026-02-04-at-12.20.21-2-1536x864.jpeg 1536w, https:\/\/agora.xtec.cat\/ceip-agsantandreu\/wp-content\/uploads\/usu37\/2026\/03\/WhatsApp-Image-2026-02-04-at-12.20.21-2.jpeg 1600w\" sizes=\"auto, (max-width: 480px) 100vw, 480px\" \/><\/a> <a href=\"https:\/\/agora.xtec.cat\/ceip-agsantandreu\/wp-content\/uploads\/usu37\/2026\/03\/WhatsApp-Image-2026-02-04-at-12.20.20-4.jpeg\"><img loading=\"lazy\" decoding=\"async\" class=\"aligncenter wp-image-9652\" src=\"https:\/\/agora.xtec.cat\/ceip-agsantandreu\/wp-content\/uploads\/usu37\/2026\/03\/WhatsApp-Image-2026-02-04-at-12.20.20-4-1024x576.jpeg\" alt=\"\" width=\"503\" height=\"283\" srcset=\"https:\/\/agora.xtec.cat\/ceip-agsantandreu\/wp-content\/uploads\/usu37\/2026\/03\/WhatsApp-Image-2026-02-04-at-12.20.20-4-1024x576.jpeg 1024w, https:\/\/agora.xtec.cat\/ceip-agsantandreu\/wp-content\/uploads\/usu37\/2026\/03\/WhatsApp-Image-2026-02-04-at-12.20.20-4-300x169.jpeg 300w, https:\/\/agora.xtec.cat\/ceip-agsantandreu\/wp-content\/uploads\/usu37\/2026\/03\/WhatsApp-Image-2026-02-04-at-12.20.20-4-768x432.jpeg 768w, https:\/\/agora.xtec.cat\/ceip-agsantandreu\/wp-content\/uploads\/usu37\/2026\/03\/WhatsApp-Image-2026-02-04-at-12.20.20-4-1536x864.jpeg 1536w, https:\/\/agora.xtec.cat\/ceip-agsantandreu\/wp-content\/uploads\/usu37\/2026\/03\/WhatsApp-Image-2026-02-04-at-12.20.20-4.jpeg 1600w\" sizes=\"auto, (max-width: 503px) 100vw, 503px\" \/><\/a> <a href=\"https:\/\/agora.xtec.cat\/ceip-agsantandreu\/wp-content\/uploads\/usu37\/2026\/03\/WhatsApp-Image-2026-03-25-at-10.21.56.jpeg\"><img loading=\"lazy\" decoding=\"async\" class=\"aligncenter wp-image-9653\" src=\"https:\/\/agora.xtec.cat\/ceip-agsantandreu\/wp-content\/uploads\/usu37\/2026\/03\/WhatsApp-Image-2026-03-25-at-10.21.56-576x1024.jpeg\" alt=\"\" width=\"395\" height=\"702\" srcset=\"https:\/\/agora.xtec.cat\/ceip-agsantandreu\/wp-content\/uploads\/usu37\/2026\/03\/WhatsApp-Image-2026-03-25-at-10.21.56-576x1024.jpeg 576w, https:\/\/agora.xtec.cat\/ceip-agsantandreu\/wp-content\/uploads\/usu37\/2026\/03\/WhatsApp-Image-2026-03-25-at-10.21.56-169x300.jpeg 169w, https:\/\/agora.xtec.cat\/ceip-agsantandreu\/wp-content\/uploads\/usu37\/2026\/03\/WhatsApp-Image-2026-03-25-at-10.21.56-768x1365.jpeg 768w, https:\/\/agora.xtec.cat\/ceip-agsantandreu\/wp-content\/uploads\/usu37\/2026\/03\/WhatsApp-Image-2026-03-25-at-10.21.56-864x1536.jpeg 864w, https:\/\/agora.xtec.cat\/ceip-agsantandreu\/wp-content\/uploads\/usu37\/2026\/03\/WhatsApp-Image-2026-03-25-at-10.21.56.jpeg 900w\" sizes=\"auto, (max-width: 395px) 100vw, 395px\" \/><\/a> <a href=\"https:\/\/agora.xtec.cat\/ceip-agsantandreu\/wp-content\/uploads\/usu37\/2026\/03\/WhatsApp-Image-2026-03-25-at-10.21.56-5.jpeg\"><img loading=\"lazy\" decoding=\"async\" class=\"aligncenter wp-image-9654\" src=\"https:\/\/agora.xtec.cat\/ceip-agsantandreu\/wp-content\/uploads\/usu37\/2026\/03\/WhatsApp-Image-2026-03-25-at-10.21.56-5-1024x576.jpeg\" alt=\"\" width=\"547\" height=\"308\" srcset=\"https:\/\/agora.xtec.cat\/ceip-agsantandreu\/wp-content\/uploads\/usu37\/2026\/03\/WhatsApp-Image-2026-03-25-at-10.21.56-5-1024x576.jpeg 1024w, https:\/\/agora.xtec.cat\/ceip-agsantandreu\/wp-content\/uploads\/usu37\/2026\/03\/WhatsApp-Image-2026-03-25-at-10.21.56-5-300x169.jpeg 300w, https:\/\/agora.xtec.cat\/ceip-agsantandreu\/wp-content\/uploads\/usu37\/2026\/03\/WhatsApp-Image-2026-03-25-at-10.21.56-5-768x432.jpeg 768w, https:\/\/agora.xtec.cat\/ceip-agsantandreu\/wp-content\/uploads\/usu37\/2026\/03\/WhatsApp-Image-2026-03-25-at-10.21.56-5-1536x864.jpeg 1536w, https:\/\/agora.xtec.cat\/ceip-agsantandreu\/wp-content\/uploads\/usu37\/2026\/03\/WhatsApp-Image-2026-03-25-at-10.21.56-5.jpeg 1600w\" sizes=\"auto, (max-width: 547px) 100vw, 547px\" \/><\/a><\/p>\n","protected":false},"excerpt":{"rendered":"<p>A les sessions de cr\u00e8dits esportius, l\u2019alumnat de 3r ha tingut l\u2019oportunitat de gaudir de 6 sessions de gimn\u00e0stica art\u00edstica. Han estat unes classes molt enriquidores on hem pogut aprendre diferents habilitats, millorar la coordinaci\u00f3 i, sobretot, passar-ho molt b\u00e9.<br \/>\nL\u2019experi\u00e8ncia ha estat molt positiva i&hellip;  <a href=\"https:\/\/agora.xtec.cat\/ceip-agsantandreu\/general\/gimnastica-artistica-amb-3r\/\" title=\"Read Gimn\u00e0stica Art\u00edstica amb 3r\">Llegeix m\u00e9s\u00bb<\/a><\/p>\n","protected":false},"author":1,"featured_media":0,"comment_status":"closed","ping_status":"closed","sticky":false,"template":"","format":"standard","meta":{"_bbp_topic_count":0,"_bbp_reply_count":0,"_bbp_total_topic_count":0,"_bbp_total_reply_count":0,"_bbp_voice_count":0,"_bbp_anonymous_reply_count":0,"_bbp_topic_count_hidden":0,"_bbp_reply_count_hidden":0,"_bbp_forum_subforum_count":0,"footnotes":""},"categories":[5,57,1,4],"tags":[],"class_list":["post-9649","post","type-post","status-publish","format-standard","hentry","category-mitjans","category-comunitats","category-general","category-portada"],"post_mailing_queue_ids":[],"_links":{"self":[{"href":"https:\/\/agora.xtec.cat\/ceip-agsantandreu\/wp-json\/wp\/v2\/posts\/9649","targetHints":{"allow":["GET"]}}],"collection":[{"href":"https:\/\/agora.xtec.cat\/ceip-agsantandreu\/wp-json\/wp\/v2\/posts"}],"about":[{"href":"https:\/\/agora.xtec.cat\/ceip-agsantandreu\/wp-json\/wp\/v2\/types\/post"}],"author":[{"embeddable":true,"href":"https:\/\/agora.xtec.cat\/ceip-agsantandreu\/wp-json\/wp\/v2\/users\/1"}],"replies":[{"embeddable":true,"href":"https:\/\/agora.xtec.cat\/ceip-agsantandreu\/wp-json\/wp\/v2\/comments?post=9649"}],"version-history":[{"count":2,"href":"https:\/\/agora.xtec.cat\/ceip-agsantandreu\/wp-json\/wp\/v2\/posts\/9649\/revisions"}],"predecessor-version":[{"id":9662,"href":"https:\/\/agora.xtec.cat\/ceip-agsantandreu\/wp-json\/wp\/v2\/posts\/9649\/revisions\/9662"}],"wp:attachment":[{"href":"https:\/\/agora.xtec.cat\/ceip-agsantandreu\/wp-json\/wp\/v2\/media?parent=9649"}],"wp:term":[{"taxonomy":"category","embeddable":true,"href":"https:\/\/agora.xtec.cat\/ceip-agsantandreu\/wp-json\/wp\/v2\/categories?post=9649"},{"taxonomy":"post_tag","embeddable":true,"href":"https:\/\/agora.xtec.cat\/ceip-agsantandreu\/wp-json\/wp\/v2\/tags?post=9649"}],"curies":[{"name":"wp","href":"https:\/\/api.w.org\/{rel}","templated":true}]}}