{"id":9622,"date":"2026-03-09T16:16:43","date_gmt":"2026-03-09T15:16:43","guid":{"rendered":"https:\/\/agora.xtec.cat\/ceip-agsantandreu\/?p=9622"},"modified":"2026-03-11T16:37:49","modified_gmt":"2026-03-11T15:37:49","slug":"museu-de-la-musica-3r","status":"publish","type":"post","link":"https:\/\/agora.xtec.cat\/ceip-agsantandreu\/general\/museu-de-la-musica-3r\/","title":{"rendered":"Museu de la M\u00fasica 3r"},"content":{"rendered":"<p>El passat divendres dia 6 de mar\u00e7, els alumnes de 3r A i 3r B vam anar al museu de la M\u00fasica de Barcelona on vam gaudir d&#8217;un dia molt musical. Vam passar una estona molt entretinguda fent un taller en el que vam aprendre a tocar el Gamelan, un instrument t\u00edpic de l\u2019illa de Bali (Indon\u00e8sia). Entre tots vam haver d&#8217;escoltar-nos per aconseguir tocar una melodia amb aquests instruments com si f\u00f3ssim aut\u00e8ntics balinesos. Tamb\u00e9 vam fer la visita al museu, on vam poder veure molts instruments i vam tenir l&#8217;oportunitat de tocar l&#8217;arpa i el violoncel entre d&#8217;altres. Ens va agradar molt l&#8217;experi\u00e8ncia i ho vam passar molt b\u00e9!<\/p>\n<p><a href=\"https:\/\/agora.xtec.cat\/ceip-agsantandreu\/wp-content\/uploads\/usu37\/2026\/03\/WhatsApp-Image-2026-03-06-at-16.25.27.jpeg\"><img loading=\"lazy\" decoding=\"async\" class=\"aligncenter size-medium wp-image-9623\" src=\"https:\/\/agora.xtec.cat\/ceip-agsantandreu\/wp-content\/uploads\/usu37\/2026\/03\/WhatsApp-Image-2026-03-06-at-16.25.27-225x300.jpeg\" alt=\"\" width=\"225\" height=\"300\" srcset=\"https:\/\/agora.xtec.cat\/ceip-agsantandreu\/wp-content\/uploads\/usu37\/2026\/03\/WhatsApp-Image-2026-03-06-at-16.25.27-225x300.jpeg 225w, https:\/\/agora.xtec.cat\/ceip-agsantandreu\/wp-content\/uploads\/usu37\/2026\/03\/WhatsApp-Image-2026-03-06-at-16.25.27-768x1024.jpeg 768w, https:\/\/agora.xtec.cat\/ceip-agsantandreu\/wp-content\/uploads\/usu37\/2026\/03\/WhatsApp-Image-2026-03-06-at-16.25.27-1152x1536.jpeg 1152w, https:\/\/agora.xtec.cat\/ceip-agsantandreu\/wp-content\/uploads\/usu37\/2026\/03\/WhatsApp-Image-2026-03-06-at-16.25.27.jpeg 1200w\" sizes=\"auto, (max-width: 225px) 100vw, 225px\" \/><\/a><\/p>\n<p>Cliqueu <a href=\"https:\/\/photos.app.goo.gl\/rvhfbhVrviQa9nsV8\"><strong>aqu\u00ed<\/strong> <\/a>per veure unes fotografies i v\u00eddeos del dia<a href=\"https:\/\/agora.xtec.cat\/ceip-agsantandreu\/wp-content\/uploads\/usu37\/2026\/03\/WhatsApp-Image-2026-03-06-at-16.25.27.jpeg\">.<\/a><\/p>\n","protected":false},"excerpt":{"rendered":"<p>El passat divendres dia 6 de mar\u00e7, els alumnes de 3r A i 3r B vam anar al museu de la M\u00fasica de Barcelona on vam gaudir d&#8217;un dia molt musical. Vam passar una estona molt entretinguda fent un taller en el que vam aprendre&hellip;  <a href=\"https:\/\/agora.xtec.cat\/ceip-agsantandreu\/general\/museu-de-la-musica-3r\/\" title=\"Read Museu de la M\u00fasica 3r\">Llegeix m\u00e9s\u00bb<\/a><\/p>\n","protected":false},"author":3,"featured_media":0,"comment_status":"closed","ping_status":"closed","sticky":false,"template":"","format":"standard","meta":{"_bbp_topic_count":0,"_bbp_reply_count":0,"_bbp_total_topic_count":0,"_bbp_total_reply_count":0,"_bbp_voice_count":0,"_bbp_anonymous_reply_count":0,"_bbp_topic_count_hidden":0,"_bbp_reply_count_hidden":0,"_bbp_forum_subforum_count":0,"footnotes":""},"categories":[5,1,4],"tags":[],"class_list":["post-9622","post","type-post","status-publish","format-standard","hentry","category-mitjans","category-general","category-portada"],"post_mailing_queue_ids":[],"_links":{"self":[{"href":"https:\/\/agora.xtec.cat\/ceip-agsantandreu\/wp-json\/wp\/v2\/posts\/9622","targetHints":{"allow":["GET"]}}],"collection":[{"href":"https:\/\/agora.xtec.cat\/ceip-agsantandreu\/wp-json\/wp\/v2\/posts"}],"about":[{"href":"https:\/\/agora.xtec.cat\/ceip-agsantandreu\/wp-json\/wp\/v2\/types\/post"}],"author":[{"embeddable":true,"href":"https:\/\/agora.xtec.cat\/ceip-agsantandreu\/wp-json\/wp\/v2\/users\/3"}],"replies":[{"embeddable":true,"href":"https:\/\/agora.xtec.cat\/ceip-agsantandreu\/wp-json\/wp\/v2\/comments?post=9622"}],"version-history":[{"count":6,"href":"https:\/\/agora.xtec.cat\/ceip-agsantandreu\/wp-json\/wp\/v2\/posts\/9622\/revisions"}],"predecessor-version":[{"id":9632,"href":"https:\/\/agora.xtec.cat\/ceip-agsantandreu\/wp-json\/wp\/v2\/posts\/9622\/revisions\/9632"}],"wp:attachment":[{"href":"https:\/\/agora.xtec.cat\/ceip-agsantandreu\/wp-json\/wp\/v2\/media?parent=9622"}],"wp:term":[{"taxonomy":"category","embeddable":true,"href":"https:\/\/agora.xtec.cat\/ceip-agsantandreu\/wp-json\/wp\/v2\/categories?post=9622"},{"taxonomy":"post_tag","embeddable":true,"href":"https:\/\/agora.xtec.cat\/ceip-agsantandreu\/wp-json\/wp\/v2\/tags?post=9622"}],"curies":[{"name":"wp","href":"https:\/\/api.w.org\/{rel}","templated":true}]}}