{"id":9613,"date":"2026-03-05T11:01:52","date_gmt":"2026-03-05T10:01:52","guid":{"rendered":"https:\/\/agora.xtec.cat\/ceip-agsantandreu\/?p=9613"},"modified":"2026-03-05T11:01:52","modified_gmt":"2026-03-05T10:01:52","slug":"situacio-daprenentatge-el-cel-i5","status":"publish","type":"post","link":"https:\/\/agora.xtec.cat\/ceip-agsantandreu\/general\/situacio-daprenentatge-el-cel-i5\/","title":{"rendered":"Situaci\u00f3 d&#8217;aprenentatge &#8220;El Cel&#8221; I5"},"content":{"rendered":"<p>Benvolgudes fam\u00edlies !<\/p>\n<p>Us fem arribar un recull de fotografies d&#8217;algunes de les activitats que hem dut a terme en aquesta situaci\u00f3 d&#8217;aprenentatge sobre EL CEL.<br \/>\nHem gaudit molt descobrint i aprenent coses sobre la lluna, el sol, la pluja, els planetes, els astronautes, etc. A trav\u00e9s de v\u00eddeos, contes, diferents propostes i activitats, entre les quals tamb\u00e9 hi ha la decoraci\u00f3 dels vidres, la porta de la classe, el passad\u00eds amb l&#8217;arc de Sant Mart\u00ed i fins i tot ens hem elaborat la nostra disfressa.<br \/>\nMoltes gr\u00e0cies per la vostra col\u00b7laboraci\u00f3 aportant tamb\u00e9 informaci\u00f3 i materials que han enriquit tant aquest projecte.<br \/>\nEstem molt contents de tot el que hem apr\u00e8s!!!<\/p>\n<p><a href=\"https:\/\/photos.app.goo.gl\/GDP8bWk4DuskwuQYA\" target=\"_blank\" rel=\"noopener\">FOTOS<\/a><\/p>\n<p><a href=\"https:\/\/agora.xtec.cat\/ceip-agsantandreu\/wp-content\/uploads\/usu37\/2026\/03\/WhatsApp-Image-2026-03-03-at-09.54.11-1.jpeg\"><img loading=\"lazy\" decoding=\"async\" class=\"alignleft  wp-image-9616\" src=\"https:\/\/agora.xtec.cat\/ceip-agsantandreu\/wp-content\/uploads\/usu37\/2026\/03\/WhatsApp-Image-2026-03-03-at-09.54.11-1-768x1024.jpeg\" alt=\"\" width=\"412\" height=\"549\" srcset=\"https:\/\/agora.xtec.cat\/ceip-agsantandreu\/wp-content\/uploads\/usu37\/2026\/03\/WhatsApp-Image-2026-03-03-at-09.54.11-1-768x1024.jpeg 768w, https:\/\/agora.xtec.cat\/ceip-agsantandreu\/wp-content\/uploads\/usu37\/2026\/03\/WhatsApp-Image-2026-03-03-at-09.54.11-1-225x300.jpeg 225w, https:\/\/agora.xtec.cat\/ceip-agsantandreu\/wp-content\/uploads\/usu37\/2026\/03\/WhatsApp-Image-2026-03-03-at-09.54.11-1-1152x1536.jpeg 1152w, https:\/\/agora.xtec.cat\/ceip-agsantandreu\/wp-content\/uploads\/usu37\/2026\/03\/WhatsApp-Image-2026-03-03-at-09.54.11-1.jpeg 1200w\" sizes=\"auto, (max-width: 412px) 100vw, 412px\" \/><\/a><\/p>\n<p>&nbsp;<\/p>\n","protected":false},"excerpt":{"rendered":"<p>Benvolgudes fam\u00edlies !<br \/>\nUs fem arribar un recull de fotografies d&#8217;algunes de les activitats que hem dut a terme en aquesta situaci\u00f3 d&#8217;aprenentatge sobre EL CEL.<br \/>\nHem gaudit molt descobrint i aprenent coses sobre la lluna, el sol, la pluja, els planetes, els astronautes, etc. A trav\u00e9s&hellip;  <a href=\"https:\/\/agora.xtec.cat\/ceip-agsantandreu\/general\/situacio-daprenentatge-el-cel-i5\/\" title=\"Read Situaci\u00f3 d&#8217;aprenentatge &#8220;El Cel&#8221; I5\">Llegeix m\u00e9s\u00bb<\/a><\/p>\n","protected":false},"author":3,"featured_media":0,"comment_status":"closed","ping_status":"closed","sticky":false,"template":"","format":"standard","meta":{"_bbp_topic_count":0,"_bbp_reply_count":0,"_bbp_total_topic_count":0,"_bbp_total_reply_count":0,"_bbp_voice_count":0,"_bbp_anonymous_reply_count":0,"_bbp_topic_count_hidden":0,"_bbp_reply_count_hidden":0,"_bbp_forum_subforum_count":0,"footnotes":""},"categories":[2,1,4],"tags":[],"class_list":["post-9613","post","type-post","status-publish","format-standard","hentry","category-petits","category-general","category-portada"],"post_mailing_queue_ids":[],"_links":{"self":[{"href":"https:\/\/agora.xtec.cat\/ceip-agsantandreu\/wp-json\/wp\/v2\/posts\/9613","targetHints":{"allow":["GET"]}}],"collection":[{"href":"https:\/\/agora.xtec.cat\/ceip-agsantandreu\/wp-json\/wp\/v2\/posts"}],"about":[{"href":"https:\/\/agora.xtec.cat\/ceip-agsantandreu\/wp-json\/wp\/v2\/types\/post"}],"author":[{"embeddable":true,"href":"https:\/\/agora.xtec.cat\/ceip-agsantandreu\/wp-json\/wp\/v2\/users\/3"}],"replies":[{"embeddable":true,"href":"https:\/\/agora.xtec.cat\/ceip-agsantandreu\/wp-json\/wp\/v2\/comments?post=9613"}],"version-history":[{"count":2,"href":"https:\/\/agora.xtec.cat\/ceip-agsantandreu\/wp-json\/wp\/v2\/posts\/9613\/revisions"}],"predecessor-version":[{"id":9618,"href":"https:\/\/agora.xtec.cat\/ceip-agsantandreu\/wp-json\/wp\/v2\/posts\/9613\/revisions\/9618"}],"wp:attachment":[{"href":"https:\/\/agora.xtec.cat\/ceip-agsantandreu\/wp-json\/wp\/v2\/media?parent=9613"}],"wp:term":[{"taxonomy":"category","embeddable":true,"href":"https:\/\/agora.xtec.cat\/ceip-agsantandreu\/wp-json\/wp\/v2\/categories?post=9613"},{"taxonomy":"post_tag","embeddable":true,"href":"https:\/\/agora.xtec.cat\/ceip-agsantandreu\/wp-json\/wp\/v2\/tags?post=9613"}],"curies":[{"name":"wp","href":"https:\/\/api.w.org\/{rel}","templated":true}]}}