{"id":9598,"date":"2026-02-14T18:38:33","date_gmt":"2026-02-14T17:38:33","guid":{"rendered":"https:\/\/agora.xtec.cat\/ceip-agsantandreu\/?p=9598"},"modified":"2026-02-14T18:38:33","modified_gmt":"2026-02-14T17:38:33","slug":"setmana-de-carnestoltes-comunitat-de-petits","status":"publish","type":"post","link":"https:\/\/agora.xtec.cat\/ceip-agsantandreu\/general\/setmana-de-carnestoltes-comunitat-de-petits\/","title":{"rendered":"Setmana de carnestoltes. Comunitat de Petits"},"content":{"rendered":"<p>Hola fam\u00edlies!<\/p>\n<p>Aquesta setmana hem rebut una visita molt especial!!!!\u00a0 Ha arribat a l&#8217;escola el &#8221; Rei Carnestoltes &#8220;, rei dels poca soltes , i ha vingut ple de bogeries perqu\u00e8 els nens i les nenes passessin una setmana amb molta emoci\u00f3 i disbauxa. Aqu\u00ed teniu un petit <a href=\"https:\/\/photos.app.goo.gl\/wnEmu66XdWov9kCK6\" target=\"_blank\" rel=\"noopener\">TASTET<\/a> .<a href=\"https:\/\/agora.xtec.cat\/ceip-agsantandreu\/wp-content\/uploads\/usu37\/2026\/02\/WhatsApp-Image-2026-02-10-at-10.38.46.jpeg\"><img loading=\"lazy\" decoding=\"async\" class=\"alignleft size-large wp-image-9599\" src=\"https:\/\/agora.xtec.cat\/ceip-agsantandreu\/wp-content\/uploads\/usu37\/2026\/02\/WhatsApp-Image-2026-02-10-at-10.38.46-1024x768.jpeg\" alt=\"\" width=\"1024\" height=\"768\" srcset=\"https:\/\/agora.xtec.cat\/ceip-agsantandreu\/wp-content\/uploads\/usu37\/2026\/02\/WhatsApp-Image-2026-02-10-at-10.38.46-1024x768.jpeg 1024w, https:\/\/agora.xtec.cat\/ceip-agsantandreu\/wp-content\/uploads\/usu37\/2026\/02\/WhatsApp-Image-2026-02-10-at-10.38.46-300x225.jpeg 300w, https:\/\/agora.xtec.cat\/ceip-agsantandreu\/wp-content\/uploads\/usu37\/2026\/02\/WhatsApp-Image-2026-02-10-at-10.38.46-768x576.jpeg 768w, https:\/\/agora.xtec.cat\/ceip-agsantandreu\/wp-content\/uploads\/usu37\/2026\/02\/WhatsApp-Image-2026-02-10-at-10.38.46-1536x1152.jpeg 1536w, https:\/\/agora.xtec.cat\/ceip-agsantandreu\/wp-content\/uploads\/usu37\/2026\/02\/WhatsApp-Image-2026-02-10-at-10.38.46-200x150.jpeg 200w, https:\/\/agora.xtec.cat\/ceip-agsantandreu\/wp-content\/uploads\/usu37\/2026\/02\/WhatsApp-Image-2026-02-10-at-10.38.46.jpeg 1600w\" sizes=\"auto, (max-width: 1024px) 100vw, 1024px\" \/><\/a><\/p>\n","protected":false},"excerpt":{"rendered":"<p>Hola fam\u00edlies!<br \/>\nAquesta setmana hem rebut una visita molt especial!!!!\u00a0 Ha arribat a l&#8217;escola el &#8221; Rei Carnestoltes &#8220;, rei dels poca soltes , i ha vingut ple de bogeries perqu\u00e8 els nens i les nenes passessin una setmana amb molta emoci\u00f3 i disbauxa. Aqu\u00ed teniu&hellip;  <a href=\"https:\/\/agora.xtec.cat\/ceip-agsantandreu\/general\/setmana-de-carnestoltes-comunitat-de-petits\/\" title=\"Read Setmana de carnestoltes. Comunitat de Petits\">Llegeix m\u00e9s\u00bb<\/a><\/p>\n","protected":false},"author":3,"featured_media":0,"comment_status":"closed","ping_status":"closed","sticky":false,"template":"","format":"standard","meta":{"_bbp_topic_count":0,"_bbp_reply_count":0,"_bbp_total_topic_count":0,"_bbp_total_reply_count":0,"_bbp_voice_count":0,"_bbp_anonymous_reply_count":0,"_bbp_topic_count_hidden":0,"_bbp_reply_count_hidden":0,"_bbp_forum_subforum_count":0,"footnotes":""},"categories":[2,1,4],"tags":[],"class_list":["post-9598","post","type-post","status-publish","format-standard","hentry","category-petits","category-general","category-portada"],"post_mailing_queue_ids":[],"_links":{"self":[{"href":"https:\/\/agora.xtec.cat\/ceip-agsantandreu\/wp-json\/wp\/v2\/posts\/9598","targetHints":{"allow":["GET"]}}],"collection":[{"href":"https:\/\/agora.xtec.cat\/ceip-agsantandreu\/wp-json\/wp\/v2\/posts"}],"about":[{"href":"https:\/\/agora.xtec.cat\/ceip-agsantandreu\/wp-json\/wp\/v2\/types\/post"}],"author":[{"embeddable":true,"href":"https:\/\/agora.xtec.cat\/ceip-agsantandreu\/wp-json\/wp\/v2\/users\/3"}],"replies":[{"embeddable":true,"href":"https:\/\/agora.xtec.cat\/ceip-agsantandreu\/wp-json\/wp\/v2\/comments?post=9598"}],"version-history":[{"count":1,"href":"https:\/\/agora.xtec.cat\/ceip-agsantandreu\/wp-json\/wp\/v2\/posts\/9598\/revisions"}],"predecessor-version":[{"id":9600,"href":"https:\/\/agora.xtec.cat\/ceip-agsantandreu\/wp-json\/wp\/v2\/posts\/9598\/revisions\/9600"}],"wp:attachment":[{"href":"https:\/\/agora.xtec.cat\/ceip-agsantandreu\/wp-json\/wp\/v2\/media?parent=9598"}],"wp:term":[{"taxonomy":"category","embeddable":true,"href":"https:\/\/agora.xtec.cat\/ceip-agsantandreu\/wp-json\/wp\/v2\/categories?post=9598"},{"taxonomy":"post_tag","embeddable":true,"href":"https:\/\/agora.xtec.cat\/ceip-agsantandreu\/wp-json\/wp\/v2\/tags?post=9598"}],"curies":[{"name":"wp","href":"https:\/\/api.w.org\/{rel}","templated":true}]}}