{"id":9595,"date":"2026-02-13T17:28:58","date_gmt":"2026-02-13T16:28:58","guid":{"rendered":"https:\/\/agora.xtec.cat\/ceip-agsantandreu\/?p=9595"},"modified":"2026-02-13T17:28:58","modified_gmt":"2026-02-13T16:28:58","slug":"una-gran-tarda-de-carnaval","status":"publish","type":"post","link":"https:\/\/agora.xtec.cat\/ceip-agsantandreu\/general\/una-gran-tarda-de-carnaval\/","title":{"rendered":"Una gran tarda de Carnaval!"},"content":{"rendered":"<p data-start=\"153\" data-end=\"345\">Aquesta tarda hem celebrat el Carnaval tots plegats al gimn\u00e0s de l\u2019escola i ens ho hem passat d\u2019all\u00f2 m\u00e9s b\u00e9! Disfresses, m\u00fasica, balls i molta gresca han omplert l\u2019espai d\u2019alegria i color.<\/p>\n<p data-start=\"347\" data-end=\"552\">Tot i que la pluja ens ha impedit sortir al carrer per fer la rua, i ens ha sabut molt greu no poder compartir aquest moment amb les fam\u00edlies, ens hem adaptat i hem gaudit igualment d\u2019una festa molt especial.<\/p>\n<p data-start=\"554\" data-end=\"729\">L\u2019ambient festiu, les ganes de passar-ho b\u00e9 i la il\u00b7lusi\u00f3 dels alumnes han fet que, malgrat el canvi de plans, hagi estat una gran celebraci\u00f3, tal com mostren les imatges.<\/p>\n<p data-start=\"731\" data-end=\"789\">Gr\u00e0cies a tothom per fer possible una tarda tan divertida!<\/p>\n<p data-start=\"731\" data-end=\"789\"><a href=\"https:\/\/photos.app.goo.gl\/rkc4KnmNET4GuFrM8\" target=\"_blank\" rel=\"noopener\">Aqu\u00ed us deixem unes imatges de la festa!<\/a><\/p>\n<p data-start=\"731\" data-end=\"789\"><a href=\"https:\/\/photos.app.goo.gl\/rkc4KnmNET4GuFrM8\" target=\"_blank\" rel=\"noopener\"><img loading=\"lazy\" decoding=\"async\" class=\"aligncenter wp-image-9596 size-large\" src=\"https:\/\/agora.xtec.cat\/ceip-agsantandreu\/wp-content\/uploads\/usu37\/2026\/02\/WhatsApp-Image-2026-02-13-at-16.20.07-1024x576.jpeg\" alt=\"\" width=\"1024\" height=\"576\" srcset=\"https:\/\/agora.xtec.cat\/ceip-agsantandreu\/wp-content\/uploads\/usu37\/2026\/02\/WhatsApp-Image-2026-02-13-at-16.20.07-1024x576.jpeg 1024w, https:\/\/agora.xtec.cat\/ceip-agsantandreu\/wp-content\/uploads\/usu37\/2026\/02\/WhatsApp-Image-2026-02-13-at-16.20.07-300x169.jpeg 300w, https:\/\/agora.xtec.cat\/ceip-agsantandreu\/wp-content\/uploads\/usu37\/2026\/02\/WhatsApp-Image-2026-02-13-at-16.20.07-768x432.jpeg 768w, https:\/\/agora.xtec.cat\/ceip-agsantandreu\/wp-content\/uploads\/usu37\/2026\/02\/WhatsApp-Image-2026-02-13-at-16.20.07-1536x864.jpeg 1536w, https:\/\/agora.xtec.cat\/ceip-agsantandreu\/wp-content\/uploads\/usu37\/2026\/02\/WhatsApp-Image-2026-02-13-at-16.20.07.jpeg 2048w\" sizes=\"auto, (max-width: 1024px) 100vw, 1024px\" \/><\/a><\/p>\n","protected":false},"excerpt":{"rendered":"<p>Aquesta tarda hem celebrat el Carnaval tots plegats al gimn\u00e0s de l\u2019escola i ens ho hem passat d\u2019all\u00f2 m\u00e9s b\u00e9! Disfresses, m\u00fasica, balls i molta gresca han omplert l\u2019espai d\u2019alegria i color.<br \/>\nTot i que la pluja ens ha impedit sortir al carrer per fer la&hellip;  <a href=\"https:\/\/agora.xtec.cat\/ceip-agsantandreu\/general\/una-gran-tarda-de-carnaval\/\" title=\"Read Una gran tarda de Carnaval!\">Llegeix m\u00e9s\u00bb<\/a><\/p>\n","protected":false},"author":1,"featured_media":0,"comment_status":"closed","ping_status":"closed","sticky":false,"template":"","format":"standard","meta":{"_bbp_topic_count":0,"_bbp_reply_count":0,"_bbp_total_topic_count":0,"_bbp_total_reply_count":0,"_bbp_voice_count":0,"_bbp_anonymous_reply_count":0,"_bbp_topic_count_hidden":0,"_bbp_reply_count_hidden":0,"_bbp_forum_subforum_count":0,"footnotes":""},"categories":[1,4],"tags":[],"class_list":["post-9595","post","type-post","status-publish","format-standard","hentry","category-general","category-portada"],"post_mailing_queue_ids":[],"_links":{"self":[{"href":"https:\/\/agora.xtec.cat\/ceip-agsantandreu\/wp-json\/wp\/v2\/posts\/9595","targetHints":{"allow":["GET"]}}],"collection":[{"href":"https:\/\/agora.xtec.cat\/ceip-agsantandreu\/wp-json\/wp\/v2\/posts"}],"about":[{"href":"https:\/\/agora.xtec.cat\/ceip-agsantandreu\/wp-json\/wp\/v2\/types\/post"}],"author":[{"embeddable":true,"href":"https:\/\/agora.xtec.cat\/ceip-agsantandreu\/wp-json\/wp\/v2\/users\/1"}],"replies":[{"embeddable":true,"href":"https:\/\/agora.xtec.cat\/ceip-agsantandreu\/wp-json\/wp\/v2\/comments?post=9595"}],"version-history":[{"count":1,"href":"https:\/\/agora.xtec.cat\/ceip-agsantandreu\/wp-json\/wp\/v2\/posts\/9595\/revisions"}],"predecessor-version":[{"id":9597,"href":"https:\/\/agora.xtec.cat\/ceip-agsantandreu\/wp-json\/wp\/v2\/posts\/9595\/revisions\/9597"}],"wp:attachment":[{"href":"https:\/\/agora.xtec.cat\/ceip-agsantandreu\/wp-json\/wp\/v2\/media?parent=9595"}],"wp:term":[{"taxonomy":"category","embeddable":true,"href":"https:\/\/agora.xtec.cat\/ceip-agsantandreu\/wp-json\/wp\/v2\/categories?post=9595"},{"taxonomy":"post_tag","embeddable":true,"href":"https:\/\/agora.xtec.cat\/ceip-agsantandreu\/wp-json\/wp\/v2\/tags?post=9595"}],"curies":[{"name":"wp","href":"https:\/\/api.w.org\/{rel}","templated":true}]}}