{"id":9589,"date":"2026-02-09T13:36:49","date_gmt":"2026-02-09T12:36:49","guid":{"rendered":"https:\/\/agora.xtec.cat\/ceip-agsantandreu\/?p=9589"},"modified":"2026-02-09T13:37:36","modified_gmt":"2026-02-09T12:37:36","slug":"palau-de-la-musica-4t","status":"publish","type":"post","link":"https:\/\/agora.xtec.cat\/ceip-agsantandreu\/general\/palau-de-la-musica-4t\/","title":{"rendered":"Palau de la M\u00fasica 4t"},"content":{"rendered":"<p>Els nens i nenes de 4t vam anar d\u2019excursi\u00f3 al Palau de la m\u00fasica de Barcelona el passat dimecres 4 de febrer. All\u00e0, vam poder gaudir de l\u2019obra \u201cBig Bang Beethoven\u201d, una oportunitat per descobrir la m\u00fasica d\u2019aquest compositor en una proposta esc\u00e8nica i musical meravellosa.<br \/>\nDespr\u00e9s, vam anar a dinar al parc de la Ciutadella, on vam poder compartir una bonica estona de joc amb els amics i amigues!<\/p>\n<p>Ens ho vam passar d\u2019all\u00f2 m\u00e9s b\u00e9!!!<a href=\"https:\/\/agora.xtec.cat\/ceip-agsantandreu\/wp-content\/uploads\/usu37\/2026\/02\/WhatsApp-Image-2026-02-04-at-16.47.31.jpeg\"><img loading=\"lazy\" decoding=\"async\" class=\"alignleft size-large wp-image-9591\" src=\"https:\/\/agora.xtec.cat\/ceip-agsantandreu\/wp-content\/uploads\/usu37\/2026\/02\/WhatsApp-Image-2026-02-04-at-16.47.31-1024x768.jpeg\" alt=\"\" width=\"1024\" height=\"768\" srcset=\"https:\/\/agora.xtec.cat\/ceip-agsantandreu\/wp-content\/uploads\/usu37\/2026\/02\/WhatsApp-Image-2026-02-04-at-16.47.31-1024x768.jpeg 1024w, https:\/\/agora.xtec.cat\/ceip-agsantandreu\/wp-content\/uploads\/usu37\/2026\/02\/WhatsApp-Image-2026-02-04-at-16.47.31-300x225.jpeg 300w, https:\/\/agora.xtec.cat\/ceip-agsantandreu\/wp-content\/uploads\/usu37\/2026\/02\/WhatsApp-Image-2026-02-04-at-16.47.31-768x576.jpeg 768w, https:\/\/agora.xtec.cat\/ceip-agsantandreu\/wp-content\/uploads\/usu37\/2026\/02\/WhatsApp-Image-2026-02-04-at-16.47.31-1536x1152.jpeg 1536w, https:\/\/agora.xtec.cat\/ceip-agsantandreu\/wp-content\/uploads\/usu37\/2026\/02\/WhatsApp-Image-2026-02-04-at-16.47.31-200x150.jpeg 200w, https:\/\/agora.xtec.cat\/ceip-agsantandreu\/wp-content\/uploads\/usu37\/2026\/02\/WhatsApp-Image-2026-02-04-at-16.47.31.jpeg 1600w\" sizes=\"auto, (max-width: 1024px) 100vw, 1024px\" \/><\/a><\/p>\n<p><a href=\"https:\/\/photos.app.goo.gl\/oqmqQDxwTTEopNhJ6\">Aqu\u00ed us deixem unes fotografies de la sortida.<\/a><\/p>\n","protected":false},"excerpt":{"rendered":"<p>Els nens i nenes de 4t vam anar d\u2019excursi\u00f3 al Palau de la m\u00fasica de Barcelona el passat dimecres 4 de febrer. All\u00e0, vam poder gaudir de l\u2019obra \u201cBig Bang Beethoven\u201d, una oportunitat per descobrir la m\u00fasica d\u2019aquest compositor en una proposta esc\u00e8nica i musical&hellip;  <a href=\"https:\/\/agora.xtec.cat\/ceip-agsantandreu\/general\/palau-de-la-musica-4t\/\" title=\"Read Palau de la M\u00fasica 4t\">Llegeix m\u00e9s\u00bb<\/a><\/p>\n","protected":false},"author":3,"featured_media":0,"comment_status":"open","ping_status":"open","sticky":false,"template":"","format":"standard","meta":{"_bbp_topic_count":0,"_bbp_reply_count":0,"_bbp_total_topic_count":0,"_bbp_total_reply_count":0,"_bbp_voice_count":0,"_bbp_anonymous_reply_count":0,"_bbp_topic_count_hidden":0,"_bbp_reply_count_hidden":0,"_bbp_forum_subforum_count":0,"footnotes":""},"categories":[59,1,4],"tags":[],"class_list":["post-9589","post","type-post","status-publish","format-standard","hentry","category-grans","category-general","category-portada"],"post_mailing_queue_ids":[],"_links":{"self":[{"href":"https:\/\/agora.xtec.cat\/ceip-agsantandreu\/wp-json\/wp\/v2\/posts\/9589","targetHints":{"allow":["GET"]}}],"collection":[{"href":"https:\/\/agora.xtec.cat\/ceip-agsantandreu\/wp-json\/wp\/v2\/posts"}],"about":[{"href":"https:\/\/agora.xtec.cat\/ceip-agsantandreu\/wp-json\/wp\/v2\/types\/post"}],"author":[{"embeddable":true,"href":"https:\/\/agora.xtec.cat\/ceip-agsantandreu\/wp-json\/wp\/v2\/users\/3"}],"replies":[{"embeddable":true,"href":"https:\/\/agora.xtec.cat\/ceip-agsantandreu\/wp-json\/wp\/v2\/comments?post=9589"}],"version-history":[{"count":3,"href":"https:\/\/agora.xtec.cat\/ceip-agsantandreu\/wp-json\/wp\/v2\/posts\/9589\/revisions"}],"predecessor-version":[{"id":9593,"href":"https:\/\/agora.xtec.cat\/ceip-agsantandreu\/wp-json\/wp\/v2\/posts\/9589\/revisions\/9593"}],"wp:attachment":[{"href":"https:\/\/agora.xtec.cat\/ceip-agsantandreu\/wp-json\/wp\/v2\/media?parent=9589"}],"wp:term":[{"taxonomy":"category","embeddable":true,"href":"https:\/\/agora.xtec.cat\/ceip-agsantandreu\/wp-json\/wp\/v2\/categories?post=9589"},{"taxonomy":"post_tag","embeddable":true,"href":"https:\/\/agora.xtec.cat\/ceip-agsantandreu\/wp-json\/wp\/v2\/tags?post=9589"}],"curies":[{"name":"wp","href":"https:\/\/api.w.org\/{rel}","templated":true}]}}