{"id":9428,"date":"2025-12-19T12:44:55","date_gmt":"2025-12-19T11:44:55","guid":{"rendered":"https:\/\/agora.xtec.cat\/ceip-agsantandreu\/?p=9428"},"modified":"2025-12-19T13:49:47","modified_gmt":"2025-12-19T12:49:47","slug":"cantata-de-nadal-2","status":"publish","type":"post","link":"https:\/\/agora.xtec.cat\/ceip-agsantandreu\/general\/cantata-de-nadal-2\/","title":{"rendered":"Cantata de Nadal"},"content":{"rendered":"<p><a href=\"https:\/\/photos.app.goo.gl\/aoUAyQe8TDgo9Jem7\" target=\"_blank\" rel=\"noopener\"><img loading=\"lazy\" decoding=\"async\" class=\"aligncenter wp-image-9429 size-large\" src=\"https:\/\/agora.xtec.cat\/ceip-agsantandreu\/wp-content\/uploads\/usu37\/2025\/12\/WhatsApp-Image-2025-12-19-at-12.55.40-1024x768.jpeg\" alt=\"\" width=\"1024\" height=\"768\" srcset=\"https:\/\/agora.xtec.cat\/ceip-agsantandreu\/wp-content\/uploads\/usu37\/2025\/12\/WhatsApp-Image-2025-12-19-at-12.55.40-1024x768.jpeg 1024w, https:\/\/agora.xtec.cat\/ceip-agsantandreu\/wp-content\/uploads\/usu37\/2025\/12\/WhatsApp-Image-2025-12-19-at-12.55.40-300x225.jpeg 300w, https:\/\/agora.xtec.cat\/ceip-agsantandreu\/wp-content\/uploads\/usu37\/2025\/12\/WhatsApp-Image-2025-12-19-at-12.55.40-768x576.jpeg 768w, https:\/\/agora.xtec.cat\/ceip-agsantandreu\/wp-content\/uploads\/usu37\/2025\/12\/WhatsApp-Image-2025-12-19-at-12.55.40-1536x1152.jpeg 1536w, https:\/\/agora.xtec.cat\/ceip-agsantandreu\/wp-content\/uploads\/usu37\/2025\/12\/WhatsApp-Image-2025-12-19-at-12.55.40-200x150.jpeg 200w, https:\/\/agora.xtec.cat\/ceip-agsantandreu\/wp-content\/uploads\/usu37\/2025\/12\/WhatsApp-Image-2025-12-19-at-12.55.40.jpeg 2048w\" sizes=\"auto, (max-width: 1024px) 100vw, 1024px\" \/><\/a><\/p>\n<p><a href=\"https:\/\/photos.app.goo.gl\/aoUAyQe8TDgo9Jem7\" target=\"_blank\" rel=\"noopener\">Aqu\u00ed us deixem unes imatges de la Cantata de Nadal!<\/a><\/p>\n<p data-start=\"192\" data-end=\"523\">Avui el nostre centre s\u2019ha omplert de m\u00fasica, il\u00b7lusi\u00f3 i esperit nadalenc amb la celebraci\u00f3 de la Cantata de Nadal, un acte molt especial en qu\u00e8 han participat tots els alumnes de l\u2019escola, des dels m\u00e9s petits fins als m\u00e9s grans. Ha estat una jornada viscuda amb molta emoci\u00f3 i entusiasme per part de tot l\u2019alumnat.<\/p>\n<p data-start=\"525\" data-end=\"826\">Les can\u00e7ons i nadales han creat un ambient c\u00e0lid i festiu que hem gaudit tant als infants com a les fam\u00edlies assistents. Volem agrair sincerament a totes les fam\u00edlies la vostra pres\u00e8ncia i suport, aix\u00ed com la complicitat i els aplaudiments que han fet encara m\u00e9s especial la jornada d&#8217;avui..<\/p>\n<p data-start=\"828\" data-end=\"1074\">Esperem que hagueu gaudit del festival\u00a0i d\u2019haver vist els vostres fills i filles pujar a l\u2019escenari amb tanta il\u00b7lusi\u00f3.<\/p>\n<p data-start=\"828\" data-end=\"1074\">Des de l\u2019escola, us desitgem unes molt bones festes i un Nadal ple de m\u00fasica, alegria i bons moments en fam\u00edlia.<\/p>\n","protected":false},"excerpt":{"rendered":"<p><a href=\"https:\/\/photos.app.goo.gl\/aoUAyQe8TDgo9Jem7\" target=\"_blank\" rel=\"noopener\"><\/a><br \/>\n<a href=\"https:\/\/photos.app.goo.gl\/aoUAyQe8TDgo9Jem7\" target=\"_blank\" rel=\"noopener\">Aqu\u00ed us deixem unes imatges de la Cantata de Nadal!<\/a><br \/>\nAvui el nostre centre s\u2019ha omplert de m\u00fasica, il\u00b7lusi\u00f3 i esperit nadalenc amb la celebraci\u00f3 de la Cantata de Nadal, un acte molt especial en qu\u00e8 han participat tots els&hellip;  <a href=\"https:\/\/agora.xtec.cat\/ceip-agsantandreu\/general\/cantata-de-nadal-2\/\" title=\"Read Cantata de Nadal\">Llegeix m\u00e9s\u00bb<\/a><\/p>\n","protected":false},"author":1,"featured_media":0,"comment_status":"closed","ping_status":"closed","sticky":false,"template":"","format":"standard","meta":{"_bbp_topic_count":0,"_bbp_reply_count":0,"_bbp_total_topic_count":0,"_bbp_total_reply_count":0,"_bbp_voice_count":0,"_bbp_anonymous_reply_count":0,"_bbp_topic_count_hidden":0,"_bbp_reply_count_hidden":0,"_bbp_forum_subforum_count":0,"footnotes":""},"categories":[1,4],"tags":[],"class_list":["post-9428","post","type-post","status-publish","format-standard","hentry","category-general","category-portada"],"post_mailing_queue_ids":[],"_links":{"self":[{"href":"https:\/\/agora.xtec.cat\/ceip-agsantandreu\/wp-json\/wp\/v2\/posts\/9428","targetHints":{"allow":["GET"]}}],"collection":[{"href":"https:\/\/agora.xtec.cat\/ceip-agsantandreu\/wp-json\/wp\/v2\/posts"}],"about":[{"href":"https:\/\/agora.xtec.cat\/ceip-agsantandreu\/wp-json\/wp\/v2\/types\/post"}],"author":[{"embeddable":true,"href":"https:\/\/agora.xtec.cat\/ceip-agsantandreu\/wp-json\/wp\/v2\/users\/1"}],"replies":[{"embeddable":true,"href":"https:\/\/agora.xtec.cat\/ceip-agsantandreu\/wp-json\/wp\/v2\/comments?post=9428"}],"version-history":[{"count":1,"href":"https:\/\/agora.xtec.cat\/ceip-agsantandreu\/wp-json\/wp\/v2\/posts\/9428\/revisions"}],"predecessor-version":[{"id":9430,"href":"https:\/\/agora.xtec.cat\/ceip-agsantandreu\/wp-json\/wp\/v2\/posts\/9428\/revisions\/9430"}],"wp:attachment":[{"href":"https:\/\/agora.xtec.cat\/ceip-agsantandreu\/wp-json\/wp\/v2\/media?parent=9428"}],"wp:term":[{"taxonomy":"category","embeddable":true,"href":"https:\/\/agora.xtec.cat\/ceip-agsantandreu\/wp-json\/wp\/v2\/categories?post=9428"},{"taxonomy":"post_tag","embeddable":true,"href":"https:\/\/agora.xtec.cat\/ceip-agsantandreu\/wp-json\/wp\/v2\/tags?post=9428"}],"curies":[{"name":"wp","href":"https:\/\/api.w.org\/{rel}","templated":true}]}}