{"id":9423,"date":"2025-12-19T13:41:03","date_gmt":"2025-12-19T12:41:03","guid":{"rendered":"https:\/\/agora.xtec.cat\/ceip-agsantandreu\/?p=9423"},"modified":"2025-12-19T13:41:03","modified_gmt":"2025-12-19T12:41:03","slug":"bon-nadal-2025","status":"publish","type":"post","link":"https:\/\/agora.xtec.cat\/ceip-agsantandreu\/general\/bon-nadal-2025\/","title":{"rendered":"BON NADAL 2025!"},"content":{"rendered":"<p data-auto=\"1\" data-pm-slice=\"1 1 []\">Estimades fam\u00edlies.<\/p>\n<p>Arribem un any m\u00e9s al final del primer trimestre, un moment especial en qu\u00e8 l\u2019esperit de les festes ens convida a aturar-nos i valorar tot all\u00f2 que hem compartit. Ha estat un temps intens i enriquidor, ple d\u2019aprenentatges i d\u2019esfor\u00e7. Cada alumne, cada fam\u00edlia i cada membre del personal del centre ha contribu\u00eft, amb la seva dedicaci\u00f3, a fer cr\u00e9ixer aquesta escola que tots compartim.<\/p>\n<p>En aquestes dates tan assenyalades, volem expressar el nostre agra\u00efment m\u00e9s sincer a totes les fam\u00edlies. La vostra confian\u00e7a i la vostra implicaci\u00f3 s\u00f3n un suport imprescindible per al bon funcionament del centre, i ens permeten avan\u00e7ar plegats amb un objectiu com\u00fa.<\/p>\n<p>\u00c9s necessari recon\u00e8ixer la tasca del nostre equip docent i de tot el personal de l\u2019escola. La seva dedicaci\u00f3 i professionalitat s\u00f3n la base que fa possible que cada dia puguem oferir un entorn d\u2019aprenentatge c\u00e0lid, segur i motivador.<\/p>\n<p>Ara comen\u00e7a un per\u00edode de desconnexi\u00f3, celebracions i retrobaments. Us animem a gaudir d\u2019aquests dies amb calma, amb fam\u00edlia i amb les persones que estimeu. Que aquestes vacances us portin pau, salut, alegria i moments que recordeu amb afecte.<\/p>\n<p>En nom de l\u2019escola, us desitgem unes molt bones festes i un pr\u00f2sper any nou, ple d\u2019il\u00b7lusi\u00f3 i de noves oportunitats. Ens retrobem al gener amb energies renovades per continuar avan\u00e7ant junts.<\/p>\n<p>Moltes gr\u00e0cies per formar part de la nostra comunitat.<\/p>\n<p>Bones festes i feli\u00e7 any nou!<\/p>\n<p><a href=\"https:\/\/youtu.be\/6BWPG7MSxkM?si=7l-b6nMjjaZx4l0m\" target=\"_blank\" rel=\"noopener\">VIDEO FELICITACI\u00d3 NADAL 2025!<\/a><\/p>\n<p><a href=\"https:\/\/youtu.be\/6BWPG7MSxkM?si=7l-b6nMjjaZx4l0m\" target=\"_blank\" rel=\"noopener\"><img loading=\"lazy\" decoding=\"async\" class=\"aligncenter wp-image-9424 size-large\" src=\"https:\/\/agora.xtec.cat\/ceip-agsantandreu\/wp-content\/uploads\/usu37\/2025\/12\/POSTAL-DE-NADAL-2025-576x1024.jpeg\" alt=\"\" width=\"576\" height=\"1024\" srcset=\"https:\/\/agora.xtec.cat\/ceip-agsantandreu\/wp-content\/uploads\/usu37\/2025\/12\/POSTAL-DE-NADAL-2025-576x1024.jpeg 576w, https:\/\/agora.xtec.cat\/ceip-agsantandreu\/wp-content\/uploads\/usu37\/2025\/12\/POSTAL-DE-NADAL-2025-169x300.jpeg 169w, https:\/\/agora.xtec.cat\/ceip-agsantandreu\/wp-content\/uploads\/usu37\/2025\/12\/POSTAL-DE-NADAL-2025-768x1365.jpeg 768w, https:\/\/agora.xtec.cat\/ceip-agsantandreu\/wp-content\/uploads\/usu37\/2025\/12\/POSTAL-DE-NADAL-2025-864x1536.jpeg 864w, https:\/\/agora.xtec.cat\/ceip-agsantandreu\/wp-content\/uploads\/usu37\/2025\/12\/POSTAL-DE-NADAL-2025.jpeg 900w\" sizes=\"auto, (max-width: 576px) 100vw, 576px\" \/><\/a><\/p>\n","protected":false},"excerpt":{"rendered":"<p>Estimades fam\u00edlies.<br \/>\nArribem un any m\u00e9s al final del primer trimestre, un moment especial en qu\u00e8 l\u2019esperit de les festes ens convida a aturar-nos i valorar tot all\u00f2 que hem compartit. Ha estat un temps intens i enriquidor, ple d\u2019aprenentatges i d\u2019esfor\u00e7. Cada alumne, cada fam\u00edlia&hellip;  <a href=\"https:\/\/agora.xtec.cat\/ceip-agsantandreu\/general\/bon-nadal-2025\/\" title=\"Read BON NADAL 2025!\">Llegeix m\u00e9s\u00bb<\/a><\/p>\n","protected":false},"author":1,"featured_media":9425,"comment_status":"closed","ping_status":"closed","sticky":false,"template":"","format":"standard","meta":{"_bbp_topic_count":0,"_bbp_reply_count":0,"_bbp_total_topic_count":0,"_bbp_total_reply_count":0,"_bbp_voice_count":0,"_bbp_anonymous_reply_count":0,"_bbp_topic_count_hidden":0,"_bbp_reply_count_hidden":0,"_bbp_forum_subforum_count":0,"footnotes":""},"categories":[1,4],"tags":[],"class_list":["post-9423","post","type-post","status-publish","format-standard","has-post-thumbnail","hentry","category-general","category-portada"],"post_mailing_queue_ids":[],"_links":{"self":[{"href":"https:\/\/agora.xtec.cat\/ceip-agsantandreu\/wp-json\/wp\/v2\/posts\/9423","targetHints":{"allow":["GET"]}}],"collection":[{"href":"https:\/\/agora.xtec.cat\/ceip-agsantandreu\/wp-json\/wp\/v2\/posts"}],"about":[{"href":"https:\/\/agora.xtec.cat\/ceip-agsantandreu\/wp-json\/wp\/v2\/types\/post"}],"author":[{"embeddable":true,"href":"https:\/\/agora.xtec.cat\/ceip-agsantandreu\/wp-json\/wp\/v2\/users\/1"}],"replies":[{"embeddable":true,"href":"https:\/\/agora.xtec.cat\/ceip-agsantandreu\/wp-json\/wp\/v2\/comments?post=9423"}],"version-history":[{"count":1,"href":"https:\/\/agora.xtec.cat\/ceip-agsantandreu\/wp-json\/wp\/v2\/posts\/9423\/revisions"}],"predecessor-version":[{"id":9426,"href":"https:\/\/agora.xtec.cat\/ceip-agsantandreu\/wp-json\/wp\/v2\/posts\/9423\/revisions\/9426"}],"wp:featuredmedia":[{"embeddable":true,"href":"https:\/\/agora.xtec.cat\/ceip-agsantandreu\/wp-json\/wp\/v2\/media\/9425"}],"wp:attachment":[{"href":"https:\/\/agora.xtec.cat\/ceip-agsantandreu\/wp-json\/wp\/v2\/media?parent=9423"}],"wp:term":[{"taxonomy":"category","embeddable":true,"href":"https:\/\/agora.xtec.cat\/ceip-agsantandreu\/wp-json\/wp\/v2\/categories?post=9423"},{"taxonomy":"post_tag","embeddable":true,"href":"https:\/\/agora.xtec.cat\/ceip-agsantandreu\/wp-json\/wp\/v2\/tags?post=9423"}],"curies":[{"name":"wp","href":"https:\/\/api.w.org\/{rel}","templated":true}]}}