{"id":929,"date":"2017-11-02T13:21:11","date_gmt":"2017-11-02T12:21:11","guid":{"rendered":"http:\/\/agora.xtec.cat\/ceip-agsantandreu\/?p=929"},"modified":"2017-11-02T13:21:11","modified_gmt":"2017-11-02T12:21:11","slug":"joc-de-la-teranyina","status":"publish","type":"post","link":"https:\/\/agora.xtec.cat\/ceip-agsantandreu\/portada\/joc-de-la-teranyina\/","title":{"rendered":"JOC de la TERANYINA"},"content":{"rendered":"<p>A tutoria hem fet una activitat de <strong>cohesi\u00f3 de grup<\/strong> anomenada\u00a0 la \u201c<strong><em>TERANYINA DE LES COSES BONIQUES\u201d.<\/em><\/strong><\/p>\n<p>Hav\u00edem de dir una cosa bonica d\u2019un company al mateix temps que li don\u00e0vem un cabdell de llana. El resultat ha estat aquesta teranyina que ens uneix a TOTS amb les coses m\u00e9s maques del m\u00f3n!!!!!!<\/p>\n<p>&nbsp;<\/p>\n<p><a href=\"http:\/\/agora.xtec.cat\/ceip-agsantandreu\/wp-content\/uploads\/usu37\/2017\/11\/20171024_120753-1024x768.jpg\"><img loading=\"lazy\" decoding=\"async\" class=\"alignnone size-large wp-image-930\" src=\"http:\/\/agora.xtec.cat\/ceip-agsantandreu\/wp-content\/uploads\/usu37\/2017\/11\/20171024_120753-1024x768-1024x614.jpg\" alt=\"\" width=\"1024\" height=\"614\" srcset=\"https:\/\/agora.xtec.cat\/ceip-agsantandreu\/wp-content\/uploads\/usu37\/2017\/11\/20171024_120753-1024x768.jpg 1024w, https:\/\/agora.xtec.cat\/ceip-agsantandreu\/wp-content\/uploads\/usu37\/2017\/11\/20171024_120753-1024x768-300x180.jpg 300w, https:\/\/agora.xtec.cat\/ceip-agsantandreu\/wp-content\/uploads\/usu37\/2017\/11\/20171024_120753-1024x768-768x461.jpg 768w\" sizes=\"auto, (max-width: 1024px) 100vw, 1024px\" \/><\/a><\/p>\n<p><a href=\"https:\/\/photos.app.goo.gl\/ztC9JZi2ffgi8UQs2\">Fotos<\/a><\/p>\n","protected":false},"excerpt":{"rendered":"<p>A tutoria hem fet una activitat de cohesi\u00f3 de grup anomenada\u00a0 la \u201cTERANYINA DE LES COSES BONIQUES\u201d.<br \/>\nHav\u00edem de dir una cosa bonica d\u2019un company al mateix temps que li don\u00e0vem un cabdell de llana. El resultat ha estat aquesta teranyina que ens uneix a TOTS&hellip;  <a href=\"https:\/\/agora.xtec.cat\/ceip-agsantandreu\/portada\/joc-de-la-teranyina\/\" title=\"Read JOC de la TERANYINA\">Llegeix m\u00e9s\u00bb<\/a><\/p>\n","protected":false},"author":3,"featured_media":0,"comment_status":"closed","ping_status":"closed","sticky":false,"template":"","format":"standard","meta":{"_bbp_topic_count":0,"_bbp_reply_count":0,"_bbp_total_topic_count":0,"_bbp_total_reply_count":0,"_bbp_voice_count":0,"_bbp_anonymous_reply_count":0,"_bbp_topic_count_hidden":0,"_bbp_reply_count_hidden":0,"_bbp_forum_subforum_count":0,"footnotes":""},"categories":[5,4],"tags":[],"class_list":["post-929","post","type-post","status-publish","format-standard","hentry","category-mitjans","category-portada"],"post_mailing_queue_ids":[],"_links":{"self":[{"href":"https:\/\/agora.xtec.cat\/ceip-agsantandreu\/wp-json\/wp\/v2\/posts\/929","targetHints":{"allow":["GET"]}}],"collection":[{"href":"https:\/\/agora.xtec.cat\/ceip-agsantandreu\/wp-json\/wp\/v2\/posts"}],"about":[{"href":"https:\/\/agora.xtec.cat\/ceip-agsantandreu\/wp-json\/wp\/v2\/types\/post"}],"author":[{"embeddable":true,"href":"https:\/\/agora.xtec.cat\/ceip-agsantandreu\/wp-json\/wp\/v2\/users\/3"}],"replies":[{"embeddable":true,"href":"https:\/\/agora.xtec.cat\/ceip-agsantandreu\/wp-json\/wp\/v2\/comments?post=929"}],"version-history":[{"count":1,"href":"https:\/\/agora.xtec.cat\/ceip-agsantandreu\/wp-json\/wp\/v2\/posts\/929\/revisions"}],"predecessor-version":[{"id":931,"href":"https:\/\/agora.xtec.cat\/ceip-agsantandreu\/wp-json\/wp\/v2\/posts\/929\/revisions\/931"}],"wp:attachment":[{"href":"https:\/\/agora.xtec.cat\/ceip-agsantandreu\/wp-json\/wp\/v2\/media?parent=929"}],"wp:term":[{"taxonomy":"category","embeddable":true,"href":"https:\/\/agora.xtec.cat\/ceip-agsantandreu\/wp-json\/wp\/v2\/categories?post=929"},{"taxonomy":"post_tag","embeddable":true,"href":"https:\/\/agora.xtec.cat\/ceip-agsantandreu\/wp-json\/wp\/v2\/tags?post=929"}],"curies":[{"name":"wp","href":"https:\/\/api.w.org\/{rel}","templated":true}]}}