{"id":9265,"date":"2025-11-28T15:49:52","date_gmt":"2025-11-28T14:49:52","guid":{"rendered":"https:\/\/agora.xtec.cat\/ceip-agsantandreu\/?p=9265"},"modified":"2025-11-28T15:52:36","modified_gmt":"2025-11-28T14:52:36","slug":"6e-descobreix-la-barcelona-modernista","status":"publish","type":"post","link":"https:\/\/agora.xtec.cat\/ceip-agsantandreu\/general\/6e-descobreix-la-barcelona-modernista\/","title":{"rendered":"6\u00e8 descobreix &#8220;La Barcelona Modernista&#8221;"},"content":{"rendered":"<p data-start=\"137\" data-end=\"501\">Els alumnes de 6\u00e8 han gaudit d\u2019una sortida cultural a Barcelona per aprofundir en el Modernisme, un dels moviments art\u00edstics m\u00e9s emblem\u00e0tics de la nostra ciutat. Al llarg de la ruta, han pogut observar de prop alguns dels edificis modernistes m\u00e9s destacats, recon\u00e8ixer elements caracter\u00edstics d\u2019aquest estil i entendre millor el seu valor hist\u00f2ric i arquitect\u00f2nic.<\/p>\n<p data-start=\"503\" data-end=\"782\">Com a cloenda de la jornada, han visitat la <strong data-start=\"547\" data-end=\"566\">Sagrada Fam\u00edlia<\/strong>, una obra mestra \u00fanica que els ha deixat bocabadats. Aquesta experi\u00e8ncia els ha perm\u00e8s connectar l\u2019aprenentatge de l\u2019aula amb el patrimoni cultural que ens envolta i valorar la riquesa art\u00edstica de la nostra ciutat.<\/p>\n<p data-start=\"784\" data-end=\"850\">Ha estat una sortida plena de descobertes, curiositat i admiraci\u00f3!<\/p>\n<p data-start=\"784\" data-end=\"850\"><a href=\"https:\/\/photos.app.goo.gl\/JRv48Gokt31uMA29A\" target=\"_blank\" rel=\"noopener\"><img loading=\"lazy\" decoding=\"async\" class=\"aligncenter wp-image-9266 size-large\" src=\"https:\/\/agora.xtec.cat\/ceip-agsantandreu\/wp-content\/uploads\/usu37\/2025\/11\/WhatsApp-Image-2025-11-28-at-14.32.33-1-768x1024.jpeg\" alt=\"\" width=\"768\" height=\"1024\" srcset=\"https:\/\/agora.xtec.cat\/ceip-agsantandreu\/wp-content\/uploads\/usu37\/2025\/11\/WhatsApp-Image-2025-11-28-at-14.32.33-1-768x1024.jpeg 768w, https:\/\/agora.xtec.cat\/ceip-agsantandreu\/wp-content\/uploads\/usu37\/2025\/11\/WhatsApp-Image-2025-11-28-at-14.32.33-1-225x300.jpeg 225w, https:\/\/agora.xtec.cat\/ceip-agsantandreu\/wp-content\/uploads\/usu37\/2025\/11\/WhatsApp-Image-2025-11-28-at-14.32.33-1-1152x1536.jpeg 1152w, https:\/\/agora.xtec.cat\/ceip-agsantandreu\/wp-content\/uploads\/usu37\/2025\/11\/WhatsApp-Image-2025-11-28-at-14.32.33-1.jpeg 1536w\" sizes=\"auto, (max-width: 768px) 100vw, 768px\" \/><\/a><\/p>\n<p data-start=\"784\" data-end=\"850\"><a href=\"https:\/\/photos.app.goo.gl\/JRv48Gokt31uMA29A\" target=\"_blank\" rel=\"noopener\">Aqu\u00ed us deixem unes imatges de la sortida!<\/a><\/p>\n","protected":false},"excerpt":{"rendered":"<p>Els alumnes de 6\u00e8 han gaudit d\u2019una sortida cultural a Barcelona per aprofundir en el Modernisme, un dels moviments art\u00edstics m\u00e9s emblem\u00e0tics de la nostra ciutat. Al llarg de la ruta, han pogut observar de prop alguns dels edificis modernistes m\u00e9s destacats, recon\u00e8ixer elements caracter\u00edstics&hellip;  <a href=\"https:\/\/agora.xtec.cat\/ceip-agsantandreu\/general\/6e-descobreix-la-barcelona-modernista\/\" title=\"Read 6\u00e8 descobreix &#8220;La Barcelona Modernista&#8221;\">Llegeix m\u00e9s\u00bb<\/a><\/p>\n","protected":false},"author":1,"featured_media":0,"comment_status":"closed","ping_status":"closed","sticky":false,"template":"","format":"standard","meta":{"_bbp_topic_count":0,"_bbp_reply_count":0,"_bbp_total_topic_count":0,"_bbp_total_reply_count":0,"_bbp_voice_count":0,"_bbp_anonymous_reply_count":0,"_bbp_topic_count_hidden":0,"_bbp_reply_count_hidden":0,"_bbp_forum_subforum_count":0,"footnotes":""},"categories":[59,1,4],"tags":[],"class_list":["post-9265","post","type-post","status-publish","format-standard","hentry","category-grans","category-general","category-portada"],"post_mailing_queue_ids":[],"_links":{"self":[{"href":"https:\/\/agora.xtec.cat\/ceip-agsantandreu\/wp-json\/wp\/v2\/posts\/9265","targetHints":{"allow":["GET"]}}],"collection":[{"href":"https:\/\/agora.xtec.cat\/ceip-agsantandreu\/wp-json\/wp\/v2\/posts"}],"about":[{"href":"https:\/\/agora.xtec.cat\/ceip-agsantandreu\/wp-json\/wp\/v2\/types\/post"}],"author":[{"embeddable":true,"href":"https:\/\/agora.xtec.cat\/ceip-agsantandreu\/wp-json\/wp\/v2\/users\/1"}],"replies":[{"embeddable":true,"href":"https:\/\/agora.xtec.cat\/ceip-agsantandreu\/wp-json\/wp\/v2\/comments?post=9265"}],"version-history":[{"count":3,"href":"https:\/\/agora.xtec.cat\/ceip-agsantandreu\/wp-json\/wp\/v2\/posts\/9265\/revisions"}],"predecessor-version":[{"id":9269,"href":"https:\/\/agora.xtec.cat\/ceip-agsantandreu\/wp-json\/wp\/v2\/posts\/9265\/revisions\/9269"}],"wp:attachment":[{"href":"https:\/\/agora.xtec.cat\/ceip-agsantandreu\/wp-json\/wp\/v2\/media?parent=9265"}],"wp:term":[{"taxonomy":"category","embeddable":true,"href":"https:\/\/agora.xtec.cat\/ceip-agsantandreu\/wp-json\/wp\/v2\/categories?post=9265"},{"taxonomy":"post_tag","embeddable":true,"href":"https:\/\/agora.xtec.cat\/ceip-agsantandreu\/wp-json\/wp\/v2\/tags?post=9265"}],"curies":[{"name":"wp","href":"https:\/\/api.w.org\/{rel}","templated":true}]}}