{"id":9245,"date":"2025-11-21T17:33:48","date_gmt":"2025-11-21T16:33:48","guid":{"rendered":"https:\/\/agora.xtec.cat\/ceip-agsantandreu\/?p=9245"},"modified":"2025-11-21T17:33:48","modified_gmt":"2025-11-21T16:33:48","slug":"eleccions-al-consell-escolar","status":"publish","type":"post","link":"https:\/\/agora.xtec.cat\/ceip-agsantandreu\/general\/eleccions-al-consell-escolar\/","title":{"rendered":"Eleccions al Consell Escolar"},"content":{"rendered":"<p data-start=\"131\" data-end=\"480\">Despr\u00e9s de la jornada de votacions celebrada ahir durant el per\u00edode d\u2019eleccions d\u2019aquest curs 2024\/2025, ja tenim la nova composici\u00f3 del Consell Escolar. Agra\u00efm la participaci\u00f3 de totes les fam\u00edlies, docents i personal del centre que han contribu\u00eft a aquest proc\u00e9s democr\u00e0tic i essencial per al bon funcionament de la nostra comunitat educativa.<\/p>\n<p data-start=\"482\" data-end=\"769\">Donem la benvinguda als nous membres que s\u2019incorporen al Consell Escolar i agra\u00efm la dedicaci\u00f3 dels que finalitzen la seva etapa. Entre tots i totes continuarem treballant per construir una escola compromesa, participativa i centrada en el benestar i l\u2019aprenentatge dels nostres alumnes.<\/p>\n<p data-start=\"482\" data-end=\"769\"><a href=\"https:\/\/agora.xtec.cat\/ceip-agsantandreu\/wp-content\/uploads\/usu37\/2025\/11\/Text-Features-English-Poster-in-Colorful-Grid-Style.jpg\"><img loading=\"lazy\" decoding=\"async\" class=\"aligncenter size-large wp-image-9246\" src=\"https:\/\/agora.xtec.cat\/ceip-agsantandreu\/wp-content\/uploads\/usu37\/2025\/11\/Text-Features-English-Poster-in-Colorful-Grid-Style-724x1024.jpg\" alt=\"\" width=\"724\" height=\"1024\" srcset=\"https:\/\/agora.xtec.cat\/ceip-agsantandreu\/wp-content\/uploads\/usu37\/2025\/11\/Text-Features-English-Poster-in-Colorful-Grid-Style-724x1024.jpg 724w, https:\/\/agora.xtec.cat\/ceip-agsantandreu\/wp-content\/uploads\/usu37\/2025\/11\/Text-Features-English-Poster-in-Colorful-Grid-Style-212x300.jpg 212w, https:\/\/agora.xtec.cat\/ceip-agsantandreu\/wp-content\/uploads\/usu37\/2025\/11\/Text-Features-English-Poster-in-Colorful-Grid-Style-768x1086.jpg 768w, https:\/\/agora.xtec.cat\/ceip-agsantandreu\/wp-content\/uploads\/usu37\/2025\/11\/Text-Features-English-Poster-in-Colorful-Grid-Style-1086x1536.jpg 1086w, https:\/\/agora.xtec.cat\/ceip-agsantandreu\/wp-content\/uploads\/usu37\/2025\/11\/Text-Features-English-Poster-in-Colorful-Grid-Style.jpg 1414w\" sizes=\"auto, (max-width: 724px) 100vw, 724px\" \/><\/a><\/p>\n","protected":false},"excerpt":{"rendered":"<p>Despr\u00e9s de la jornada de votacions celebrada ahir durant el per\u00edode d\u2019eleccions d\u2019aquest curs 2024\/2025, ja tenim la nova composici\u00f3 del Consell Escolar. Agra\u00efm la participaci\u00f3 de totes les fam\u00edlies, docents i personal del centre que han contribu\u00eft a aquest proc\u00e9s democr\u00e0tic i essencial per&hellip;  <a href=\"https:\/\/agora.xtec.cat\/ceip-agsantandreu\/general\/eleccions-al-consell-escolar\/\" title=\"Read Eleccions al Consell Escolar\">Llegeix m\u00e9s\u00bb<\/a><\/p>\n","protected":false},"author":1,"featured_media":0,"comment_status":"closed","ping_status":"open","sticky":false,"template":"","format":"standard","meta":{"_bbp_topic_count":0,"_bbp_reply_count":0,"_bbp_total_topic_count":0,"_bbp_total_reply_count":0,"_bbp_voice_count":0,"_bbp_anonymous_reply_count":0,"_bbp_topic_count_hidden":0,"_bbp_reply_count_hidden":0,"_bbp_forum_subforum_count":0,"footnotes":""},"categories":[1,4],"tags":[],"class_list":["post-9245","post","type-post","status-publish","format-standard","hentry","category-general","category-portada"],"post_mailing_queue_ids":[],"_links":{"self":[{"href":"https:\/\/agora.xtec.cat\/ceip-agsantandreu\/wp-json\/wp\/v2\/posts\/9245","targetHints":{"allow":["GET"]}}],"collection":[{"href":"https:\/\/agora.xtec.cat\/ceip-agsantandreu\/wp-json\/wp\/v2\/posts"}],"about":[{"href":"https:\/\/agora.xtec.cat\/ceip-agsantandreu\/wp-json\/wp\/v2\/types\/post"}],"author":[{"embeddable":true,"href":"https:\/\/agora.xtec.cat\/ceip-agsantandreu\/wp-json\/wp\/v2\/users\/1"}],"replies":[{"embeddable":true,"href":"https:\/\/agora.xtec.cat\/ceip-agsantandreu\/wp-json\/wp\/v2\/comments?post=9245"}],"version-history":[{"count":1,"href":"https:\/\/agora.xtec.cat\/ceip-agsantandreu\/wp-json\/wp\/v2\/posts\/9245\/revisions"}],"predecessor-version":[{"id":9247,"href":"https:\/\/agora.xtec.cat\/ceip-agsantandreu\/wp-json\/wp\/v2\/posts\/9245\/revisions\/9247"}],"wp:attachment":[{"href":"https:\/\/agora.xtec.cat\/ceip-agsantandreu\/wp-json\/wp\/v2\/media?parent=9245"}],"wp:term":[{"taxonomy":"category","embeddable":true,"href":"https:\/\/agora.xtec.cat\/ceip-agsantandreu\/wp-json\/wp\/v2\/categories?post=9245"},{"taxonomy":"post_tag","embeddable":true,"href":"https:\/\/agora.xtec.cat\/ceip-agsantandreu\/wp-json\/wp\/v2\/tags?post=9245"}],"curies":[{"name":"wp","href":"https:\/\/api.w.org\/{rel}","templated":true}]}}