{"id":9236,"date":"2025-11-02T17:57:51","date_gmt":"2025-11-02T16:57:51","guid":{"rendered":"https:\/\/agora.xtec.cat\/ceip-agsantandreu\/?p=9236"},"modified":"2025-11-02T17:57:51","modified_gmt":"2025-11-02T16:57:51","slug":"castanyada-25-26-comunitat-de-petits","status":"publish","type":"post","link":"https:\/\/agora.xtec.cat\/ceip-agsantandreu\/general\/castanyada-25-26-comunitat-de-petits\/","title":{"rendered":"Castanyada 25-26 Comunitat de Petits"},"content":{"rendered":"<p>Hola fam\u00edlies!<\/p>\n<p>Aquest divendres hem celebrat la Castanyada amb molta il\u00b7lusi\u00f3!<br \/>\nAl mat\u00ed, els nens i nenes de la Comunitat dels Petits hem participat en diferents tallers creatius: hem pintant amb esp\u00e8cies, hem fet collarets amb pasta, una m\u00e0scara de castanya i un eri\u00e7\u00f3 amb pipes.<br \/>\nA la tarda, hem rebut la visita molt esperada del Castanyer i la Castanyera, que ens han portat castanyes ! Hem ballat les danses de la Castanyada i hem gaudit plegats d\u2019una jornada plena de m\u00fasica, alegria i tradici\u00f3.<br \/>\nUs deixem algunes <a href=\"https:\/\/photos.app.goo.gl\/8HzCKrVvYgDirvvX6\" target=\"_blank\" rel=\"noopener\">FOTOS<\/a> dels tallers i de la festa perqu\u00e8 pugueu veure com hem viscut aquest dia tan especial!<img loading=\"lazy\" decoding=\"async\" class=\"alignleft size-large wp-image-9237\" src=\"https:\/\/agora.xtec.cat\/ceip-agsantandreu\/wp-content\/uploads\/usu37\/2025\/11\/WhatsApp-Image-2025-11-02-at-10.49.03-4-1024x768.jpeg\" alt=\"\" width=\"1024\" height=\"768\" srcset=\"https:\/\/agora.xtec.cat\/ceip-agsantandreu\/wp-content\/uploads\/usu37\/2025\/11\/WhatsApp-Image-2025-11-02-at-10.49.03-4-1024x768.jpeg 1024w, https:\/\/agora.xtec.cat\/ceip-agsantandreu\/wp-content\/uploads\/usu37\/2025\/11\/WhatsApp-Image-2025-11-02-at-10.49.03-4-300x225.jpeg 300w, https:\/\/agora.xtec.cat\/ceip-agsantandreu\/wp-content\/uploads\/usu37\/2025\/11\/WhatsApp-Image-2025-11-02-at-10.49.03-4-768x576.jpeg 768w, https:\/\/agora.xtec.cat\/ceip-agsantandreu\/wp-content\/uploads\/usu37\/2025\/11\/WhatsApp-Image-2025-11-02-at-10.49.03-4-1536x1152.jpeg 1536w, https:\/\/agora.xtec.cat\/ceip-agsantandreu\/wp-content\/uploads\/usu37\/2025\/11\/WhatsApp-Image-2025-11-02-at-10.49.03-4-200x150.jpeg 200w, https:\/\/agora.xtec.cat\/ceip-agsantandreu\/wp-content\/uploads\/usu37\/2025\/11\/WhatsApp-Image-2025-11-02-at-10.49.03-4.jpeg 1600w\" sizes=\"auto, (max-width: 1024px) 100vw, 1024px\" \/><\/p>\n","protected":false},"excerpt":{"rendered":"<p>Hola fam\u00edlies!<br \/>\nAquest divendres hem celebrat la Castanyada amb molta il\u00b7lusi\u00f3!<br \/>\nAl mat\u00ed, els nens i nenes de la Comunitat dels Petits hem participat en diferents tallers creatius: hem pintant amb esp\u00e8cies, hem fet collarets amb pasta, una m\u00e0scara de castanya i un eri\u00e7\u00f3 amb pipes.<br \/>\nA la&hellip;  <a href=\"https:\/\/agora.xtec.cat\/ceip-agsantandreu\/general\/castanyada-25-26-comunitat-de-petits\/\" title=\"Read Castanyada 25-26 Comunitat de Petits\">Llegeix m\u00e9s\u00bb<\/a><\/p>\n","protected":false},"author":3,"featured_media":0,"comment_status":"closed","ping_status":"closed","sticky":false,"template":"","format":"standard","meta":{"_bbp_topic_count":0,"_bbp_reply_count":0,"_bbp_total_topic_count":0,"_bbp_total_reply_count":0,"_bbp_voice_count":0,"_bbp_anonymous_reply_count":0,"_bbp_topic_count_hidden":0,"_bbp_reply_count_hidden":0,"_bbp_forum_subforum_count":0,"footnotes":""},"categories":[2,1,4],"tags":[],"class_list":["post-9236","post","type-post","status-publish","format-standard","hentry","category-petits","category-general","category-portada"],"post_mailing_queue_ids":[],"_links":{"self":[{"href":"https:\/\/agora.xtec.cat\/ceip-agsantandreu\/wp-json\/wp\/v2\/posts\/9236","targetHints":{"allow":["GET"]}}],"collection":[{"href":"https:\/\/agora.xtec.cat\/ceip-agsantandreu\/wp-json\/wp\/v2\/posts"}],"about":[{"href":"https:\/\/agora.xtec.cat\/ceip-agsantandreu\/wp-json\/wp\/v2\/types\/post"}],"author":[{"embeddable":true,"href":"https:\/\/agora.xtec.cat\/ceip-agsantandreu\/wp-json\/wp\/v2\/users\/3"}],"replies":[{"embeddable":true,"href":"https:\/\/agora.xtec.cat\/ceip-agsantandreu\/wp-json\/wp\/v2\/comments?post=9236"}],"version-history":[{"count":1,"href":"https:\/\/agora.xtec.cat\/ceip-agsantandreu\/wp-json\/wp\/v2\/posts\/9236\/revisions"}],"predecessor-version":[{"id":9238,"href":"https:\/\/agora.xtec.cat\/ceip-agsantandreu\/wp-json\/wp\/v2\/posts\/9236\/revisions\/9238"}],"wp:attachment":[{"href":"https:\/\/agora.xtec.cat\/ceip-agsantandreu\/wp-json\/wp\/v2\/media?parent=9236"}],"wp:term":[{"taxonomy":"category","embeddable":true,"href":"https:\/\/agora.xtec.cat\/ceip-agsantandreu\/wp-json\/wp\/v2\/categories?post=9236"},{"taxonomy":"post_tag","embeddable":true,"href":"https:\/\/agora.xtec.cat\/ceip-agsantandreu\/wp-json\/wp\/v2\/tags?post=9236"}],"curies":[{"name":"wp","href":"https:\/\/api.w.org\/{rel}","templated":true}]}}