{"id":9233,"date":"2025-10-31T17:26:02","date_gmt":"2025-10-31T16:26:02","guid":{"rendered":"https:\/\/agora.xtec.cat\/ceip-agsantandreu\/?p=9233"},"modified":"2025-10-31T17:26:02","modified_gmt":"2025-10-31T16:26:02","slug":"la-castanyada-i-el-halloween-a-la-comunitat-de-grans","status":"publish","type":"post","link":"https:\/\/agora.xtec.cat\/ceip-agsantandreu\/general\/la-castanyada-i-el-halloween-a-la-comunitat-de-grans\/","title":{"rendered":"La Castanyada i el Halloween a la Comunitat de Grans!"},"content":{"rendered":"<p><a href=\"https:\/\/photos.app.goo.gl\/ThB4qzS9ZX8eu7cq9\" target=\"_blank\" rel=\"noopener\"><img loading=\"lazy\" decoding=\"async\" class=\"aligncenter wp-image-9234 size-large\" src=\"https:\/\/agora.xtec.cat\/ceip-agsantandreu\/wp-content\/uploads\/usu37\/2025\/10\/WhatsApp-Image-2025-10-31-at-16.01.18-1024x576.jpeg\" alt=\"\" width=\"1024\" height=\"576\" srcset=\"https:\/\/agora.xtec.cat\/ceip-agsantandreu\/wp-content\/uploads\/usu37\/2025\/10\/WhatsApp-Image-2025-10-31-at-16.01.18-1024x576.jpeg 1024w, https:\/\/agora.xtec.cat\/ceip-agsantandreu\/wp-content\/uploads\/usu37\/2025\/10\/WhatsApp-Image-2025-10-31-at-16.01.18-300x169.jpeg 300w, https:\/\/agora.xtec.cat\/ceip-agsantandreu\/wp-content\/uploads\/usu37\/2025\/10\/WhatsApp-Image-2025-10-31-at-16.01.18-768x432.jpeg 768w, https:\/\/agora.xtec.cat\/ceip-agsantandreu\/wp-content\/uploads\/usu37\/2025\/10\/WhatsApp-Image-2025-10-31-at-16.01.18-1536x864.jpeg 1536w, https:\/\/agora.xtec.cat\/ceip-agsantandreu\/wp-content\/uploads\/usu37\/2025\/10\/WhatsApp-Image-2025-10-31-at-16.01.18.jpeg 2048w\" sizes=\"auto, (max-width: 1024px) 100vw, 1024px\" \/><\/a><\/p>\n<p><a href=\"https:\/\/photos.app.goo.gl\/ThB4qzS9ZX8eu7cq9\" target=\"_blank\" rel=\"noopener\">Aqu\u00ed us deixem unes imatges de la jornada!<\/a><\/p>\n<p data-start=\"189\" data-end=\"361\">Els alumnes de la Comunitat de Grans han celebrat la Castanyada i Halloween d\u2019una manera ben especial: amb una gimcana plena de diversi\u00f3, reptes i aprenentatges!<\/p>\n<p data-start=\"363\" data-end=\"780\">Al llarg d&#8217;aquesta tarda, els nens i nenes de 4t, 5\u00e8 i 6\u00e8, organitzats en grups barrejats, han superat vuit proves tem\u00e0tiques relacionades amb la Tardor i el Halloween. Cada repte els ha perm\u00e8s treballar diferents compet\u00e8ncies clau, com ara el treball cooperatiu, la resoluci\u00f3 de problemes, la coordinaci\u00f3 i lateralitat f\u00edsica, la percepci\u00f3 visual\/espacial\u00a0i fins i tot el vocabulari en angl\u00e8s.<\/p>\n<p data-start=\"782\" data-end=\"960\">Ha estat una jornada molt participativa, din\u00e0mica i enriquidora, on tothom ha pogut gaudir d\u2019una experi\u00e8ncia d\u2019aprenentatge significativa, plena de riures i esperit festiu.<\/p>\n","protected":false},"excerpt":{"rendered":"<p><a href=\"https:\/\/photos.app.goo.gl\/ThB4qzS9ZX8eu7cq9\" target=\"_blank\" rel=\"noopener\"><\/a><br \/>\n<a href=\"https:\/\/photos.app.goo.gl\/ThB4qzS9ZX8eu7cq9\" target=\"_blank\" rel=\"noopener\">Aqu\u00ed us deixem unes imatges de la jornada!<\/a><br \/>\nEls alumnes de la Comunitat de Grans han celebrat la Castanyada i Halloween d\u2019una manera ben especial: amb una gimcana plena de diversi\u00f3, reptes i aprenentatges!<br \/>\nAl llarg d&#8217;aquesta tarda, els nens i&hellip;  <a href=\"https:\/\/agora.xtec.cat\/ceip-agsantandreu\/general\/la-castanyada-i-el-halloween-a-la-comunitat-de-grans\/\" title=\"Read La Castanyada i el Halloween a la Comunitat de Grans!\">Llegeix m\u00e9s\u00bb<\/a><\/p>\n","protected":false},"author":1,"featured_media":0,"comment_status":"closed","ping_status":"closed","sticky":false,"template":"","format":"standard","meta":{"_bbp_topic_count":0,"_bbp_reply_count":0,"_bbp_total_topic_count":0,"_bbp_total_reply_count":0,"_bbp_voice_count":0,"_bbp_anonymous_reply_count":0,"_bbp_topic_count_hidden":0,"_bbp_reply_count_hidden":0,"_bbp_forum_subforum_count":0,"footnotes":""},"categories":[59,1,4],"tags":[],"class_list":["post-9233","post","type-post","status-publish","format-standard","hentry","category-grans","category-general","category-portada"],"post_mailing_queue_ids":[],"_links":{"self":[{"href":"https:\/\/agora.xtec.cat\/ceip-agsantandreu\/wp-json\/wp\/v2\/posts\/9233","targetHints":{"allow":["GET"]}}],"collection":[{"href":"https:\/\/agora.xtec.cat\/ceip-agsantandreu\/wp-json\/wp\/v2\/posts"}],"about":[{"href":"https:\/\/agora.xtec.cat\/ceip-agsantandreu\/wp-json\/wp\/v2\/types\/post"}],"author":[{"embeddable":true,"href":"https:\/\/agora.xtec.cat\/ceip-agsantandreu\/wp-json\/wp\/v2\/users\/1"}],"replies":[{"embeddable":true,"href":"https:\/\/agora.xtec.cat\/ceip-agsantandreu\/wp-json\/wp\/v2\/comments?post=9233"}],"version-history":[{"count":1,"href":"https:\/\/agora.xtec.cat\/ceip-agsantandreu\/wp-json\/wp\/v2\/posts\/9233\/revisions"}],"predecessor-version":[{"id":9235,"href":"https:\/\/agora.xtec.cat\/ceip-agsantandreu\/wp-json\/wp\/v2\/posts\/9233\/revisions\/9235"}],"wp:attachment":[{"href":"https:\/\/agora.xtec.cat\/ceip-agsantandreu\/wp-json\/wp\/v2\/media?parent=9233"}],"wp:term":[{"taxonomy":"category","embeddable":true,"href":"https:\/\/agora.xtec.cat\/ceip-agsantandreu\/wp-json\/wp\/v2\/categories?post=9233"},{"taxonomy":"post_tag","embeddable":true,"href":"https:\/\/agora.xtec.cat\/ceip-agsantandreu\/wp-json\/wp\/v2\/tags?post=9233"}],"curies":[{"name":"wp","href":"https:\/\/api.w.org\/{rel}","templated":true}]}}