{"id":9228,"date":"2025-10-31T16:40:22","date_gmt":"2025-10-31T15:40:22","guid":{"rendered":"https:\/\/agora.xtec.cat\/ceip-agsantandreu\/?p=9228"},"modified":"2025-10-31T16:42:35","modified_gmt":"2025-10-31T15:42:35","slug":"castanyada-2025-comunitat-de-mitjans","status":"publish","type":"post","link":"https:\/\/agora.xtec.cat\/ceip-agsantandreu\/general\/castanyada-2025-comunitat-de-mitjans\/","title":{"rendered":"Castanyada 2025 Comunitat de mitjans"},"content":{"rendered":"<p>Avui ,31 d&#8217;octubre, la Comunitat de Mitjans ha rebut la visita de la Castanyera i el Castanyer. Per agrair la seva visita i que tamb\u00e9 ens han portat castanyes, els de 1r i 2n hem ballat unes danses que hem preparat amb la M. Eug\u00e8nia i els de 3r hem cantat una can\u00e7\u00f3 acompanyats de la guitarra.<\/p>\n<p><span style=\"font-family: inherit;font-size: 1em\">Feli\u00e7 castanyada a tothom!!! CLIQUEU A SOBRE DE LA FOTOGRAFIA<\/span><\/p>\n<p><a href=\"https:\/\/photos.app.goo.gl\/kkaKiAJFAHJVAp9h9\"><br \/>\n<img loading=\"lazy\" decoding=\"async\" class=\"wp-image-9229 aligncenter\" src=\"https:\/\/agora.xtec.cat\/ceip-agsantandreu\/wp-content\/uploads\/usu37\/2025\/10\/WhatsApp-Image-2025-10-31-at-16.23.29-1024x576.jpeg\" alt=\"\" width=\"325\" height=\"183\" srcset=\"https:\/\/agora.xtec.cat\/ceip-agsantandreu\/wp-content\/uploads\/usu37\/2025\/10\/WhatsApp-Image-2025-10-31-at-16.23.29-1024x576.jpeg 1024w, https:\/\/agora.xtec.cat\/ceip-agsantandreu\/wp-content\/uploads\/usu37\/2025\/10\/WhatsApp-Image-2025-10-31-at-16.23.29-300x169.jpeg 300w, https:\/\/agora.xtec.cat\/ceip-agsantandreu\/wp-content\/uploads\/usu37\/2025\/10\/WhatsApp-Image-2025-10-31-at-16.23.29-768x432.jpeg 768w, https:\/\/agora.xtec.cat\/ceip-agsantandreu\/wp-content\/uploads\/usu37\/2025\/10\/WhatsApp-Image-2025-10-31-at-16.23.29-1536x864.jpeg 1536w, https:\/\/agora.xtec.cat\/ceip-agsantandreu\/wp-content\/uploads\/usu37\/2025\/10\/WhatsApp-Image-2025-10-31-at-16.23.29.jpeg 1600w\" sizes=\"auto, (max-width: 325px) 100vw, 325px\" \/><\/a><\/p>\n","protected":false},"excerpt":{"rendered":"<p>Avui ,31 d&#8217;octubre, la Comunitat de Mitjans ha rebut la visita de la Castanyera i el Castanyer. Per agrair la seva visita i que tamb\u00e9 ens han portat castanyes, els de 1r i 2n hem ballat unes danses que hem preparat amb la M. Eug\u00e8nia&hellip;  <a href=\"https:\/\/agora.xtec.cat\/ceip-agsantandreu\/general\/castanyada-2025-comunitat-de-mitjans\/\" title=\"Read Castanyada 2025 Comunitat de mitjans\">Llegeix m\u00e9s\u00bb<\/a><\/p>\n","protected":false},"author":3,"featured_media":0,"comment_status":"closed","ping_status":"closed","sticky":false,"template":"","format":"standard","meta":{"_bbp_topic_count":0,"_bbp_reply_count":0,"_bbp_total_topic_count":0,"_bbp_total_reply_count":0,"_bbp_voice_count":0,"_bbp_anonymous_reply_count":0,"_bbp_topic_count_hidden":0,"_bbp_reply_count_hidden":0,"_bbp_forum_subforum_count":0,"footnotes":""},"categories":[5,1,4],"tags":[],"class_list":["post-9228","post","type-post","status-publish","format-standard","hentry","category-mitjans","category-general","category-portada"],"post_mailing_queue_ids":[],"_links":{"self":[{"href":"https:\/\/agora.xtec.cat\/ceip-agsantandreu\/wp-json\/wp\/v2\/posts\/9228","targetHints":{"allow":["GET"]}}],"collection":[{"href":"https:\/\/agora.xtec.cat\/ceip-agsantandreu\/wp-json\/wp\/v2\/posts"}],"about":[{"href":"https:\/\/agora.xtec.cat\/ceip-agsantandreu\/wp-json\/wp\/v2\/types\/post"}],"author":[{"embeddable":true,"href":"https:\/\/agora.xtec.cat\/ceip-agsantandreu\/wp-json\/wp\/v2\/users\/3"}],"replies":[{"embeddable":true,"href":"https:\/\/agora.xtec.cat\/ceip-agsantandreu\/wp-json\/wp\/v2\/comments?post=9228"}],"version-history":[{"count":3,"href":"https:\/\/agora.xtec.cat\/ceip-agsantandreu\/wp-json\/wp\/v2\/posts\/9228\/revisions"}],"predecessor-version":[{"id":9232,"href":"https:\/\/agora.xtec.cat\/ceip-agsantandreu\/wp-json\/wp\/v2\/posts\/9228\/revisions\/9232"}],"wp:attachment":[{"href":"https:\/\/agora.xtec.cat\/ceip-agsantandreu\/wp-json\/wp\/v2\/media?parent=9228"}],"wp:term":[{"taxonomy":"category","embeddable":true,"href":"https:\/\/agora.xtec.cat\/ceip-agsantandreu\/wp-json\/wp\/v2\/categories?post=9228"},{"taxonomy":"post_tag","embeddable":true,"href":"https:\/\/agora.xtec.cat\/ceip-agsantandreu\/wp-json\/wp\/v2\/tags?post=9228"}],"curies":[{"name":"wp","href":"https:\/\/api.w.org\/{rel}","templated":true}]}}