{"id":9222,"date":"2025-10-30T16:02:20","date_gmt":"2025-10-30T15:02:20","guid":{"rendered":"https:\/\/agora.xtec.cat\/ceip-agsantandreu\/?p=9222"},"modified":"2025-10-30T16:02:20","modified_gmt":"2025-10-30T15:02:20","slug":"halloween-models-6th","status":"publish","type":"post","link":"https:\/\/agora.xtec.cat\/ceip-agsantandreu\/general\/halloween-models-6th\/","title":{"rendered":"Halloween models 6th!"},"content":{"rendered":"<p>L&#8217;alumnat de 6\u00e8 ha elaborat unes maquetes terror\u00edfiques per celebrar el dia de Halloween des de l&#8217;\u00e0rea d&#8217;angl\u00e8s.<\/p>\n<p>Les maquetes fan una por tremenda!<\/p>\n<p><a href=\"https:\/\/photos.app.goo.gl\/SrrDXekxCJqD1ayy5\" target=\"_blank\" rel=\"noopener\">Aqu\u00ed us deixem unes imatges de les maquetes de Halloween!<\/a><\/p>\n<p><a href=\"https:\/\/photos.app.goo.gl\/SrrDXekxCJqD1ayy5\" target=\"_blank\" rel=\"noopener\"><img loading=\"lazy\" decoding=\"async\" class=\"aligncenter wp-image-9223 size-large\" src=\"https:\/\/agora.xtec.cat\/ceip-agsantandreu\/wp-content\/uploads\/usu37\/2025\/10\/WhatsApp-Image-2025-10-30-at-15.32.23-1024x576.jpeg\" alt=\"\" width=\"1024\" height=\"576\" srcset=\"https:\/\/agora.xtec.cat\/ceip-agsantandreu\/wp-content\/uploads\/usu37\/2025\/10\/WhatsApp-Image-2025-10-30-at-15.32.23-1024x576.jpeg 1024w, https:\/\/agora.xtec.cat\/ceip-agsantandreu\/wp-content\/uploads\/usu37\/2025\/10\/WhatsApp-Image-2025-10-30-at-15.32.23-300x169.jpeg 300w, https:\/\/agora.xtec.cat\/ceip-agsantandreu\/wp-content\/uploads\/usu37\/2025\/10\/WhatsApp-Image-2025-10-30-at-15.32.23-768x432.jpeg 768w, https:\/\/agora.xtec.cat\/ceip-agsantandreu\/wp-content\/uploads\/usu37\/2025\/10\/WhatsApp-Image-2025-10-30-at-15.32.23-1536x864.jpeg 1536w, https:\/\/agora.xtec.cat\/ceip-agsantandreu\/wp-content\/uploads\/usu37\/2025\/10\/WhatsApp-Image-2025-10-30-at-15.32.23.jpeg 2048w\" sizes=\"auto, (max-width: 1024px) 100vw, 1024px\" \/><\/a><\/p>\n","protected":false},"excerpt":{"rendered":"<p>L&#8217;alumnat de 6\u00e8 ha elaborat unes maquetes terror\u00edfiques per celebrar el dia de Halloween des de l&#8217;\u00e0rea d&#8217;angl\u00e8s.<br \/>\nLes maquetes fan una por tremenda!<br \/>\n<a href=\"https:\/\/photos.app.goo.gl\/SrrDXekxCJqD1ayy5\" target=\"_blank\" rel=\"noopener\">Aqu\u00ed us deixem unes imatges de les maquetes de Halloween!<\/a><br \/>\n<a href=\"https:\/\/photos.app.goo.gl\/SrrDXekxCJqD1ayy5\" target=\"_blank\" rel=\"noopener\"><\/a><\/p>\n","protected":false},"author":1,"featured_media":0,"comment_status":"open","ping_status":"open","sticky":false,"template":"","format":"standard","meta":{"_bbp_topic_count":0,"_bbp_reply_count":0,"_bbp_total_topic_count":0,"_bbp_total_reply_count":0,"_bbp_voice_count":0,"_bbp_anonymous_reply_count":0,"_bbp_topic_count_hidden":0,"_bbp_reply_count_hidden":0,"_bbp_forum_subforum_count":0,"footnotes":""},"categories":[59,1,4],"tags":[],"class_list":["post-9222","post","type-post","status-publish","format-standard","hentry","category-grans","category-general","category-portada"],"post_mailing_queue_ids":[],"_links":{"self":[{"href":"https:\/\/agora.xtec.cat\/ceip-agsantandreu\/wp-json\/wp\/v2\/posts\/9222","targetHints":{"allow":["GET"]}}],"collection":[{"href":"https:\/\/agora.xtec.cat\/ceip-agsantandreu\/wp-json\/wp\/v2\/posts"}],"about":[{"href":"https:\/\/agora.xtec.cat\/ceip-agsantandreu\/wp-json\/wp\/v2\/types\/post"}],"author":[{"embeddable":true,"href":"https:\/\/agora.xtec.cat\/ceip-agsantandreu\/wp-json\/wp\/v2\/users\/1"}],"replies":[{"embeddable":true,"href":"https:\/\/agora.xtec.cat\/ceip-agsantandreu\/wp-json\/wp\/v2\/comments?post=9222"}],"version-history":[{"count":1,"href":"https:\/\/agora.xtec.cat\/ceip-agsantandreu\/wp-json\/wp\/v2\/posts\/9222\/revisions"}],"predecessor-version":[{"id":9224,"href":"https:\/\/agora.xtec.cat\/ceip-agsantandreu\/wp-json\/wp\/v2\/posts\/9222\/revisions\/9224"}],"wp:attachment":[{"href":"https:\/\/agora.xtec.cat\/ceip-agsantandreu\/wp-json\/wp\/v2\/media?parent=9222"}],"wp:term":[{"taxonomy":"category","embeddable":true,"href":"https:\/\/agora.xtec.cat\/ceip-agsantandreu\/wp-json\/wp\/v2\/categories?post=9222"},{"taxonomy":"post_tag","embeddable":true,"href":"https:\/\/agora.xtec.cat\/ceip-agsantandreu\/wp-json\/wp\/v2\/tags?post=9222"}],"curies":[{"name":"wp","href":"https:\/\/api.w.org\/{rel}","templated":true}]}}