{"id":9195,"date":"2025-10-27T09:09:23","date_gmt":"2025-10-27T08:09:23","guid":{"rendered":"https:\/\/agora.xtec.cat\/ceip-agsantandreu\/?p=9195"},"modified":"2025-10-28T18:19:59","modified_gmt":"2025-10-28T17:19:59","slug":"eleccions-consell-escolar-curs-25-26","status":"publish","type":"post","link":"https:\/\/agora.xtec.cat\/ceip-agsantandreu\/general\/eleccions-consell-escolar-curs-25-26\/","title":{"rendered":"ELECCIONS CONSELL ESCOLAR CURS 25\/26"},"content":{"rendered":"<p><a href=\"https:\/\/educacio.gencat.cat\/ca\/arees-actuacio\/centres-serveis-educatius\/centres\/consells-escolars-centres\/\" target=\"_blank\" rel=\"noopener\"><img loading=\"lazy\" decoding=\"async\" class=\"alignleft wp-image-9196\" src=\"https:\/\/agora.xtec.cat\/ceip-agsantandreu\/wp-content\/uploads\/usu37\/2025\/10\/04.-Campanya-Eleccions-escolars-1.jpg\" alt=\"\" width=\"405\" height=\"600\" srcset=\"https:\/\/agora.xtec.cat\/ceip-agsantandreu\/wp-content\/uploads\/usu37\/2025\/10\/04.-Campanya-Eleccions-escolars-1.jpg 689w, https:\/\/agora.xtec.cat\/ceip-agsantandreu\/wp-content\/uploads\/usu37\/2025\/10\/04.-Campanya-Eleccions-escolars-1-203x300.jpg 203w\" sizes=\"auto, (max-width: 405px) 100vw, 405px\" \/><\/a>Benvolgudes fam\u00edlies!<\/p>\n<p>Avui dia 27 d&#8217;octubre, comen\u00e7a el procediment de la convocat\u00f2ria d&#8217;eleccions al Consell Escolar d&#8217;aquets curs 25\/26.<\/p>\n<p>Us fem coneixedors de les dates principals del procediment i de la documentaci\u00f3 necess\u00e0ria:<\/p>\n<ul>\n<li><a href=\"https:\/\/dogc.gencat.cat\/ca\/document-del-dogc\/?documentId=1019019\" target=\"_blank\" rel=\"noopener\">Resoluci\u00f3 de la convocat\u00f2ria d&#8217;eleccions al Consell Escolar.<\/a><\/li>\n<li>Sorteig on s&#8217;assignaran les fam\u00edlies que conformaran la Mesa de votacions: 4 de novembre<\/li>\n<li><a href=\"http:\/\/chrome-extension:\/\/efaidnbmnnnibpcajpcglclefindmkaj\/https:\/\/documents.espai.educacio.gencat.cat\/FormularisModels\/EleccionsConsellEscolar\/A634.pdf\" target=\"_blank\" rel=\"noopener\">Document per presentar una candidatura, juntament amb una fotografia de carnet (abans del 10 de novembre).<\/a><\/li>\n<li>Votacions per a les fam\u00edlies: 20 de novembre &#8211; Horari: 9.00 a 12.30h i de 15.00 a 16.45h<\/li>\n<li>Presentaci\u00f3 del nou Consell Escolar i finalitzaci\u00f3 del procediment: abans del 17 de desembre.<\/li>\n<\/ul>\n<p>Tota la informaci\u00f3 tamb\u00e9 la trobareu penjada al tauler d&#8217;anuncis del vest\u00edbul de l&#8217;escola.<\/p>\n<p>Animeu-vos a participar!<\/p>\n","protected":false},"excerpt":{"rendered":"<p><a href=\"https:\/\/educacio.gencat.cat\/ca\/arees-actuacio\/centres-serveis-educatius\/centres\/consells-escolars-centres\/\" target=\"_blank\" rel=\"noopener\"><\/a>Benvolgudes fam\u00edlies!<br \/>\nAvui dia 27 d&#8217;octubre, comen\u00e7a el procediment de la convocat\u00f2ria d&#8217;eleccions al Consell Escolar d&#8217;aquets curs 25\/26.<br \/>\nUs fem coneixedors de les dates principals del procediment i de la documentaci\u00f3 necess\u00e0ria:<\/p>\n<ul>\n<li><a href=\"https:\/\/dogc.gencat.cat\/ca\/document-del-dogc\/?documentId=1019019\" target=\"_blank\" rel=\"noopener\">Resoluci\u00f3 de la convocat\u00f2ria d&#8217;eleccions al Consell Escolar.<\/a><\/li>\n<li>Sorteig on&hellip;  <a href=\"https:\/\/agora.xtec.cat\/ceip-agsantandreu\/general\/eleccions-consell-escolar-curs-25-26\/\" title=\"Read ELECCIONS CONSELL ESCOLAR CURS 25\/26\">Llegeix m\u00e9s\u00bb<\/a><br \/>\n","protected":false},"author":1,"featured_media":0,"comment_status":"closed","ping_status":"closed","sticky":false,"template":"","format":"standard","meta":{"_bbp_topic_count":0,"_bbp_reply_count":0,"_bbp_total_topic_count":0,"_bbp_total_reply_count":0,"_bbp_voice_count":0,"_bbp_anonymous_reply_count":0,"_bbp_topic_count_hidden":0,"_bbp_reply_count_hidden":0,"_bbp_forum_subforum_count":0,"footnotes":""},"categories":[1,4],"tags":[],"class_list":["post-9195","post","type-post","status-publish","format-standard","hentry","category-general","category-portada"],"post_mailing_queue_ids":[],"_links":{"self":[{"href":"https:\/\/agora.xtec.cat\/ceip-agsantandreu\/wp-json\/wp\/v2\/posts\/9195","targetHints":{"allow":["GET"]}}],"collection":[{"href":"https:\/\/agora.xtec.cat\/ceip-agsantandreu\/wp-json\/wp\/v2\/posts"}],"about":[{"href":"https:\/\/agora.xtec.cat\/ceip-agsantandreu\/wp-json\/wp\/v2\/types\/post"}],"author":[{"embeddable":true,"href":"https:\/\/agora.xtec.cat\/ceip-agsantandreu\/wp-json\/wp\/v2\/users\/1"}],"replies":[{"embeddable":true,"href":"https:\/\/agora.xtec.cat\/ceip-agsantandreu\/wp-json\/wp\/v2\/comments?post=9195"}],"version-history":[{"count":4,"href":"https:\/\/agora.xtec.cat\/ceip-agsantandreu\/wp-json\/wp\/v2\/posts\/9195\/revisions"}],"predecessor-version":[{"id":9217,"href":"https:\/\/agora.xtec.cat\/ceip-agsantandreu\/wp-json\/wp\/v2\/posts\/9195\/revisions\/9217"}],"wp:attachment":[{"href":"https:\/\/agora.xtec.cat\/ceip-agsantandreu\/wp-json\/wp\/v2\/media?parent=9195"}],"wp:term":[{"taxonomy":"category","embeddable":true,"href":"https:\/\/agora.xtec.cat\/ceip-agsantandreu\/wp-json\/wp\/v2\/categories?post=9195"},{"taxonomy":"post_tag","embeddable":true,"href":"https:\/\/agora.xtec.cat\/ceip-agsantandreu\/wp-json\/wp\/v2\/tags?post=9195"}],"curies":[{"name":"wp","href":"https:\/\/api.w.org\/{rel}","templated":true}]}}